{"id":4753,"date":"2023-06-09T07:30:32","date_gmt":"2023-06-09T07:30:32","guid":{"rendered":"https:\/\/marcali.plebania.hu\/?p=4753"},"modified":"2023-06-09T07:30:32","modified_gmt":"2023-06-09T07:30:32","slug":"hirdetesek-2023-06-11","status":"publish","type":"post","link":"https:\/\/marcali.plebania.hu\/?p=4753","title":{"rendered":"Hirdet\u00e9sek, 2023. 06. 11."},"content":{"rendered":"\n<ol class=\"wp-block-list\"><li>Ma\n\u00darnapja van, az Olt\u00e1riszents\u00e9g \u00fcnnepe. Megk\u00f6sz\u00f6nj\u00fck mindazok seg\u00edts\u00e9g\u00e9t, akik az\nel\u0151k\u00e9sz\u00fcletekben seg\u00edtettek.<\/li><li>A\npl\u00e9b\u00e1nos megk\u00f6sz\u00f6ni a h\u00edveknek a sok-sok im\u00e1t, \u00e9s azt k\u00e9ri, hogy a tov\u00e1bbi\nfel\u00e9p\u00fcl\u00e9s\u00e9\u00e9rt is im\u00e1dkozzanak \u00e9rte!<\/li><li>H\u00e9tf\u0151n,\n17 \u00f3rakor az X-h\u00e1zban a hitoktat\u00f3k sz\u00fcl\u0151i \u00e9rtekezletet tartanak a hittanos\nt\u00e1borban r\u00e9sztvev\u0151 gyermekek sz\u00fcleinek, ahol sz\u00f3 lesz a programokr\u00f3l, valamint\nekkor kell befizetni a t\u00e1bor k\u00f6lts\u00e9geit. A ny\u00e1ri napk\u00f6zis hittanos t\u00e1bor j\u00falius\n3-7. k\u00f6z\u00f6tt lesz 1-6. oszt\u00e1lyos gyermekeknek megtartva az X-h\u00e1zban.<\/li><li>Kedden,\n13-\u00e1n 17 \u00f3rakor fatimai ima\u00f3r\u00e1t tartunk, 18 \u00f3rakor szentmise a\npl\u00e9b\u00e1niatemplomban.<\/li><li>P\u00e9nteken\n17.30-t\u00f3l szents\u00e9gim\u00e1d\u00e1s, majd 18 \u00f3rakor szentmise a pl\u00e9b\u00e1niatemplomban J\u00e9zus\nSzent Sz\u00edv\u00e9nek az \u00fcnnep\u00e9n.<\/li><li>Minden\nh\u00f3nap els\u0151 szombatj\u00e1n 17 \u00f3rakor ima\u00f3r\u00e1t tartunk, majd 18 \u00f3rakor szentmise a pl\u00e9b\u00e1niatemplomban.<\/li><\/ol>\n","protected":false},"excerpt":{"rendered":"<p>Ma \u00darnapja van, az Olt\u00e1riszents\u00e9g \u00fcnnepe. Megk\u00f6sz\u00f6nj\u00fck mindazok seg\u00edts\u00e9g\u00e9t, akik az el\u0151k\u00e9sz\u00fcletekben seg\u00edtettek. A pl\u00e9b\u00e1nos megk\u00f6sz\u00f6ni a h\u00edveknek a sok-sok im\u00e1t, \u00e9s azt k\u00e9ri, hogy a tov\u00e1bbi fel\u00e9p\u00fcl\u00e9s\u00e9\u00e9rt is im\u00e1dkozzanak \u00e9rte! H\u00e9tf\u0151n, 17 \u00f3rakor az X-h\u00e1zban a hitoktat\u00f3k sz\u00fcl\u0151i \u00e9rtekezletet tartanak a hittanos t\u00e1borban r\u00e9sztvev\u0151 gyermekek sz\u00fcleinek, ahol sz\u00f3 lesz a programokr\u00f3l, valamint ekkor kell befizetni a t\u00e1bor k\u00f6lts\u00e9geit. A ny\u00e1ri napk\u00f6zis hittanos t\u00e1bor j\u00falius 3-7. k\u00f6z\u00f6tt lesz 1-6. oszt\u00e1lyos gyermekeknek megtartva az X-h\u00e1zban. Kedden, 13-\u00e1n 17 \u00f3rakor fatimai ima\u00f3r\u00e1t&#8230;<\/p>\n<p class=\"read-more\"><a class=\"btn btn-default\" href=\"https:\/\/marcali.plebania.hu\/?p=4753\"> Read More<span class=\"screen-reader-text\">  Read More<\/span><\/a><\/p>\n","protected":false},"author":2,"featured_media":0,"comment_status":"closed","ping_status":"open","sticky":false,"template":"","format":"standard","meta":{"footnotes":""},"categories":[1],"tags":[],"class_list":["post-4753","post","type-post","status-publish","format-standard","hentry","category-egyeb"],"_links":{"self":[{"href":"https:\/\/marcali.plebania.hu\/index.php?rest_route=\/wp\/v2\/posts\/4753","targetHints":{"allow":["GET"]}}],"collection":[{"href":"https:\/\/marcali.plebania.hu\/index.php?rest_route=\/wp\/v2\/posts"}],"about":[{"href":"https:\/\/marcali.plebania.hu\/index.php?rest_route=\/wp\/v2\/types\/post"}],"author":[{"embeddable":true,"href":"https:\/\/marcali.plebania.hu\/index.php?rest_route=\/wp\/v2\/users\/2"}],"replies":[{"embeddable":true,"href":"https:\/\/marcali.plebania.hu\/index.php?rest_route=%2Fwp%2Fv2%2Fcomments&post=4753"}],"version-history":[{"count":1,"href":"https:\/\/marcali.plebania.hu\/index.php?rest_route=\/wp\/v2\/posts\/4753\/revisions"}],"predecessor-version":[{"id":4754,"href":"https:\/\/marcali.plebania.hu\/index.php?rest_route=\/wp\/v2\/posts\/4753\/revisions\/4754"}],"wp:attachment":[{"href":"https:\/\/marcali.plebania.hu\/index.php?rest_route=%2Fwp%2Fv2%2Fmedia&parent=4753"}],"wp:term":[{"taxonomy":"category","embeddable":true,"href":"https:\/\/marcali.plebania.hu\/index.php?rest_route=%2Fwp%2Fv2%2Fcategories&post=4753"},{"taxonomy":"post_tag","embeddable":true,"href":"https:\/\/marcali.plebania.hu\/index.php?rest_route=%2Fwp%2Fv2%2Ftags&post=4753"}],"curies":[{"name":"wp","href":"https:\/\/api.w.org\/{rel}","templated":true}]}}