{"id":4755,"date":"2023-06-13T13:04:17","date_gmt":"2023-06-13T13:04:17","guid":{"rendered":"https:\/\/marcali.plebania.hu\/?p=4755"},"modified":"2023-06-13T13:04:17","modified_gmt":"2023-06-13T13:04:17","slug":"2023-urnapja-az-oltariszentseg-unnepe-a-varosban","status":"publish","type":"post","link":"https:\/\/marcali.plebania.hu\/?p=4755","title":{"rendered":"2023. \u00darnapja, az Olt\u00e1riszents\u00e9g \u00fcnnepe a v\u00e1rosban"},"content":{"rendered":"\n<p>2023. j\u00fanius 11-\u00e9n, vas\u00e1rnap 9 \u00f3rakor tartott\u00e1k az idei \u00farnapi szentmis\u00e9t \u00e9s a k\u00f6rmenetet a Gy\u00fcm\u00f6lcsolt\u00f3 Boldogasszony Pl\u00e9b\u00e1niatemplomban, a Boldog II. J\u00e1nos P\u00e1l p\u00e1pa, valamint a H\u0151s\u00f6k ter\u00e9n.<\/p>\n\n\n\n<figure class=\"wp-block-gallery columns-3 is-cropped wp-block-gallery-1 is-layout-flex wp-block-gallery-is-layout-flex\"><ul class=\"blocks-gallery-grid\"><li class=\"blocks-gallery-item\"><figure><img loading=\"lazy\" decoding=\"async\" width=\"683\" height=\"1024\" src=\"https:\/\/marcali.plebania.hu\/wp-content\/uploads\/2023\/06\/01-1-683x1024.jpg\" alt=\"\" data-id=\"4756\" data-full-url=\"https:\/\/marcali.plebania.hu\/wp-content\/uploads\/2023\/06\/01-1-scaled.jpg\" data-link=\"https:\/\/marcali.plebania.hu\/?attachment_id=4756\" class=\"wp-image-4756\" srcset=\"https:\/\/marcali.plebania.hu\/wp-content\/uploads\/2023\/06\/01-1-683x1024.jpg 683w, https:\/\/marcali.plebania.hu\/wp-content\/uploads\/2023\/06\/01-1-200x300.jpg 200w, https:\/\/marcali.plebania.hu\/wp-content\/uploads\/2023\/06\/01-1-768x1152.jpg 768w, https:\/\/marcali.plebania.hu\/wp-content\/uploads\/2023\/06\/01-1-1024x1536.jpg 1024w, https:\/\/marcali.plebania.hu\/wp-content\/uploads\/2023\/06\/01-1-1365x2048.jpg 1365w, https:\/\/marcali.plebania.hu\/wp-content\/uploads\/2023\/06\/01-1-180x270.jpg 180w, https:\/\/marcali.plebania.hu\/wp-content\/uploads\/2023\/06\/01-1-scaled.jpg 1707w\" sizes=\"auto, (max-width: 683px) 100vw, 683px\" \/><\/figure><\/li><li class=\"blocks-gallery-item\"><figure><img loading=\"lazy\" decoding=\"async\" width=\"683\" height=\"1024\" src=\"https:\/\/marcali.plebania.hu\/wp-content\/uploads\/2023\/06\/02-1-683x1024.jpg\" alt=\"\" data-id=\"4757\" data-full-url=\"https:\/\/marcali.plebania.hu\/wp-content\/uploads\/2023\/06\/02-1-scaled.jpg\" data-link=\"https:\/\/marcali.plebania.hu\/?attachment_id=4757\" class=\"wp-image-4757\" srcset=\"https:\/\/marcali.plebania.hu\/wp-content\/uploads\/2023\/06\/02-1-683x1024.jpg 683w, https:\/\/marcali.plebania.hu\/wp-content\/uploads\/2023\/06\/02-1-200x300.jpg 200w, https:\/\/marcali.plebania.hu\/wp-content\/uploads\/2023\/06\/02-1-768x1152.jpg 768w, https:\/\/marcali.plebania.hu\/wp-content\/uploads\/2023\/06\/02-1-1024x1536.jpg 1024w, https:\/\/marcali.plebania.hu\/wp-content\/uploads\/2023\/06\/02-1-1365x2048.jpg 1365w, https:\/\/marcali.plebania.hu\/wp-content\/uploads\/2023\/06\/02-1-180x270.jpg 180w, https:\/\/marcali.plebania.hu\/wp-content\/uploads\/2023\/06\/02-1-scaled.jpg 1707w\" sizes=\"auto, (max-width: 683px) 100vw, 683px\" \/><\/figure><\/li><li class=\"blocks-gallery-item\"><figure><img loading=\"lazy\" decoding=\"async\" width=\"1024\" height=\"683\" src=\"https:\/\/marcali.plebania.hu\/wp-content\/uploads\/2023\/06\/04-2-1024x683.jpg\" alt=\"\" data-id=\"4759\" data-full-url=\"https:\/\/marcali.plebania.hu\/wp-content\/uploads\/2023\/06\/04-2-scaled.jpg\" data-link=\"https:\/\/marcali.plebania.hu\/?attachment_id=4759\" class=\"wp-image-4759\" srcset=\"https:\/\/marcali.plebania.hu\/wp-content\/uploads\/2023\/06\/04-2-1024x683.jpg 1024w, https:\/\/marcali.plebania.hu\/wp-content\/uploads\/2023\/06\/04-2-300x200.jpg 300w, https:\/\/marcali.plebania.hu\/wp-content\/uploads\/2023\/06\/04-2-768x512.jpg 768w, https:\/\/marcali.plebania.hu\/wp-content\/uploads\/2023\/06\/04-2-1536x1024.jpg 1536w, https:\/\/marcali.plebania.hu\/wp-content\/uploads\/2023\/06\/04-2-2048x1365.jpg 2048w, https:\/\/marcali.plebania.hu\/wp-content\/uploads\/2023\/06\/04-2-405x270.jpg 405w\" sizes=\"auto, (max-width: 1024px) 100vw, 1024px\" \/><\/figure><\/li><li class=\"blocks-gallery-item\"><figure><img loading=\"lazy\" decoding=\"async\" width=\"1024\" height=\"683\" src=\"https:\/\/marcali.plebania.hu\/wp-content\/uploads\/2023\/06\/03-2-1024x683.jpg\" alt=\"\" data-id=\"4758\" data-full-url=\"https:\/\/marcali.plebania.hu\/wp-content\/uploads\/2023\/06\/03-2-scaled.jpg\" data-link=\"https:\/\/marcali.plebania.hu\/?attachment_id=4758\" class=\"wp-image-4758\" srcset=\"https:\/\/marcali.plebania.hu\/wp-content\/uploads\/2023\/06\/03-2-1024x683.jpg 1024w, https:\/\/marcali.plebania.hu\/wp-content\/uploads\/2023\/06\/03-2-300x200.jpg 300w, https:\/\/marcali.plebania.hu\/wp-content\/uploads\/2023\/06\/03-2-768x512.jpg 768w, https:\/\/marcali.plebania.hu\/wp-content\/uploads\/2023\/06\/03-2-1536x1024.jpg 1536w, https:\/\/marcali.plebania.hu\/wp-content\/uploads\/2023\/06\/03-2-2048x1365.jpg 2048w, https:\/\/marcali.plebania.hu\/wp-content\/uploads\/2023\/06\/03-2-405x270.jpg 405w\" sizes=\"auto, (max-width: 1024px) 100vw, 1024px\" \/><\/figure><\/li><\/ul><\/figure>\n\n\n\n<p>Az istentisztelet f\u0151celebr\u00e1nsa Kiss Iv\u00e1n c. pr\u00e9post, pl\u00e9b\u00e1nos volt, aki szentbesz\u00e9d\u00e9ben az Olt\u00e1riszents\u00e9g (Eucharisztia) jelent\u0151s\u00e9g\u00e9 hangs\u00falyozta. Az egyh\u00e1z tan\u00edt\u00e1sa szerint ugyanis az Olt\u00e1riszents\u00e9g J\u00e9zus Krisztus val\u00f3s\u00e1gos teste \u00e9s v\u00e9re. \u00c9ppen ez\u00e9rt ezen az \u00fcnnepen \u2013 szerte a vil\u00e1gban \u2013 kiviszik az utc\u00e1kra \u00e9s a terekre, hogy Isten szeretet\u00e9t hirdess\u00e9k mindenki sz\u00e1m\u00e1ra.<\/p>\n\n\n\n<figure class=\"wp-block-gallery columns-3 is-cropped wp-block-gallery-2 is-layout-flex wp-block-gallery-is-layout-flex\"><ul class=\"blocks-gallery-grid\"><li class=\"blocks-gallery-item\"><figure><img loading=\"lazy\" decoding=\"async\" width=\"1024\" height=\"683\" src=\"https:\/\/marcali.plebania.hu\/wp-content\/uploads\/2023\/06\/05-1-1024x683.jpg\" alt=\"\" data-id=\"4761\" data-full-url=\"https:\/\/marcali.plebania.hu\/wp-content\/uploads\/2023\/06\/05-1-scaled.jpg\" data-link=\"https:\/\/marcali.plebania.hu\/?attachment_id=4761\" class=\"wp-image-4761\" srcset=\"https:\/\/marcali.plebania.hu\/wp-content\/uploads\/2023\/06\/05-1-1024x683.jpg 1024w, https:\/\/marcali.plebania.hu\/wp-content\/uploads\/2023\/06\/05-1-300x200.jpg 300w, https:\/\/marcali.plebania.hu\/wp-content\/uploads\/2023\/06\/05-1-768x512.jpg 768w, https:\/\/marcali.plebania.hu\/wp-content\/uploads\/2023\/06\/05-1-1536x1024.jpg 1536w, https:\/\/marcali.plebania.hu\/wp-content\/uploads\/2023\/06\/05-1-2048x1365.jpg 2048w, https:\/\/marcali.plebania.hu\/wp-content\/uploads\/2023\/06\/05-1-405x270.jpg 405w\" sizes=\"auto, (max-width: 1024px) 100vw, 1024px\" \/><\/figure><\/li><li class=\"blocks-gallery-item\"><figure><img loading=\"lazy\" decoding=\"async\" width=\"1024\" height=\"683\" src=\"https:\/\/marcali.plebania.hu\/wp-content\/uploads\/2023\/06\/06-1024x683.jpg\" alt=\"\" data-id=\"4762\" data-full-url=\"https:\/\/marcali.plebania.hu\/wp-content\/uploads\/2023\/06\/06-scaled.jpg\" data-link=\"https:\/\/marcali.plebania.hu\/?attachment_id=4762\" class=\"wp-image-4762\" srcset=\"https:\/\/marcali.plebania.hu\/wp-content\/uploads\/2023\/06\/06-1024x683.jpg 1024w, https:\/\/marcali.plebania.hu\/wp-content\/uploads\/2023\/06\/06-300x200.jpg 300w, https:\/\/marcali.plebania.hu\/wp-content\/uploads\/2023\/06\/06-768x512.jpg 768w, https:\/\/marcali.plebania.hu\/wp-content\/uploads\/2023\/06\/06-1536x1024.jpg 1536w, https:\/\/marcali.plebania.hu\/wp-content\/uploads\/2023\/06\/06-2048x1365.jpg 2048w, https:\/\/marcali.plebania.hu\/wp-content\/uploads\/2023\/06\/06-405x270.jpg 405w\" sizes=\"auto, (max-width: 1024px) 100vw, 1024px\" \/><\/figure><\/li><li class=\"blocks-gallery-item\"><figure><img loading=\"lazy\" decoding=\"async\" width=\"1024\" height=\"683\" src=\"https:\/\/marcali.plebania.hu\/wp-content\/uploads\/2023\/06\/07-1-1024x683.jpg\" alt=\"\" data-id=\"4763\" data-full-url=\"https:\/\/marcali.plebania.hu\/wp-content\/uploads\/2023\/06\/07-1-scaled.jpg\" data-link=\"https:\/\/marcali.plebania.hu\/?attachment_id=4763\" class=\"wp-image-4763\" srcset=\"https:\/\/marcali.plebania.hu\/wp-content\/uploads\/2023\/06\/07-1-1024x683.jpg 1024w, https:\/\/marcali.plebania.hu\/wp-content\/uploads\/2023\/06\/07-1-300x200.jpg 300w, https:\/\/marcali.plebania.hu\/wp-content\/uploads\/2023\/06\/07-1-768x512.jpg 768w, https:\/\/marcali.plebania.hu\/wp-content\/uploads\/2023\/06\/07-1-1536x1024.jpg 1536w, https:\/\/marcali.plebania.hu\/wp-content\/uploads\/2023\/06\/07-1-2048x1365.jpg 2048w, https:\/\/marcali.plebania.hu\/wp-content\/uploads\/2023\/06\/07-1-405x270.jpg 405w\" sizes=\"auto, (max-width: 1024px) 100vw, 1024px\" \/><\/figure><\/li><li class=\"blocks-gallery-item\"><figure><img loading=\"lazy\" decoding=\"async\" width=\"1024\" height=\"683\" src=\"https:\/\/marcali.plebania.hu\/wp-content\/uploads\/2023\/06\/08-1-1024x683.jpg\" alt=\"\" data-id=\"4764\" data-full-url=\"https:\/\/marcali.plebania.hu\/wp-content\/uploads\/2023\/06\/08-1-scaled.jpg\" data-link=\"https:\/\/marcali.plebania.hu\/?attachment_id=4764\" class=\"wp-image-4764\" srcset=\"https:\/\/marcali.plebania.hu\/wp-content\/uploads\/2023\/06\/08-1-1024x683.jpg 1024w, https:\/\/marcali.plebania.hu\/wp-content\/uploads\/2023\/06\/08-1-300x200.jpg 300w, https:\/\/marcali.plebania.hu\/wp-content\/uploads\/2023\/06\/08-1-768x512.jpg 768w, https:\/\/marcali.plebania.hu\/wp-content\/uploads\/2023\/06\/08-1-1536x1024.jpg 1536w, https:\/\/marcali.plebania.hu\/wp-content\/uploads\/2023\/06\/08-1-2048x1365.jpg 2048w, https:\/\/marcali.plebania.hu\/wp-content\/uploads\/2023\/06\/08-1-405x270.jpg 405w\" sizes=\"auto, (max-width: 1024px) 100vw, 1024px\" \/><\/figure><\/li><\/ul><\/figure>\n\n\n\n<p>Iv\u00e1n atya pr\u00e9dik\u00e1ci\u00f3j\u00e1ban kifejtette, hogy az igehirdet\u00e9s r\u00e9sze az, amikor szebbn\u00e9l-szebb s\u00e1trakat k\u00e9sz\u00edtenek a h\u00edvek, valamint r\u00e9szt vesznek a k\u00f6rmeneten. Ilyenkor ny\u00edltan is megvallj\u00e1k hit\u00fcket. \u201eHirdetj\u00fck, hogy az \u00dar itt van, jelen van a vil\u00e1gban, \u00e9s im\u00e1d\u00e1st \u00e9rdemel. A Szentostya garancia arra, hogy Isten szereti az embereket!\u201d<\/p>\n\n\n\n<figure class=\"wp-block-gallery columns-3 is-cropped wp-block-gallery-3 is-layout-flex wp-block-gallery-is-layout-flex\"><ul class=\"blocks-gallery-grid\"><li class=\"blocks-gallery-item\"><figure><img loading=\"lazy\" decoding=\"async\" width=\"1024\" height=\"683\" src=\"https:\/\/marcali.plebania.hu\/wp-content\/uploads\/2023\/06\/11-1024x683.jpg\" alt=\"\" data-id=\"4766\" data-full-url=\"https:\/\/marcali.plebania.hu\/wp-content\/uploads\/2023\/06\/11-scaled.jpg\" data-link=\"https:\/\/marcali.plebania.hu\/?attachment_id=4766\" class=\"wp-image-4766\" srcset=\"https:\/\/marcali.plebania.hu\/wp-content\/uploads\/2023\/06\/11-1024x683.jpg 1024w, https:\/\/marcali.plebania.hu\/wp-content\/uploads\/2023\/06\/11-300x200.jpg 300w, https:\/\/marcali.plebania.hu\/wp-content\/uploads\/2023\/06\/11-768x512.jpg 768w, https:\/\/marcali.plebania.hu\/wp-content\/uploads\/2023\/06\/11-1536x1024.jpg 1536w, https:\/\/marcali.plebania.hu\/wp-content\/uploads\/2023\/06\/11-2048x1365.jpg 2048w, https:\/\/marcali.plebania.hu\/wp-content\/uploads\/2023\/06\/11-405x270.jpg 405w\" sizes=\"auto, (max-width: 1024px) 100vw, 1024px\" \/><\/figure><\/li><li class=\"blocks-gallery-item\"><figure><img loading=\"lazy\" decoding=\"async\" width=\"1024\" height=\"683\" src=\"https:\/\/marcali.plebania.hu\/wp-content\/uploads\/2023\/06\/12-1024x683.jpg\" alt=\"\" data-id=\"4767\" data-full-url=\"https:\/\/marcali.plebania.hu\/wp-content\/uploads\/2023\/06\/12-scaled.jpg\" data-link=\"https:\/\/marcali.plebania.hu\/?attachment_id=4767\" class=\"wp-image-4767\" srcset=\"https:\/\/marcali.plebania.hu\/wp-content\/uploads\/2023\/06\/12-1024x683.jpg 1024w, https:\/\/marcali.plebania.hu\/wp-content\/uploads\/2023\/06\/12-300x200.jpg 300w, https:\/\/marcali.plebania.hu\/wp-content\/uploads\/2023\/06\/12-768x512.jpg 768w, https:\/\/marcali.plebania.hu\/wp-content\/uploads\/2023\/06\/12-1536x1024.jpg 1536w, https:\/\/marcali.plebania.hu\/wp-content\/uploads\/2023\/06\/12-2048x1365.jpg 2048w, https:\/\/marcali.plebania.hu\/wp-content\/uploads\/2023\/06\/12-405x270.jpg 405w\" sizes=\"auto, (max-width: 1024px) 100vw, 1024px\" \/><\/figure><\/li><li class=\"blocks-gallery-item\"><figure><img loading=\"lazy\" decoding=\"async\" width=\"1024\" height=\"683\" src=\"https:\/\/marcali.plebania.hu\/wp-content\/uploads\/2023\/06\/13-1024x683.jpg\" alt=\"\" data-id=\"4768\" data-full-url=\"https:\/\/marcali.plebania.hu\/wp-content\/uploads\/2023\/06\/13-scaled.jpg\" data-link=\"https:\/\/marcali.plebania.hu\/?attachment_id=4768\" class=\"wp-image-4768\" srcset=\"https:\/\/marcali.plebania.hu\/wp-content\/uploads\/2023\/06\/13-1024x683.jpg 1024w, https:\/\/marcali.plebania.hu\/wp-content\/uploads\/2023\/06\/13-300x200.jpg 300w, https:\/\/marcali.plebania.hu\/wp-content\/uploads\/2023\/06\/13-768x512.jpg 768w, https:\/\/marcali.plebania.hu\/wp-content\/uploads\/2023\/06\/13-1536x1024.jpg 1536w, https:\/\/marcali.plebania.hu\/wp-content\/uploads\/2023\/06\/13-2048x1365.jpg 2048w, https:\/\/marcali.plebania.hu\/wp-content\/uploads\/2023\/06\/13-405x270.jpg 405w\" sizes=\"auto, (max-width: 1024px) 100vw, 1024px\" \/><\/figure><\/li><li class=\"blocks-gallery-item\"><figure><img loading=\"lazy\" decoding=\"async\" width=\"1024\" height=\"683\" src=\"https:\/\/marcali.plebania.hu\/wp-content\/uploads\/2023\/06\/10-3-1024x683.jpg\" alt=\"\" data-id=\"4765\" data-full-url=\"https:\/\/marcali.plebania.hu\/wp-content\/uploads\/2023\/06\/10-3-scaled.jpg\" data-link=\"https:\/\/marcali.plebania.hu\/?attachment_id=4765\" class=\"wp-image-4765\" srcset=\"https:\/\/marcali.plebania.hu\/wp-content\/uploads\/2023\/06\/10-3-1024x683.jpg 1024w, https:\/\/marcali.plebania.hu\/wp-content\/uploads\/2023\/06\/10-3-300x200.jpg 300w, https:\/\/marcali.plebania.hu\/wp-content\/uploads\/2023\/06\/10-3-768x512.jpg 768w, https:\/\/marcali.plebania.hu\/wp-content\/uploads\/2023\/06\/10-3-1536x1024.jpg 1536w, https:\/\/marcali.plebania.hu\/wp-content\/uploads\/2023\/06\/10-3-2048x1365.jpg 2048w, https:\/\/marcali.plebania.hu\/wp-content\/uploads\/2023\/06\/10-3-405x270.jpg 405w\" sizes=\"auto, (max-width: 1024px) 100vw, 1024px\" \/><\/figure><\/li><\/ul><\/figure>\n\n\n\n<p>A szentmise v\u00e9g\u00e9n Kiss Iv\u00e1n pl\u00e9b\u00e1nos megk\u00f6sz\u00f6nte a nyugd\u00edjba vonul\u00f3 Tombor Erzs\u00e9bet hitoktat\u00f3i munk\u00e1j\u00e1t, melyet, hossz\u00fa \u00e9veket \u00e1t \u00e1ldozatosan v\u00e9gzett a gyermekek jav\u00e1ra. Dr. Gyulain\u00e9 Domj\u00e1n Zsuzsanna hitoktat\u00f3 olvasta fel a m\u00e9ltat\u00e1s sz\u00f6veg\u00e9t. Kihangs\u00falyozta, hogy Erzs\u00e9bet t\u00f6bb mint 40 \u00e9v tan\u00edt\u00f3i munk\u00e1t tudhat maga m\u00f6g\u00f6tt a Noszlopy Iskol\u00e1ban, mik\u00f6zben 30 esztend\u0151ig hitoktat\u00f3i tev\u00e9kenys\u00e9get is v\u00e9gzett. Ezalatt t\u00f6bb ezer gyermeket vezetett el Isten ismeret\u00e9re \u00e9s szeretet\u00e9re. Kiemelte, hogy sz\u00e1mtalan m\u0171sor, versenyfelk\u00e9sz\u00edt\u00e9s, templomi p\u00e1sztorj\u00e1t\u00e9k f\u0171z\u0151dik az \u0151 szorgalm\u00e1nak, kitart\u00e1s\u00e1nak, kreativit\u00e1s\u00e1nak \u00e9s t\u00f6retlen lelkesed\u00e9s\u00e9nek k\u00f6sz\u00f6nhet\u0151en. Tov\u00e1bbi \u00e9let\u00e9re pedig sok \u00f6r\u00f6m\u00f6t \u00e9s Isten \u00e1ld\u00e1s\u00e1t k\u00edv\u00e1nta a jelenl\u00e9v\u0151k nev\u00e9ben is. A Marcali R\u00f3mai Katolikus Egyh\u00e1zk\u00f6zs\u00e9g nev\u00e9ben egy csokor vir\u00e1got Dr. Gyulai Botond akolitus ny\u00fajtott \u00e1t, m\u00edg a k\u00f6nyvcsomagot pedig Iv\u00e1n atya adta \u00e1t a meghat\u00f3dott hitoktat\u00f3nak.<\/p>\n\n\n\n<figure class=\"wp-block-gallery columns-3 is-cropped wp-block-gallery-4 is-layout-flex wp-block-gallery-is-layout-flex\"><ul class=\"blocks-gallery-grid\"><li class=\"blocks-gallery-item\"><figure><img loading=\"lazy\" decoding=\"async\" width=\"1024\" height=\"683\" src=\"https:\/\/marcali.plebania.hu\/wp-content\/uploads\/2023\/06\/15-3-1024x683.jpg\" alt=\"\" data-id=\"4769\" data-full-url=\"https:\/\/marcali.plebania.hu\/wp-content\/uploads\/2023\/06\/15-3-scaled.jpg\" data-link=\"https:\/\/marcali.plebania.hu\/?attachment_id=4769\" class=\"wp-image-4769\" srcset=\"https:\/\/marcali.plebania.hu\/wp-content\/uploads\/2023\/06\/15-3-1024x683.jpg 1024w, https:\/\/marcali.plebania.hu\/wp-content\/uploads\/2023\/06\/15-3-300x200.jpg 300w, https:\/\/marcali.plebania.hu\/wp-content\/uploads\/2023\/06\/15-3-768x512.jpg 768w, https:\/\/marcali.plebania.hu\/wp-content\/uploads\/2023\/06\/15-3-1536x1024.jpg 1536w, https:\/\/marcali.plebania.hu\/wp-content\/uploads\/2023\/06\/15-3-2048x1365.jpg 2048w, https:\/\/marcali.plebania.hu\/wp-content\/uploads\/2023\/06\/15-3-405x270.jpg 405w\" sizes=\"auto, (max-width: 1024px) 100vw, 1024px\" \/><\/figure><\/li><li class=\"blocks-gallery-item\"><figure><img loading=\"lazy\" decoding=\"async\" width=\"1024\" height=\"683\" src=\"https:\/\/marcali.plebania.hu\/wp-content\/uploads\/2023\/06\/16-1024x683.jpg\" alt=\"\" data-id=\"4770\" data-full-url=\"https:\/\/marcali.plebania.hu\/wp-content\/uploads\/2023\/06\/16-scaled.jpg\" data-link=\"https:\/\/marcali.plebania.hu\/?attachment_id=4770\" class=\"wp-image-4770\" srcset=\"https:\/\/marcali.plebania.hu\/wp-content\/uploads\/2023\/06\/16-1024x683.jpg 1024w, https:\/\/marcali.plebania.hu\/wp-content\/uploads\/2023\/06\/16-300x200.jpg 300w, https:\/\/marcali.plebania.hu\/wp-content\/uploads\/2023\/06\/16-768x512.jpg 768w, https:\/\/marcali.plebania.hu\/wp-content\/uploads\/2023\/06\/16-1536x1024.jpg 1536w, https:\/\/marcali.plebania.hu\/wp-content\/uploads\/2023\/06\/16-2048x1365.jpg 2048w, https:\/\/marcali.plebania.hu\/wp-content\/uploads\/2023\/06\/16-405x270.jpg 405w\" sizes=\"auto, (max-width: 1024px) 100vw, 1024px\" \/><\/figure><\/li><li class=\"blocks-gallery-item\"><figure><img loading=\"lazy\" decoding=\"async\" width=\"1024\" height=\"683\" src=\"https:\/\/marcali.plebania.hu\/wp-content\/uploads\/2023\/06\/17-1024x683.jpg\" alt=\"\" data-id=\"4771\" data-full-url=\"https:\/\/marcali.plebania.hu\/wp-content\/uploads\/2023\/06\/17-scaled.jpg\" data-link=\"https:\/\/marcali.plebania.hu\/?attachment_id=4771\" class=\"wp-image-4771\" srcset=\"https:\/\/marcali.plebania.hu\/wp-content\/uploads\/2023\/06\/17-1024x683.jpg 1024w, https:\/\/marcali.plebania.hu\/wp-content\/uploads\/2023\/06\/17-300x200.jpg 300w, https:\/\/marcali.plebania.hu\/wp-content\/uploads\/2023\/06\/17-768x512.jpg 768w, https:\/\/marcali.plebania.hu\/wp-content\/uploads\/2023\/06\/17-1536x1024.jpg 1536w, https:\/\/marcali.plebania.hu\/wp-content\/uploads\/2023\/06\/17-2048x1365.jpg 2048w, https:\/\/marcali.plebania.hu\/wp-content\/uploads\/2023\/06\/17-405x270.jpg 405w\" sizes=\"auto, (max-width: 1024px) 100vw, 1024px\" \/><\/figure><\/li><li class=\"blocks-gallery-item\"><figure><img loading=\"lazy\" decoding=\"async\" width=\"1024\" height=\"683\" src=\"https:\/\/marcali.plebania.hu\/wp-content\/uploads\/2023\/06\/18-1024x683.jpg\" alt=\"\" data-id=\"4772\" data-full-url=\"https:\/\/marcali.plebania.hu\/wp-content\/uploads\/2023\/06\/18-scaled.jpg\" data-link=\"https:\/\/marcali.plebania.hu\/?attachment_id=4772\" class=\"wp-image-4772\" srcset=\"https:\/\/marcali.plebania.hu\/wp-content\/uploads\/2023\/06\/18-1024x683.jpg 1024w, https:\/\/marcali.plebania.hu\/wp-content\/uploads\/2023\/06\/18-300x200.jpg 300w, https:\/\/marcali.plebania.hu\/wp-content\/uploads\/2023\/06\/18-768x512.jpg 768w, https:\/\/marcali.plebania.hu\/wp-content\/uploads\/2023\/06\/18-1536x1024.jpg 1536w, https:\/\/marcali.plebania.hu\/wp-content\/uploads\/2023\/06\/18-2048x1365.jpg 2048w, https:\/\/marcali.plebania.hu\/wp-content\/uploads\/2023\/06\/18-405x270.jpg 405w\" sizes=\"auto, (max-width: 1024px) 100vw, 1024px\" \/><\/figure><\/li><\/ul><\/figure>\n\n\n\n<p>Ugyancsak ekkor k\u00f6sz\u00f6nt\u00f6tt\u00e9k Gelencs\u00e9r R\u00f3bert vil\u00e1gi eln\u00f6k\u00f6t \u00e9s S\u00e1gv\u00e1ri R\u00f3bert zenekarvezet\u0151t is n\u00e9vnapja alkalm\u00e1b\u00f3l, akiknek a pl\u00e9b\u00e1nos \u00e9s Kir\u00e1ly Jen\u0151 templomatya egy-egy \u00fcveg bort adott \u00e1t, valamint a h\u00edvekkel egy\u00fctt \u00e1roni \u00e1ld\u00e1sban r\u00e9szes\u00edtett\u00e9k \u0151ket.<\/p>\n\n\n\n<figure class=\"wp-block-gallery columns-3 is-cropped wp-block-gallery-5 is-layout-flex wp-block-gallery-is-layout-flex\"><ul class=\"blocks-gallery-grid\"><li class=\"blocks-gallery-item\"><figure><img loading=\"lazy\" decoding=\"async\" width=\"1024\" height=\"683\" src=\"https:\/\/marcali.plebania.hu\/wp-content\/uploads\/2023\/06\/19-2-1024x683.jpg\" alt=\"\" data-id=\"4774\" data-full-url=\"https:\/\/marcali.plebania.hu\/wp-content\/uploads\/2023\/06\/19-2-scaled.jpg\" data-link=\"https:\/\/marcali.plebania.hu\/?attachment_id=4774\" class=\"wp-image-4774\" srcset=\"https:\/\/marcali.plebania.hu\/wp-content\/uploads\/2023\/06\/19-2-1024x683.jpg 1024w, https:\/\/marcali.plebania.hu\/wp-content\/uploads\/2023\/06\/19-2-300x200.jpg 300w, https:\/\/marcali.plebania.hu\/wp-content\/uploads\/2023\/06\/19-2-768x512.jpg 768w, https:\/\/marcali.plebania.hu\/wp-content\/uploads\/2023\/06\/19-2-1536x1024.jpg 1536w, https:\/\/marcali.plebania.hu\/wp-content\/uploads\/2023\/06\/19-2-2048x1365.jpg 2048w, https:\/\/marcali.plebania.hu\/wp-content\/uploads\/2023\/06\/19-2-405x270.jpg 405w\" sizes=\"auto, (max-width: 1024px) 100vw, 1024px\" \/><\/figure><\/li><li class=\"blocks-gallery-item\"><figure><img loading=\"lazy\" decoding=\"async\" width=\"1024\" height=\"683\" src=\"https:\/\/marcali.plebania.hu\/wp-content\/uploads\/2023\/06\/20-1024x683.jpg\" alt=\"\" data-id=\"4775\" data-full-url=\"https:\/\/marcali.plebania.hu\/wp-content\/uploads\/2023\/06\/20-scaled.jpg\" data-link=\"https:\/\/marcali.plebania.hu\/?attachment_id=4775\" class=\"wp-image-4775\" srcset=\"https:\/\/marcali.plebania.hu\/wp-content\/uploads\/2023\/06\/20-1024x683.jpg 1024w, https:\/\/marcali.plebania.hu\/wp-content\/uploads\/2023\/06\/20-300x200.jpg 300w, https:\/\/marcali.plebania.hu\/wp-content\/uploads\/2023\/06\/20-768x512.jpg 768w, https:\/\/marcali.plebania.hu\/wp-content\/uploads\/2023\/06\/20-1536x1024.jpg 1536w, https:\/\/marcali.plebania.hu\/wp-content\/uploads\/2023\/06\/20-2048x1365.jpg 2048w, https:\/\/marcali.plebania.hu\/wp-content\/uploads\/2023\/06\/20-405x270.jpg 405w\" sizes=\"auto, (max-width: 1024px) 100vw, 1024px\" \/><\/figure><\/li><li class=\"blocks-gallery-item\"><figure><img loading=\"lazy\" decoding=\"async\" width=\"1024\" height=\"683\" src=\"https:\/\/marcali.plebania.hu\/wp-content\/uploads\/2023\/06\/21-1-1024x683.jpg\" alt=\"\" data-id=\"4776\" data-full-url=\"https:\/\/marcali.plebania.hu\/wp-content\/uploads\/2023\/06\/21-1-scaled.jpg\" data-link=\"https:\/\/marcali.plebania.hu\/?attachment_id=4776\" class=\"wp-image-4776\" srcset=\"https:\/\/marcali.plebania.hu\/wp-content\/uploads\/2023\/06\/21-1-1024x683.jpg 1024w, https:\/\/marcali.plebania.hu\/wp-content\/uploads\/2023\/06\/21-1-300x200.jpg 300w, https:\/\/marcali.plebania.hu\/wp-content\/uploads\/2023\/06\/21-1-768x512.jpg 768w, https:\/\/marcali.plebania.hu\/wp-content\/uploads\/2023\/06\/21-1-1536x1024.jpg 1536w, https:\/\/marcali.plebania.hu\/wp-content\/uploads\/2023\/06\/21-1-2048x1365.jpg 2048w, https:\/\/marcali.plebania.hu\/wp-content\/uploads\/2023\/06\/21-1-405x270.jpg 405w\" sizes=\"auto, (max-width: 1024px) 100vw, 1024px\" \/><\/figure><\/li><li class=\"blocks-gallery-item\"><figure><img loading=\"lazy\" decoding=\"async\" width=\"1024\" height=\"683\" src=\"https:\/\/marcali.plebania.hu\/wp-content\/uploads\/2023\/06\/22-1-1024x683.jpg\" alt=\"\" data-id=\"4777\" data-full-url=\"https:\/\/marcali.plebania.hu\/wp-content\/uploads\/2023\/06\/22-1-scaled.jpg\" data-link=\"https:\/\/marcali.plebania.hu\/?attachment_id=4777\" class=\"wp-image-4777\" srcset=\"https:\/\/marcali.plebania.hu\/wp-content\/uploads\/2023\/06\/22-1-1024x683.jpg 1024w, https:\/\/marcali.plebania.hu\/wp-content\/uploads\/2023\/06\/22-1-300x200.jpg 300w, https:\/\/marcali.plebania.hu\/wp-content\/uploads\/2023\/06\/22-1-768x512.jpg 768w, https:\/\/marcali.plebania.hu\/wp-content\/uploads\/2023\/06\/22-1-1536x1024.jpg 1536w, https:\/\/marcali.plebania.hu\/wp-content\/uploads\/2023\/06\/22-1-2048x1365.jpg 2048w, https:\/\/marcali.plebania.hu\/wp-content\/uploads\/2023\/06\/22-1-405x270.jpg 405w\" sizes=\"auto, (max-width: 1024px) 100vw, 1024px\" \/><\/figure><\/li><\/ul><\/figure>\n\n\n\n<p>A szentmis\u00e9n T\u00f3th Eszter \u00c1gnes gimn\u00e1ziumi tanul\u00f3 Babits Mih\u00e1ly: Eucharistia c\u00edm\u0171 vers\u00e9t szavalta el. Orgon\u00e1val Balogh B\u00e1lint k\u00e1ntor, git\u00e1ros \u00e9nekekkel pedig a Marcali F\u00e9ny Gyermekei Katolikus Zenekar m\u0171k\u00f6d\u00f6tt k\u00f6zre.<\/p>\n\n\n\n<figure class=\"wp-block-gallery columns-3 is-cropped wp-block-gallery-6 is-layout-flex wp-block-gallery-is-layout-flex\"><ul class=\"blocks-gallery-grid\"><li class=\"blocks-gallery-item\"><figure><img loading=\"lazy\" decoding=\"async\" width=\"1024\" height=\"683\" src=\"https:\/\/marcali.plebania.hu\/wp-content\/uploads\/2023\/06\/23-1-1024x683.jpg\" alt=\"\" data-id=\"4778\" data-link=\"https:\/\/marcali.plebania.hu\/?attachment_id=4778\" class=\"wp-image-4778\" srcset=\"https:\/\/marcali.plebania.hu\/wp-content\/uploads\/2023\/06\/23-1-1024x683.jpg 1024w, https:\/\/marcali.plebania.hu\/wp-content\/uploads\/2023\/06\/23-1-300x200.jpg 300w, https:\/\/marcali.plebania.hu\/wp-content\/uploads\/2023\/06\/23-1-768x512.jpg 768w, https:\/\/marcali.plebania.hu\/wp-content\/uploads\/2023\/06\/23-1-1536x1024.jpg 1536w, https:\/\/marcali.plebania.hu\/wp-content\/uploads\/2023\/06\/23-1-2048x1365.jpg 2048w, https:\/\/marcali.plebania.hu\/wp-content\/uploads\/2023\/06\/23-1-405x270.jpg 405w\" sizes=\"auto, (max-width: 1024px) 100vw, 1024px\" \/><\/figure><\/li><li class=\"blocks-gallery-item\"><figure><img loading=\"lazy\" decoding=\"async\" width=\"1024\" height=\"683\" src=\"https:\/\/marcali.plebania.hu\/wp-content\/uploads\/2023\/06\/26-1024x683.jpg\" alt=\"\" data-id=\"4781\" data-link=\"https:\/\/marcali.plebania.hu\/?attachment_id=4781\" class=\"wp-image-4781\" srcset=\"https:\/\/marcali.plebania.hu\/wp-content\/uploads\/2023\/06\/26-1024x683.jpg 1024w, https:\/\/marcali.plebania.hu\/wp-content\/uploads\/2023\/06\/26-300x200.jpg 300w, https:\/\/marcali.plebania.hu\/wp-content\/uploads\/2023\/06\/26-768x512.jpg 768w, https:\/\/marcali.plebania.hu\/wp-content\/uploads\/2023\/06\/26-1536x1024.jpg 1536w, https:\/\/marcali.plebania.hu\/wp-content\/uploads\/2023\/06\/26-2048x1365.jpg 2048w, https:\/\/marcali.plebania.hu\/wp-content\/uploads\/2023\/06\/26-405x270.jpg 405w\" sizes=\"auto, (max-width: 1024px) 100vw, 1024px\" \/><\/figure><\/li><li class=\"blocks-gallery-item\"><figure><img loading=\"lazy\" decoding=\"async\" width=\"1024\" height=\"683\" src=\"https:\/\/marcali.plebania.hu\/wp-content\/uploads\/2023\/06\/28-1024x683.jpg\" alt=\"\" data-id=\"4782\" data-link=\"https:\/\/marcali.plebania.hu\/?attachment_id=4782\" class=\"wp-image-4782\" srcset=\"https:\/\/marcali.plebania.hu\/wp-content\/uploads\/2023\/06\/28-1024x683.jpg 1024w, https:\/\/marcali.plebania.hu\/wp-content\/uploads\/2023\/06\/28-300x200.jpg 300w, https:\/\/marcali.plebania.hu\/wp-content\/uploads\/2023\/06\/28-768x512.jpg 768w, https:\/\/marcali.plebania.hu\/wp-content\/uploads\/2023\/06\/28-1536x1024.jpg 1536w, https:\/\/marcali.plebania.hu\/wp-content\/uploads\/2023\/06\/28-2048x1365.jpg 2048w, https:\/\/marcali.plebania.hu\/wp-content\/uploads\/2023\/06\/28-405x270.jpg 405w\" sizes=\"auto, (max-width: 1024px) 100vw, 1024px\" \/><\/figure><\/li><li class=\"blocks-gallery-item\"><figure><img loading=\"lazy\" decoding=\"async\" width=\"1024\" height=\"683\" src=\"https:\/\/marcali.plebania.hu\/wp-content\/uploads\/2023\/06\/27-1-1024x683.jpg\" alt=\"\" data-id=\"4783\" data-full-url=\"https:\/\/marcali.plebania.hu\/wp-content\/uploads\/2023\/06\/27-1-scaled.jpg\" data-link=\"https:\/\/marcali.plebania.hu\/?attachment_id=4783\" class=\"wp-image-4783\" srcset=\"https:\/\/marcali.plebania.hu\/wp-content\/uploads\/2023\/06\/27-1-1024x683.jpg 1024w, https:\/\/marcali.plebania.hu\/wp-content\/uploads\/2023\/06\/27-1-300x200.jpg 300w, https:\/\/marcali.plebania.hu\/wp-content\/uploads\/2023\/06\/27-1-768x512.jpg 768w, https:\/\/marcali.plebania.hu\/wp-content\/uploads\/2023\/06\/27-1-1536x1024.jpg 1536w, https:\/\/marcali.plebania.hu\/wp-content\/uploads\/2023\/06\/27-1-2048x1365.jpg 2048w, https:\/\/marcali.plebania.hu\/wp-content\/uploads\/2023\/06\/27-1-405x270.jpg 405w\" sizes=\"auto, (max-width: 1024px) 100vw, 1024px\" \/><\/figure><\/li><\/ul><\/figure>\n\n\n\n<p>A szentmis\u00e9t k\u00f6vet\u0151en tartott\u00e1k meg a hagyom\u00e1nyos \u00farnapi k\u00f6rmenetet, melyen ez\u00fattal Galambos Ferenc mesztegny\u0151i pl\u00e9b\u00e1nos vitte az Olt\u00e1riszents\u00e9get \u00e9s v\u00e9gezte el az ilyenkor szok\u00e1sos liturgi\u00e1t. A menet a templom d\u00e9li ajtaj\u00e1n vonult ki, \u00e9s a j\u00e1rd\u00e1n haladva a templom f\u0151bej\u00e1rata melletti, illetve a pl\u00e9b\u00e1niahivataln\u00e1l l\u00e9v\u0151 tiszafa el\u0151tti loms\u00e1trakhoz vonult v\u00e9gig a templomi z\u00e1szl\u00f3kkal. Ferenc atya az Olt\u00e1riszents\u00e9ggel pedig \u00e1ld\u00e1st adott az \u00e9gt\u00e1jak fel\u00e9 a v\u00e1rosra \u00e9s a lak\u00f3ira is.<\/p>\n\n\n\n<figure class=\"wp-block-gallery columns-3 is-cropped wp-block-gallery-7 is-layout-flex wp-block-gallery-is-layout-flex\"><ul class=\"blocks-gallery-grid\"><li class=\"blocks-gallery-item\"><figure><img loading=\"lazy\" decoding=\"async\" width=\"1024\" height=\"683\" src=\"https:\/\/marcali.plebania.hu\/wp-content\/uploads\/2023\/06\/31-1024x683.jpg\" alt=\"\" data-id=\"4784\" data-link=\"https:\/\/marcali.plebania.hu\/?attachment_id=4784\" class=\"wp-image-4784\" srcset=\"https:\/\/marcali.plebania.hu\/wp-content\/uploads\/2023\/06\/31-1024x683.jpg 1024w, https:\/\/marcali.plebania.hu\/wp-content\/uploads\/2023\/06\/31-300x200.jpg 300w, https:\/\/marcali.plebania.hu\/wp-content\/uploads\/2023\/06\/31-768x512.jpg 768w, https:\/\/marcali.plebania.hu\/wp-content\/uploads\/2023\/06\/31-1536x1024.jpg 1536w, https:\/\/marcali.plebania.hu\/wp-content\/uploads\/2023\/06\/31-2048x1365.jpg 2048w, https:\/\/marcali.plebania.hu\/wp-content\/uploads\/2023\/06\/31-405x270.jpg 405w\" sizes=\"auto, (max-width: 1024px) 100vw, 1024px\" \/><\/figure><\/li><li class=\"blocks-gallery-item\"><figure><img loading=\"lazy\" decoding=\"async\" width=\"1024\" height=\"683\" src=\"https:\/\/marcali.plebania.hu\/wp-content\/uploads\/2023\/06\/41-1024x683.jpg\" alt=\"\" data-id=\"4785\" data-link=\"https:\/\/marcali.plebania.hu\/?attachment_id=4785\" class=\"wp-image-4785\" srcset=\"https:\/\/marcali.plebania.hu\/wp-content\/uploads\/2023\/06\/41-1024x683.jpg 1024w, https:\/\/marcali.plebania.hu\/wp-content\/uploads\/2023\/06\/41-300x200.jpg 300w, https:\/\/marcali.plebania.hu\/wp-content\/uploads\/2023\/06\/41-768x512.jpg 768w, https:\/\/marcali.plebania.hu\/wp-content\/uploads\/2023\/06\/41-1536x1024.jpg 1536w, https:\/\/marcali.plebania.hu\/wp-content\/uploads\/2023\/06\/41-2048x1365.jpg 2048w, https:\/\/marcali.plebania.hu\/wp-content\/uploads\/2023\/06\/41-405x270.jpg 405w\" sizes=\"auto, (max-width: 1024px) 100vw, 1024px\" \/><\/figure><\/li><li class=\"blocks-gallery-item\"><figure><img loading=\"lazy\" decoding=\"async\" width=\"1024\" height=\"683\" src=\"https:\/\/marcali.plebania.hu\/wp-content\/uploads\/2023\/06\/43-1024x683.jpg\" alt=\"\" data-id=\"4786\" data-link=\"https:\/\/marcali.plebania.hu\/?attachment_id=4786\" class=\"wp-image-4786\" srcset=\"https:\/\/marcali.plebania.hu\/wp-content\/uploads\/2023\/06\/43-1024x683.jpg 1024w, https:\/\/marcali.plebania.hu\/wp-content\/uploads\/2023\/06\/43-300x200.jpg 300w, https:\/\/marcali.plebania.hu\/wp-content\/uploads\/2023\/06\/43-768x512.jpg 768w, https:\/\/marcali.plebania.hu\/wp-content\/uploads\/2023\/06\/43-1536x1024.jpg 1536w, https:\/\/marcali.plebania.hu\/wp-content\/uploads\/2023\/06\/43-2048x1365.jpg 2048w, https:\/\/marcali.plebania.hu\/wp-content\/uploads\/2023\/06\/43-405x270.jpg 405w\" sizes=\"auto, (max-width: 1024px) 100vw, 1024px\" \/><\/figure><\/li><li class=\"blocks-gallery-item\"><figure><img loading=\"lazy\" decoding=\"async\" width=\"1024\" height=\"683\" src=\"https:\/\/marcali.plebania.hu\/wp-content\/uploads\/2023\/06\/46-1024x683.jpg\" alt=\"\" data-id=\"4787\" data-full-url=\"https:\/\/marcali.plebania.hu\/wp-content\/uploads\/2023\/06\/46-scaled.jpg\" data-link=\"https:\/\/marcali.plebania.hu\/?attachment_id=4787\" class=\"wp-image-4787\" srcset=\"https:\/\/marcali.plebania.hu\/wp-content\/uploads\/2023\/06\/46-1024x683.jpg 1024w, https:\/\/marcali.plebania.hu\/wp-content\/uploads\/2023\/06\/46-300x200.jpg 300w, https:\/\/marcali.plebania.hu\/wp-content\/uploads\/2023\/06\/46-768x512.jpg 768w, https:\/\/marcali.plebania.hu\/wp-content\/uploads\/2023\/06\/46-1536x1024.jpg 1536w, https:\/\/marcali.plebania.hu\/wp-content\/uploads\/2023\/06\/46-2048x1365.jpg 2048w, https:\/\/marcali.plebania.hu\/wp-content\/uploads\/2023\/06\/46-405x270.jpg 405w\" sizes=\"auto, (max-width: 1024px) 100vw, 1024px\" \/><\/figure><\/li><\/ul><\/figure>\n\n\n\n<p>Az idei \u00e9vben ism\u00e9t kett\u0151 k\u00fclt\u00e9ri lombs\u00e1tor k\u00e9sz\u00fclt. A f\u00e9m-szerkezet \u00f6ssze\u00e1ll\u00edt\u00e1s\u00e1t Kir\u00e1ly Jen\u0151 templomatya ir\u00e1ny\u00edtotta; m\u00edg az \u00e1gakkal val\u00f3 d\u00edsz\u00edt\u00e9st Gelencs\u00e9r R\u00f3bert vil\u00e1gi eln\u00f6k \u00e9s a T\u00f3th P\u00e9ter vezette \u00f6nk\u00e9ntes csapat \u2013 k\u00f6zt\u00fck fiatalokkal \u2013 v\u00e9gezte. A vir\u00e1g-d\u00edsz\u00edt\u00e9sben pedig az egyh\u00e1zk\u00f6zs\u00e9g templomi k\u00f6z\u00f6ss\u00e9geinek akt\u00edvabb tagjai \u2013 a pl\u00e9b\u00e1niatemplom, a Boldog Gizella, valamint a gombaiak \u2013 seg\u00edtettek.<\/p>\n\n\n\n<figure class=\"wp-block-gallery columns-3 is-cropped wp-block-gallery-8 is-layout-flex wp-block-gallery-is-layout-flex\"><ul class=\"blocks-gallery-grid\"><li class=\"blocks-gallery-item\"><figure><img loading=\"lazy\" decoding=\"async\" width=\"1024\" height=\"683\" src=\"https:\/\/marcali.plebania.hu\/wp-content\/uploads\/2023\/06\/49-1-1024x683.jpg\" alt=\"\" data-id=\"4788\" data-link=\"https:\/\/marcali.plebania.hu\/?attachment_id=4788\" class=\"wp-image-4788\" srcset=\"https:\/\/marcali.plebania.hu\/wp-content\/uploads\/2023\/06\/49-1-1024x683.jpg 1024w, https:\/\/marcali.plebania.hu\/wp-content\/uploads\/2023\/06\/49-1-300x200.jpg 300w, https:\/\/marcali.plebania.hu\/wp-content\/uploads\/2023\/06\/49-1-768x512.jpg 768w, https:\/\/marcali.plebania.hu\/wp-content\/uploads\/2023\/06\/49-1-1536x1024.jpg 1536w, https:\/\/marcali.plebania.hu\/wp-content\/uploads\/2023\/06\/49-1-2048x1365.jpg 2048w, https:\/\/marcali.plebania.hu\/wp-content\/uploads\/2023\/06\/49-1-405x270.jpg 405w\" sizes=\"auto, (max-width: 1024px) 100vw, 1024px\" \/><\/figure><\/li><li class=\"blocks-gallery-item\"><figure><img loading=\"lazy\" decoding=\"async\" width=\"1024\" height=\"683\" src=\"https:\/\/marcali.plebania.hu\/wp-content\/uploads\/2023\/06\/51-1024x683.jpg\" alt=\"\" data-id=\"4789\" data-link=\"https:\/\/marcali.plebania.hu\/?attachment_id=4789\" class=\"wp-image-4789\" srcset=\"https:\/\/marcali.plebania.hu\/wp-content\/uploads\/2023\/06\/51-1024x683.jpg 1024w, https:\/\/marcali.plebania.hu\/wp-content\/uploads\/2023\/06\/51-300x200.jpg 300w, https:\/\/marcali.plebania.hu\/wp-content\/uploads\/2023\/06\/51-768x512.jpg 768w, https:\/\/marcali.plebania.hu\/wp-content\/uploads\/2023\/06\/51-1536x1024.jpg 1536w, https:\/\/marcali.plebania.hu\/wp-content\/uploads\/2023\/06\/51-2048x1365.jpg 2048w, https:\/\/marcali.plebania.hu\/wp-content\/uploads\/2023\/06\/51-405x270.jpg 405w\" sizes=\"auto, (max-width: 1024px) 100vw, 1024px\" \/><\/figure><\/li><li class=\"blocks-gallery-item\"><figure><img loading=\"lazy\" decoding=\"async\" width=\"1024\" height=\"683\" src=\"https:\/\/marcali.plebania.hu\/wp-content\/uploads\/2023\/06\/54-1024x683.jpg\" alt=\"\" data-id=\"4790\" data-full-url=\"https:\/\/marcali.plebania.hu\/wp-content\/uploads\/2023\/06\/54-scaled.jpg\" data-link=\"https:\/\/marcali.plebania.hu\/?attachment_id=4790\" class=\"wp-image-4790\" srcset=\"https:\/\/marcali.plebania.hu\/wp-content\/uploads\/2023\/06\/54-1024x683.jpg 1024w, https:\/\/marcali.plebania.hu\/wp-content\/uploads\/2023\/06\/54-300x200.jpg 300w, https:\/\/marcali.plebania.hu\/wp-content\/uploads\/2023\/06\/54-768x512.jpg 768w, https:\/\/marcali.plebania.hu\/wp-content\/uploads\/2023\/06\/54-1536x1024.jpg 1536w, https:\/\/marcali.plebania.hu\/wp-content\/uploads\/2023\/06\/54-2048x1365.jpg 2048w, https:\/\/marcali.plebania.hu\/wp-content\/uploads\/2023\/06\/54-405x270.jpg 405w\" sizes=\"auto, (max-width: 1024px) 100vw, 1024px\" \/><\/figure><\/li><li class=\"blocks-gallery-item\"><figure><img loading=\"lazy\" decoding=\"async\" width=\"1024\" height=\"683\" src=\"https:\/\/marcali.plebania.hu\/wp-content\/uploads\/2023\/06\/55-1024x683.jpg\" alt=\"\" data-id=\"4791\" data-full-url=\"https:\/\/marcali.plebania.hu\/wp-content\/uploads\/2023\/06\/55-scaled.jpg\" data-link=\"https:\/\/marcali.plebania.hu\/?attachment_id=4791\" class=\"wp-image-4791\" srcset=\"https:\/\/marcali.plebania.hu\/wp-content\/uploads\/2023\/06\/55-1024x683.jpg 1024w, https:\/\/marcali.plebania.hu\/wp-content\/uploads\/2023\/06\/55-300x200.jpg 300w, https:\/\/marcali.plebania.hu\/wp-content\/uploads\/2023\/06\/55-768x512.jpg 768w, https:\/\/marcali.plebania.hu\/wp-content\/uploads\/2023\/06\/55-1536x1024.jpg 1536w, https:\/\/marcali.plebania.hu\/wp-content\/uploads\/2023\/06\/55-2048x1365.jpg 2048w, https:\/\/marcali.plebania.hu\/wp-content\/uploads\/2023\/06\/55-405x270.jpg 405w\" sizes=\"auto, (max-width: 1024px) 100vw, 1024px\" \/><\/figure><\/li><\/ul><\/figure>\n\n\n\n<p>K\u00f6sz\u00f6net mindenki munk\u00e1j\u00e1\u00e9rt,\nhogy ism\u00e9t siker\u00fclt sz\u00e9pen \u00e9s m\u00e9lt\u00f3s\u00e1gteljesen lebonyol\u00edtani ezt a sz\u00e9p \u00fcnnepet!<\/p>\n","protected":false},"excerpt":{"rendered":"<p>2023. j\u00fanius 11-\u00e9n, vas\u00e1rnap 9 \u00f3rakor tartott\u00e1k az idei \u00farnapi szentmis\u00e9t \u00e9s a k\u00f6rmenetet a Gy\u00fcm\u00f6lcsolt\u00f3 Boldogasszony Pl\u00e9b\u00e1niatemplomban, a Boldog II. J\u00e1nos P\u00e1l p\u00e1pa, valamint a H\u0151s\u00f6k ter\u00e9n. Az istentisztelet f\u0151celebr\u00e1nsa Kiss Iv\u00e1n c. pr\u00e9post, pl\u00e9b\u00e1nos volt, aki szentbesz\u00e9d\u00e9ben az Olt\u00e1riszents\u00e9g (Eucharisztia) jelent\u0151s\u00e9g\u00e9 hangs\u00falyozta. Az egyh\u00e1z tan\u00edt\u00e1sa szerint ugyanis az Olt\u00e1riszents\u00e9g J\u00e9zus Krisztus val\u00f3s\u00e1gos teste \u00e9s v\u00e9re. \u00c9ppen ez\u00e9rt ezen az \u00fcnnepen \u2013 szerte a vil\u00e1gban \u2013 kiviszik az utc\u00e1kra \u00e9s a terekre, hogy Isten szeretet\u00e9t hirdess\u00e9k mindenki sz\u00e1m\u00e1ra. Iv\u00e1n&#8230;<\/p>\n<p class=\"read-more\"><a class=\"btn btn-default\" href=\"https:\/\/marcali.plebania.hu\/?p=4755\"> Read More<span class=\"screen-reader-text\">  Read More<\/span><\/a><\/p>\n","protected":false},"author":2,"featured_media":0,"comment_status":"closed","ping_status":"open","sticky":false,"template":"","format":"standard","meta":{"footnotes":""},"categories":[1],"tags":[],"class_list":["post-4755","post","type-post","status-publish","format-standard","hentry","category-egyeb"],"_links":{"self":[{"href":"https:\/\/marcali.plebania.hu\/index.php?rest_route=\/wp\/v2\/posts\/4755","targetHints":{"allow":["GET"]}}],"collection":[{"href":"https:\/\/marcali.plebania.hu\/index.php?rest_route=\/wp\/v2\/posts"}],"about":[{"href":"https:\/\/marcali.plebania.hu\/index.php?rest_route=\/wp\/v2\/types\/post"}],"author":[{"embeddable":true,"href":"https:\/\/marcali.plebania.hu\/index.php?rest_route=\/wp\/v2\/users\/2"}],"replies":[{"embeddable":true,"href":"https:\/\/marcali.plebania.hu\/index.php?rest_route=%2Fwp%2Fv2%2Fcomments&post=4755"}],"version-history":[{"count":2,"href":"https:\/\/marcali.plebania.hu\/index.php?rest_route=\/wp\/v2\/posts\/4755\/revisions"}],"predecessor-version":[{"id":4792,"href":"https:\/\/marcali.plebania.hu\/index.php?rest_route=\/wp\/v2\/posts\/4755\/revisions\/4792"}],"wp:attachment":[{"href":"https:\/\/marcali.plebania.hu\/index.php?rest_route=%2Fwp%2Fv2%2Fmedia&parent=4755"}],"wp:term":[{"taxonomy":"category","embeddable":true,"href":"https:\/\/marcali.plebania.hu\/index.php?rest_route=%2Fwp%2Fv2%2Fcategories&post=4755"},{"taxonomy":"post_tag","embeddable":true,"href":"https:\/\/marcali.plebania.hu\/index.php?rest_route=%2Fwp%2Fv2%2Ftags&post=4755"}],"curies":[{"name":"wp","href":"https:\/\/api.w.org\/{rel}","templated":true}]}}