{"id":477,"date":"2018-12-12T15:54:52","date_gmt":"2018-12-12T15:54:52","guid":{"rendered":"https:\/\/marcali.plebania.hu\/?p=477"},"modified":"2018-12-12T15:54:52","modified_gmt":"2018-12-12T15:54:52","slug":"meggyujtottak-a-masodik-adventi-gyertyat","status":"publish","type":"post","link":"https:\/\/marcali.plebania.hu\/?p=477","title":{"rendered":"Meggy\u00fajtott\u00e1k a m\u00e1sodik \u00e1dventi gyerty\u00e1t"},"content":{"rendered":"<p>2018. december 8-\u00e1n, szombaton 17 \u00f3rakor a pl\u00e9b\u00e1niatemplom el\u0151tt, a Boldog II. J\u00e1nos P\u00e1l p\u00e1pa t\u00e9ren tartott\u00e1k az \u00e1dventi gyertyagy\u00fajt\u00e1si \u00fcnneps\u00e9get.<\/p>\n<p><img loading=\"lazy\" decoding=\"async\" class=\"alignnone size-medium wp-image-478\" src=\"https:\/\/marcali.plebania.hu\/wp-content\/uploads\/2018\/12\/DSC_4767-300x188.jpg\" alt=\"\" width=\"300\" height=\"188\" srcset=\"https:\/\/marcali.plebania.hu\/wp-content\/uploads\/2018\/12\/DSC_4767-300x188.jpg 300w, https:\/\/marcali.plebania.hu\/wp-content\/uploads\/2018\/12\/DSC_4767-768x481.jpg 768w, https:\/\/marcali.plebania.hu\/wp-content\/uploads\/2018\/12\/DSC_4767.jpg 1024w, https:\/\/marcali.plebania.hu\/wp-content\/uploads\/2018\/12\/DSC_4767-431x270.jpg 431w\" sizes=\"auto, (max-width: 300px) 100vw, 300px\" \/> <img loading=\"lazy\" decoding=\"async\" class=\"alignnone size-medium wp-image-479\" src=\"https:\/\/marcali.plebania.hu\/wp-content\/uploads\/2018\/12\/DSC_4770-300x188.jpg\" alt=\"\" width=\"300\" height=\"188\" srcset=\"https:\/\/marcali.plebania.hu\/wp-content\/uploads\/2018\/12\/DSC_4770-300x188.jpg 300w, https:\/\/marcali.plebania.hu\/wp-content\/uploads\/2018\/12\/DSC_4770-768x482.jpg 768w, https:\/\/marcali.plebania.hu\/wp-content\/uploads\/2018\/12\/DSC_4770.jpg 1024w, https:\/\/marcali.plebania.hu\/wp-content\/uploads\/2018\/12\/DSC_4770-430x270.jpg 430w\" sizes=\"auto, (max-width: 300px) 100vw, 300px\" \/><\/p>\n<p>A megjelenteket Kiss Iv\u00e1n c. pr\u00e9post, esperes-pl\u00e9b\u00e1nos k\u00f6sz\u00f6nt\u00f6tte, majd a Berzsenyi D\u00e1niel Gimn\u00e1zium di\u00e1kjai adtak el\u0151 egy j\u00f3l \u00f6ssze\u00e1ll\u00edtott verses-zen\u00e9s m\u0171sort. Az \u00e1dventi koszor\u00fa m\u00e1sodik gyerty\u00e1j\u00e1t a gimnazista di\u00e1kok gy\u00fajtott\u00e1k meg, Fellegi B\u00e1lint igazgat\u00f3 \u00e9s Iv\u00e1n atya k\u00eds\u00e9ret\u00e9ben.<\/p>\n<p><img loading=\"lazy\" decoding=\"async\" class=\"alignnone size-medium wp-image-480\" src=\"https:\/\/marcali.plebania.hu\/wp-content\/uploads\/2018\/12\/DSC_4775-300x188.jpg\" alt=\"\" width=\"300\" height=\"188\" srcset=\"https:\/\/marcali.plebania.hu\/wp-content\/uploads\/2018\/12\/DSC_4775-300x188.jpg 300w, https:\/\/marcali.plebania.hu\/wp-content\/uploads\/2018\/12\/DSC_4775-768x482.jpg 768w, https:\/\/marcali.plebania.hu\/wp-content\/uploads\/2018\/12\/DSC_4775.jpg 1024w, https:\/\/marcali.plebania.hu\/wp-content\/uploads\/2018\/12\/DSC_4775-430x270.jpg 430w\" sizes=\"auto, (max-width: 300px) 100vw, 300px\" \/> <img loading=\"lazy\" decoding=\"async\" class=\"alignnone size-medium wp-image-481\" src=\"https:\/\/marcali.plebania.hu\/wp-content\/uploads\/2018\/12\/DSC_4776-300x187.jpg\" alt=\"\" width=\"300\" height=\"187\" srcset=\"https:\/\/marcali.plebania.hu\/wp-content\/uploads\/2018\/12\/DSC_4776-300x187.jpg 300w, https:\/\/marcali.plebania.hu\/wp-content\/uploads\/2018\/12\/DSC_4776-768x479.jpg 768w, https:\/\/marcali.plebania.hu\/wp-content\/uploads\/2018\/12\/DSC_4776.jpg 1024w, https:\/\/marcali.plebania.hu\/wp-content\/uploads\/2018\/12\/DSC_4776-433x270.jpg 433w\" sizes=\"auto, (max-width: 300px) 100vw, 300px\" \/><\/p>\n","protected":false},"excerpt":{"rendered":"<p>2018. december 8-\u00e1n, szombaton 17 \u00f3rakor a pl\u00e9b\u00e1niatemplom el\u0151tt, a Boldog II. J\u00e1nos P\u00e1l p\u00e1pa t\u00e9ren tartott\u00e1k az \u00e1dventi gyertyagy\u00fajt\u00e1si \u00fcnneps\u00e9get. A megjelenteket Kiss Iv\u00e1n c. pr\u00e9post, esperes-pl\u00e9b\u00e1nos k\u00f6sz\u00f6nt\u00f6tte, majd a Berzsenyi D\u00e1niel Gimn\u00e1zium di\u00e1kjai adtak el\u0151 egy j\u00f3l \u00f6ssze\u00e1ll\u00edtott verses-zen\u00e9s m\u0171sort. Az \u00e1dventi koszor\u00fa m\u00e1sodik gyerty\u00e1j\u00e1t a gimnazista di\u00e1kok gy\u00fajtott\u00e1k meg, Fellegi B\u00e1lint igazgat\u00f3 \u00e9s Iv\u00e1n atya k\u00eds\u00e9ret\u00e9ben.<\/p>\n","protected":false},"author":2,"featured_media":0,"comment_status":"closed","ping_status":"open","sticky":false,"template":"","format":"standard","meta":{"footnotes":""},"categories":[1],"tags":[],"class_list":["post-477","post","type-post","status-publish","format-standard","hentry","category-egyeb"],"_links":{"self":[{"href":"https:\/\/marcali.plebania.hu\/index.php?rest_route=\/wp\/v2\/posts\/477","targetHints":{"allow":["GET"]}}],"collection":[{"href":"https:\/\/marcali.plebania.hu\/index.php?rest_route=\/wp\/v2\/posts"}],"about":[{"href":"https:\/\/marcali.plebania.hu\/index.php?rest_route=\/wp\/v2\/types\/post"}],"author":[{"embeddable":true,"href":"https:\/\/marcali.plebania.hu\/index.php?rest_route=\/wp\/v2\/users\/2"}],"replies":[{"embeddable":true,"href":"https:\/\/marcali.plebania.hu\/index.php?rest_route=%2Fwp%2Fv2%2Fcomments&post=477"}],"version-history":[{"count":1,"href":"https:\/\/marcali.plebania.hu\/index.php?rest_route=\/wp\/v2\/posts\/477\/revisions"}],"predecessor-version":[{"id":482,"href":"https:\/\/marcali.plebania.hu\/index.php?rest_route=\/wp\/v2\/posts\/477\/revisions\/482"}],"wp:attachment":[{"href":"https:\/\/marcali.plebania.hu\/index.php?rest_route=%2Fwp%2Fv2%2Fmedia&parent=477"}],"wp:term":[{"taxonomy":"category","embeddable":true,"href":"https:\/\/marcali.plebania.hu\/index.php?rest_route=%2Fwp%2Fv2%2Fcategories&post=477"},{"taxonomy":"post_tag","embeddable":true,"href":"https:\/\/marcali.plebania.hu\/index.php?rest_route=%2Fwp%2Fv2%2Ftags&post=477"}],"curies":[{"name":"wp","href":"https:\/\/api.w.org\/{rel}","templated":true}]}}