{"id":4794,"date":"2023-06-16T09:41:23","date_gmt":"2023-06-16T09:41:23","guid":{"rendered":"https:\/\/marcali.plebania.hu\/?p=4794"},"modified":"2023-06-16T09:41:23","modified_gmt":"2023-06-16T09:41:23","slug":"hirdetesek-2023-06-18","status":"publish","type":"post","link":"https:\/\/marcali.plebania.hu\/?p=4794","title":{"rendered":"Hirdet\u00e9sek, 2023. 06. 18."},"content":{"rendered":"\n<ol class=\"wp-block-list\"><li>Ma\nvan az \u00e9vk\u00f6zi 11. vas\u00e1rnap.<\/li><li>A\npl\u00e9b\u00e1nos megk\u00f6sz\u00f6ni a h\u00edveknek a sok-sok im\u00e1t, \u00e9s azt k\u00e9ri, hogy a tov\u00e1bbi\nfel\u00e9p\u00fcl\u00e9s\u00e9\u00e9rt is im\u00e1dkozzanak \u00e9rte!<\/li><li>Szerd\u00e1n,\n18 \u00f3rakor a pl\u00e9b\u00e1ni\u00e1n rendk\u00edv\u00fcli test\u00fcleti \u00fcl\u00e9st tart az Egyh\u00e1zk\u00f6zs\u00e9g K\u00e9pvisel\u0151\nTest\u00fclete, melyre a tags\u00e1got h\u00edvja \u00e9s v\u00e1rja a pl\u00e9b\u00e1nos.<\/li><li>P\u00e9nteken\n17.30-t\u00f3l szents\u00e9gim\u00e1d\u00e1s, majd 18 \u00f3rakor szentmise a pl\u00e9b\u00e1niatemplomban.<\/li><li>J\u00f6v\u0151\nvas\u00e1rnap a gombai templomban 17 \u00f3rakor lesz szentmise. A t\u00f6bbi templomban\nv\u00e1ltozatlan a miserend.<\/li><li>A\nny\u00e1ri napk\u00f6zis hittanos t\u00e1bor j\u00falius 3-7. k\u00f6z\u00f6tt lesz 1-6. oszt\u00e1lyos\ngyermekeknek megtartva az X-h\u00e1zban.<\/li><li>Minden\nh\u00f3nap els\u0151 szombatj\u00e1n 17 \u00f3rakor ima\u00f3r\u00e1t tartunk, majd 18 \u00f3rakor szentmise a\npl\u00e9b\u00e1niatemplomban.<\/li><\/ol>\n","protected":false},"excerpt":{"rendered":"<p>Ma van az \u00e9vk\u00f6zi 11. vas\u00e1rnap. A pl\u00e9b\u00e1nos megk\u00f6sz\u00f6ni a h\u00edveknek a sok-sok im\u00e1t, \u00e9s azt k\u00e9ri, hogy a tov\u00e1bbi fel\u00e9p\u00fcl\u00e9s\u00e9\u00e9rt is im\u00e1dkozzanak \u00e9rte! Szerd\u00e1n, 18 \u00f3rakor a pl\u00e9b\u00e1ni\u00e1n rendk\u00edv\u00fcli test\u00fcleti \u00fcl\u00e9st tart az Egyh\u00e1zk\u00f6zs\u00e9g K\u00e9pvisel\u0151 Test\u00fclete, melyre a tags\u00e1got h\u00edvja \u00e9s v\u00e1rja a pl\u00e9b\u00e1nos. P\u00e9nteken 17.30-t\u00f3l szents\u00e9gim\u00e1d\u00e1s, majd 18 \u00f3rakor szentmise a pl\u00e9b\u00e1niatemplomban. J\u00f6v\u0151 vas\u00e1rnap a gombai templomban 17 \u00f3rakor lesz szentmise. A t\u00f6bbi templomban v\u00e1ltozatlan a miserend. A ny\u00e1ri napk\u00f6zis hittanos t\u00e1bor j\u00falius 3-7. k\u00f6z\u00f6tt lesz 1-6. oszt\u00e1lyos&#8230;<\/p>\n<p class=\"read-more\"><a class=\"btn btn-default\" href=\"https:\/\/marcali.plebania.hu\/?p=4794\"> Read More<span class=\"screen-reader-text\">  Read More<\/span><\/a><\/p>\n","protected":false},"author":2,"featured_media":0,"comment_status":"closed","ping_status":"open","sticky":false,"template":"","format":"standard","meta":{"footnotes":""},"categories":[1],"tags":[],"class_list":["post-4794","post","type-post","status-publish","format-standard","hentry","category-egyeb"],"_links":{"self":[{"href":"https:\/\/marcali.plebania.hu\/index.php?rest_route=\/wp\/v2\/posts\/4794","targetHints":{"allow":["GET"]}}],"collection":[{"href":"https:\/\/marcali.plebania.hu\/index.php?rest_route=\/wp\/v2\/posts"}],"about":[{"href":"https:\/\/marcali.plebania.hu\/index.php?rest_route=\/wp\/v2\/types\/post"}],"author":[{"embeddable":true,"href":"https:\/\/marcali.plebania.hu\/index.php?rest_route=\/wp\/v2\/users\/2"}],"replies":[{"embeddable":true,"href":"https:\/\/marcali.plebania.hu\/index.php?rest_route=%2Fwp%2Fv2%2Fcomments&post=4794"}],"version-history":[{"count":1,"href":"https:\/\/marcali.plebania.hu\/index.php?rest_route=\/wp\/v2\/posts\/4794\/revisions"}],"predecessor-version":[{"id":4795,"href":"https:\/\/marcali.plebania.hu\/index.php?rest_route=\/wp\/v2\/posts\/4794\/revisions\/4795"}],"wp:attachment":[{"href":"https:\/\/marcali.plebania.hu\/index.php?rest_route=%2Fwp%2Fv2%2Fmedia&parent=4794"}],"wp:term":[{"taxonomy":"category","embeddable":true,"href":"https:\/\/marcali.plebania.hu\/index.php?rest_route=%2Fwp%2Fv2%2Fcategories&post=4794"},{"taxonomy":"post_tag","embeddable":true,"href":"https:\/\/marcali.plebania.hu\/index.php?rest_route=%2Fwp%2Fv2%2Ftags&post=4794"}],"curies":[{"name":"wp","href":"https:\/\/api.w.org\/{rel}","templated":true}]}}