{"id":4796,"date":"2023-06-23T08:46:15","date_gmt":"2023-06-23T08:46:15","guid":{"rendered":"https:\/\/marcali.plebania.hu\/?p=4796"},"modified":"2023-06-23T08:46:15","modified_gmt":"2023-06-23T08:46:15","slug":"hirdetesek-2023-06-25","status":"publish","type":"post","link":"https:\/\/marcali.plebania.hu\/?p=4796","title":{"rendered":"Hirdet\u00e9sek, 2023. 06. 25."},"content":{"rendered":"\n<ol class=\"wp-block-list\"><li>Ma van az \u00e9vk\u00f6zi 12. vas\u00e1rnap.<\/li><li>A pl\u00e9b\u00e1nos megk\u00f6sz\u00f6ni a h\u00edveknek a\nsok-sok im\u00e1t, \u00e9s azt k\u00e9ri, hogy a tov\u00e1bbi fel\u00e9p\u00fcl\u00e9s\u00e9\u00e9rt is im\u00e1dkozzanak \u00e9rte!<\/li><li>P\u00e9nteken 17.30-t\u00f3l szents\u00e9gim\u00e1d\u00e1s,\nmajd 18 \u00f3rakor szentmise a pl\u00e9b\u00e1niatemplomban.<\/li><li>J\u00f6v\u0151 vas\u00e1rnap a r\u00e9gi rend szerint\nlesznek a szentmis\u00e9k megtartva. Ugyancsak aznap lesz P\u00e9ter-fill\u00e9r gy\u0171jt\u00e9s a\nSzentsz\u00e9k jav\u00e1ra.<\/li><li>A ny\u00e1ri napk\u00f6zis hittanos t\u00e1bor\nj\u00falius 3-7. k\u00f6z\u00f6tt lesz az X-h\u00e1zban.<\/li><li>Minden h\u00f3nap els\u0151 szombatj\u00e1n 17\n\u00f3rakor ima\u00f3r\u00e1t tartunk, majd 18 \u00f3rakor szentmise a pl\u00e9b\u00e1niatemplomban.<\/li><\/ol>\n","protected":false},"excerpt":{"rendered":"<p>Ma van az \u00e9vk\u00f6zi 12. vas\u00e1rnap. A pl\u00e9b\u00e1nos megk\u00f6sz\u00f6ni a h\u00edveknek a sok-sok im\u00e1t, \u00e9s azt k\u00e9ri, hogy a tov\u00e1bbi fel\u00e9p\u00fcl\u00e9s\u00e9\u00e9rt is im\u00e1dkozzanak \u00e9rte! P\u00e9nteken 17.30-t\u00f3l szents\u00e9gim\u00e1d\u00e1s, majd 18 \u00f3rakor szentmise a pl\u00e9b\u00e1niatemplomban. J\u00f6v\u0151 vas\u00e1rnap a r\u00e9gi rend szerint lesznek a szentmis\u00e9k megtartva. Ugyancsak aznap lesz P\u00e9ter-fill\u00e9r gy\u0171jt\u00e9s a Szentsz\u00e9k jav\u00e1ra. A ny\u00e1ri napk\u00f6zis hittanos t\u00e1bor j\u00falius 3-7. k\u00f6z\u00f6tt lesz az X-h\u00e1zban. Minden h\u00f3nap els\u0151 szombatj\u00e1n 17 \u00f3rakor ima\u00f3r\u00e1t tartunk, majd 18 \u00f3rakor szentmise a pl\u00e9b\u00e1niatemplomban.<\/p>\n","protected":false},"author":2,"featured_media":0,"comment_status":"closed","ping_status":"open","sticky":false,"template":"","format":"standard","meta":{"footnotes":""},"categories":[1],"tags":[],"class_list":["post-4796","post","type-post","status-publish","format-standard","hentry","category-egyeb"],"_links":{"self":[{"href":"https:\/\/marcali.plebania.hu\/index.php?rest_route=\/wp\/v2\/posts\/4796","targetHints":{"allow":["GET"]}}],"collection":[{"href":"https:\/\/marcali.plebania.hu\/index.php?rest_route=\/wp\/v2\/posts"}],"about":[{"href":"https:\/\/marcali.plebania.hu\/index.php?rest_route=\/wp\/v2\/types\/post"}],"author":[{"embeddable":true,"href":"https:\/\/marcali.plebania.hu\/index.php?rest_route=\/wp\/v2\/users\/2"}],"replies":[{"embeddable":true,"href":"https:\/\/marcali.plebania.hu\/index.php?rest_route=%2Fwp%2Fv2%2Fcomments&post=4796"}],"version-history":[{"count":1,"href":"https:\/\/marcali.plebania.hu\/index.php?rest_route=\/wp\/v2\/posts\/4796\/revisions"}],"predecessor-version":[{"id":4797,"href":"https:\/\/marcali.plebania.hu\/index.php?rest_route=\/wp\/v2\/posts\/4796\/revisions\/4797"}],"wp:attachment":[{"href":"https:\/\/marcali.plebania.hu\/index.php?rest_route=%2Fwp%2Fv2%2Fmedia&parent=4796"}],"wp:term":[{"taxonomy":"category","embeddable":true,"href":"https:\/\/marcali.plebania.hu\/index.php?rest_route=%2Fwp%2Fv2%2Fcategories&post=4796"},{"taxonomy":"post_tag","embeddable":true,"href":"https:\/\/marcali.plebania.hu\/index.php?rest_route=%2Fwp%2Fv2%2Ftags&post=4796"}],"curies":[{"name":"wp","href":"https:\/\/api.w.org\/{rel}","templated":true}]}}