{"id":4799,"date":"2023-06-30T08:35:25","date_gmt":"2023-06-30T08:35:25","guid":{"rendered":"https:\/\/marcali.plebania.hu\/?p=4799"},"modified":"2023-06-30T08:35:25","modified_gmt":"2023-06-30T08:35:25","slug":"hirdetesek-2023-07-02","status":"publish","type":"post","link":"https:\/\/marcali.plebania.hu\/?p=4799","title":{"rendered":"Hirdet\u00e9sek, 2023. 07. 02."},"content":{"rendered":"\n<ol class=\"wp-block-list\"><li>Ma van az \u00e9vk\u00f6zi 13. vas\u00e1rnap. Ma az\norsz\u00e1g valamennyi katolikus templom\u00e1ban P\u00e9ter-fill\u00e9r gy\u0171jt\u00e9s van a Szentsz\u00e9k\njav\u00e1ra.<\/li><li>A pl\u00e9b\u00e1nos megk\u00f6sz\u00f6ni a h\u00edveknek a\nsok-sok im\u00e1t, \u00e9s azt k\u00e9ri, hogy a tov\u00e1bbi fel\u00e9p\u00fcl\u00e9s\u00e9\u00e9rt is im\u00e1dkozzanak \u00e9rte!<\/li><li>H\u00e9tf\u0151t\u0151l megkezd\u0151dik ny\u00e1ri napk\u00f6zis\nhittanos t\u00e1bor az X-h\u00e1zban v\u00e1ltozatos programokkal.<\/li><li>P\u00e9nteken, els\u0151 p\u00e9ntek, d\u00e9lel\u0151tt a\nh\u00e1zi betegek gy\u00f3ntat\u00e1sa, d\u00e9lut\u00e1n 17.30-t\u00f3l szents\u00e9gim\u00e1d\u00e1s, majd 18 \u00f3rakor\nszentmise a pl\u00e9b\u00e1niatemplomban.<\/li><li>J\u00f6v\u0151 vas\u00e1rnap 9 \u00f3rakor lesz szentmise\na pl\u00e9b\u00e1niatemplomban, majd 12 \u00f3r\u00e1t\u00f3l este 18 \u00f3r\u00e1ig a ny\u00e1ri szents\u00e9gim\u00e1d\u00e1s a\nhirdet\u0151t\u00e1bl\u00e1n beosztott rend szerint.<\/li><li>Ugyancsak j\u00f6v\u0151 vas\u00e1rnap Biz\u00e9n 15\n\u00f3rakor lesz szentmise. A t\u00f6bbi templomban v\u00e1ltozatlan id\u0151pontban.<\/li><\/ol>\n","protected":false},"excerpt":{"rendered":"<p>Ma van az \u00e9vk\u00f6zi 13. vas\u00e1rnap. Ma az orsz\u00e1g valamennyi katolikus templom\u00e1ban P\u00e9ter-fill\u00e9r gy\u0171jt\u00e9s van a Szentsz\u00e9k jav\u00e1ra. A pl\u00e9b\u00e1nos megk\u00f6sz\u00f6ni a h\u00edveknek a sok-sok im\u00e1t, \u00e9s azt k\u00e9ri, hogy a tov\u00e1bbi fel\u00e9p\u00fcl\u00e9s\u00e9\u00e9rt is im\u00e1dkozzanak \u00e9rte! H\u00e9tf\u0151t\u0151l megkezd\u0151dik ny\u00e1ri napk\u00f6zis hittanos t\u00e1bor az X-h\u00e1zban v\u00e1ltozatos programokkal. P\u00e9nteken, els\u0151 p\u00e9ntek, d\u00e9lel\u0151tt a h\u00e1zi betegek gy\u00f3ntat\u00e1sa, d\u00e9lut\u00e1n 17.30-t\u00f3l szents\u00e9gim\u00e1d\u00e1s, majd 18 \u00f3rakor szentmise a pl\u00e9b\u00e1niatemplomban. J\u00f6v\u0151 vas\u00e1rnap 9 \u00f3rakor lesz szentmise a pl\u00e9b\u00e1niatemplomban, majd 12 \u00f3r\u00e1t\u00f3l este 18 \u00f3r\u00e1ig a ny\u00e1ri szents\u00e9gim\u00e1d\u00e1s&#8230;<\/p>\n<p class=\"read-more\"><a class=\"btn btn-default\" href=\"https:\/\/marcali.plebania.hu\/?p=4799\"> Read More<span class=\"screen-reader-text\">  Read More<\/span><\/a><\/p>\n","protected":false},"author":2,"featured_media":0,"comment_status":"closed","ping_status":"open","sticky":false,"template":"","format":"standard","meta":{"footnotes":""},"categories":[1],"tags":[],"class_list":["post-4799","post","type-post","status-publish","format-standard","hentry","category-egyeb"],"_links":{"self":[{"href":"https:\/\/marcali.plebania.hu\/index.php?rest_route=\/wp\/v2\/posts\/4799","targetHints":{"allow":["GET"]}}],"collection":[{"href":"https:\/\/marcali.plebania.hu\/index.php?rest_route=\/wp\/v2\/posts"}],"about":[{"href":"https:\/\/marcali.plebania.hu\/index.php?rest_route=\/wp\/v2\/types\/post"}],"author":[{"embeddable":true,"href":"https:\/\/marcali.plebania.hu\/index.php?rest_route=\/wp\/v2\/users\/2"}],"replies":[{"embeddable":true,"href":"https:\/\/marcali.plebania.hu\/index.php?rest_route=%2Fwp%2Fv2%2Fcomments&post=4799"}],"version-history":[{"count":1,"href":"https:\/\/marcali.plebania.hu\/index.php?rest_route=\/wp\/v2\/posts\/4799\/revisions"}],"predecessor-version":[{"id":4800,"href":"https:\/\/marcali.plebania.hu\/index.php?rest_route=\/wp\/v2\/posts\/4799\/revisions\/4800"}],"wp:attachment":[{"href":"https:\/\/marcali.plebania.hu\/index.php?rest_route=%2Fwp%2Fv2%2Fmedia&parent=4799"}],"wp:term":[{"taxonomy":"category","embeddable":true,"href":"https:\/\/marcali.plebania.hu\/index.php?rest_route=%2Fwp%2Fv2%2Fcategories&post=4799"},{"taxonomy":"post_tag","embeddable":true,"href":"https:\/\/marcali.plebania.hu\/index.php?rest_route=%2Fwp%2Fv2%2Ftags&post=4799"}],"curies":[{"name":"wp","href":"https:\/\/api.w.org\/{rel}","templated":true}]}}