{"id":4801,"date":"2023-07-07T09:15:42","date_gmt":"2023-07-07T09:15:42","guid":{"rendered":"https:\/\/marcali.plebania.hu\/?p=4801"},"modified":"2023-07-07T09:15:42","modified_gmt":"2023-07-07T09:15:42","slug":"hirdetesek-2023-07-09","status":"publish","type":"post","link":"https:\/\/marcali.plebania.hu\/?p=4801","title":{"rendered":"Hirdet\u00e9sek, 2023. 07. 09."},"content":{"rendered":"\n<ol class=\"wp-block-list\"><li>Ma\nvan az \u00e9vk\u00f6zi 14. vas\u00e1rnap. A mai napon szents\u00e9gim\u00e1d\u00e1s van a pl\u00e9b\u00e1niatemplomban\na hirdet\u0151t\u00e1bl\u00e1n beosztott rend szerint.<\/li><li>A\npl\u00e9b\u00e1nos megk\u00f6sz\u00f6ni a h\u00edveknek a sok-sok im\u00e1t, \u00e9s azt k\u00e9ri, hogy a tov\u00e1bbi\nfel\u00e9p\u00fcl\u00e9s\u00e9\u00e9rt is im\u00e1dkozzanak \u00e9rte!<\/li><li>Megk\u00f6sz\u00f6nj\u00fck\na hitoktat\u00f3k \u00e9s a seg\u00edt\u0151k munk\u00e1j\u00e1t a ny\u00e1ri napk\u00f6zis hittanos t\u00e1bor sikeres\nlebonyol\u00edt\u00e1s\u00e1\u00e9rt. Tov\u00e1bb\u00e1 megk\u00f6sz\u00f6nj\u00fck a Kaposv\u00e1ri P\u00fcsp\u00f6ks\u00e9g t\u00e1mogat\u00e1s\u00e1t is,\nhogy siker\u00fclt egy sz\u00e9p, tartalmas, egy hetes programot szervezni a hittanos\ngyermekeknek.<\/li><li>Cs\u00fct\u00f6rt\u00f6k\u00f6n,\n13-\u00e1n 17 \u00f3rakor fatimai ima\u00f3r\u00e1t tartunk, 18 \u00f3rakor szentmise a\npl\u00e9b\u00e1niatemplomban.<\/li><li>P\u00e9nteken,\n17.30-t\u00f3l szents\u00e9gim\u00e1d\u00e1s, 18 \u00f3rakor szentmise a pl\u00e9b\u00e1niatemplomban.<\/li><li>Szombaton\n\u00e9s vas\u00e1rnap v\u00e1ltozatlan a miserend.<\/li><\/ol>\n","protected":false},"excerpt":{"rendered":"<p>Ma van az \u00e9vk\u00f6zi 14. vas\u00e1rnap. A mai napon szents\u00e9gim\u00e1d\u00e1s van a pl\u00e9b\u00e1niatemplomban a hirdet\u0151t\u00e1bl\u00e1n beosztott rend szerint. A pl\u00e9b\u00e1nos megk\u00f6sz\u00f6ni a h\u00edveknek a sok-sok im\u00e1t, \u00e9s azt k\u00e9ri, hogy a tov\u00e1bbi fel\u00e9p\u00fcl\u00e9s\u00e9\u00e9rt is im\u00e1dkozzanak \u00e9rte! Megk\u00f6sz\u00f6nj\u00fck a hitoktat\u00f3k \u00e9s a seg\u00edt\u0151k munk\u00e1j\u00e1t a ny\u00e1ri napk\u00f6zis hittanos t\u00e1bor sikeres lebonyol\u00edt\u00e1s\u00e1\u00e9rt. Tov\u00e1bb\u00e1 megk\u00f6sz\u00f6nj\u00fck a Kaposv\u00e1ri P\u00fcsp\u00f6ks\u00e9g t\u00e1mogat\u00e1s\u00e1t is, hogy siker\u00fclt egy sz\u00e9p, tartalmas, egy hetes programot szervezni a hittanos gyermekeknek. Cs\u00fct\u00f6rt\u00f6k\u00f6n, 13-\u00e1n 17 \u00f3rakor fatimai ima\u00f3r\u00e1t tartunk, 18 \u00f3rakor szentmise a&#8230;<\/p>\n<p class=\"read-more\"><a class=\"btn btn-default\" href=\"https:\/\/marcali.plebania.hu\/?p=4801\"> Read More<span class=\"screen-reader-text\">  Read More<\/span><\/a><\/p>\n","protected":false},"author":2,"featured_media":0,"comment_status":"closed","ping_status":"open","sticky":false,"template":"","format":"standard","meta":{"footnotes":""},"categories":[1],"tags":[],"class_list":["post-4801","post","type-post","status-publish","format-standard","hentry","category-egyeb"],"_links":{"self":[{"href":"https:\/\/marcali.plebania.hu\/index.php?rest_route=\/wp\/v2\/posts\/4801","targetHints":{"allow":["GET"]}}],"collection":[{"href":"https:\/\/marcali.plebania.hu\/index.php?rest_route=\/wp\/v2\/posts"}],"about":[{"href":"https:\/\/marcali.plebania.hu\/index.php?rest_route=\/wp\/v2\/types\/post"}],"author":[{"embeddable":true,"href":"https:\/\/marcali.plebania.hu\/index.php?rest_route=\/wp\/v2\/users\/2"}],"replies":[{"embeddable":true,"href":"https:\/\/marcali.plebania.hu\/index.php?rest_route=%2Fwp%2Fv2%2Fcomments&post=4801"}],"version-history":[{"count":1,"href":"https:\/\/marcali.plebania.hu\/index.php?rest_route=\/wp\/v2\/posts\/4801\/revisions"}],"predecessor-version":[{"id":4802,"href":"https:\/\/marcali.plebania.hu\/index.php?rest_route=\/wp\/v2\/posts\/4801\/revisions\/4802"}],"wp:attachment":[{"href":"https:\/\/marcali.plebania.hu\/index.php?rest_route=%2Fwp%2Fv2%2Fmedia&parent=4801"}],"wp:term":[{"taxonomy":"category","embeddable":true,"href":"https:\/\/marcali.plebania.hu\/index.php?rest_route=%2Fwp%2Fv2%2Fcategories&post=4801"},{"taxonomy":"post_tag","embeddable":true,"href":"https:\/\/marcali.plebania.hu\/index.php?rest_route=%2Fwp%2Fv2%2Ftags&post=4801"}],"curies":[{"name":"wp","href":"https:\/\/api.w.org\/{rel}","templated":true}]}}