{"id":4806,"date":"2023-07-21T10:18:01","date_gmt":"2023-07-21T10:18:01","guid":{"rendered":"https:\/\/marcali.plebania.hu\/?p=4806"},"modified":"2023-07-21T10:18:01","modified_gmt":"2023-07-21T10:18:01","slug":"hirdetesek-2023-07-23","status":"publish","type":"post","link":"https:\/\/marcali.plebania.hu\/?p=4806","title":{"rendered":"Hirdet\u00e9sek, 2023. 07. 23."},"content":{"rendered":"\n<ol class=\"wp-block-list\"><li>Ma\nvan az \u00e9vk\u00f6zi 16. vas\u00e1rnap.<\/li><li>A\npl\u00e9b\u00e1nos megk\u00f6sz\u00f6ni a h\u00edveknek a sok-sok im\u00e1t, \u00e9s azt k\u00e9ri, hogy a tov\u00e1bbi\nfel\u00e9p\u00fcl\u00e9s\u00e9\u00e9rt is im\u00e1dkozzanak \u00e9rte!<\/li><li>P\u00e9nteken,\n17.30-t\u00f3l szents\u00e9gim\u00e1d\u00e1s, 18 \u00f3rakor szentmise a pl\u00e9b\u00e1niatemplomban.<\/li><li>J\u00f6v\u0151\nvas\u00e1rnap a 9 \u00f3r\u00e1s szentmise ut\u00e1n lesz a j\u00e1rm\u0171vek meg\u00e1ld\u00e1sa a pl\u00e9b\u00e1niatemplom\nel\u0151tti t\u00e9ren.<\/li><li>Kiss\nIv\u00e1n pl\u00e9b\u00e1nos b\u00facs\u00faztat\u00f3 mis\u00e9je, egyben az \u00faj pl\u00e9b\u00e1nos, Tomanek Ferenc \u00c1ron els\u0151\nbemutatkoz\u00f3 mis\u00e9je augusztus 13-\u00e1n 10 \u00f3rakor lesz a pl\u00e9b\u00e1niatemplomban, melyre\nszeretettel h\u00edvunk \u00e9s v\u00e1runk mindenkit. Aznap csak ez az egy szentmise lesz\nMarcaliban.<\/li><li>A\nK\u00c9SZ Marcali Csoportja szeptember 9-\u00e9n zar\u00e1ndoklatot hirdet Keszthely, Egregy\n\u00e9s Zalaegerszeg szakr\u00e1lis \u00e9rt\u00e9keinek megtekint\u00e9s\u00e9re, melyre b\u00e1rki jelentkezhet\nS\u00e1voly Andre\u00e1n\u00e1l \u00e9s a pl\u00e9b\u00e1ni\u00e1n. Az \u00fatik\u00f6lts\u00e9g 3000- Ft szem\u00e9lyenk\u00e9nt, a K\u00c9SZ\ntagoknak ingyenes.<\/li><\/ol>\n","protected":false},"excerpt":{"rendered":"<p>Ma van az \u00e9vk\u00f6zi 16. vas\u00e1rnap. A pl\u00e9b\u00e1nos megk\u00f6sz\u00f6ni a h\u00edveknek a sok-sok im\u00e1t, \u00e9s azt k\u00e9ri, hogy a tov\u00e1bbi fel\u00e9p\u00fcl\u00e9s\u00e9\u00e9rt is im\u00e1dkozzanak \u00e9rte! P\u00e9nteken, 17.30-t\u00f3l szents\u00e9gim\u00e1d\u00e1s, 18 \u00f3rakor szentmise a pl\u00e9b\u00e1niatemplomban. J\u00f6v\u0151 vas\u00e1rnap a 9 \u00f3r\u00e1s szentmise ut\u00e1n lesz a j\u00e1rm\u0171vek meg\u00e1ld\u00e1sa a pl\u00e9b\u00e1niatemplom el\u0151tti t\u00e9ren. Kiss Iv\u00e1n pl\u00e9b\u00e1nos b\u00facs\u00faztat\u00f3 mis\u00e9je, egyben az \u00faj pl\u00e9b\u00e1nos, Tomanek Ferenc \u00c1ron els\u0151 bemutatkoz\u00f3 mis\u00e9je augusztus 13-\u00e1n 10 \u00f3rakor lesz a pl\u00e9b\u00e1niatemplomban, melyre szeretettel h\u00edvunk \u00e9s v\u00e1runk mindenkit. Aznap csak ez az egy&#8230;<\/p>\n<p class=\"read-more\"><a class=\"btn btn-default\" href=\"https:\/\/marcali.plebania.hu\/?p=4806\"> Read More<span class=\"screen-reader-text\">  Read More<\/span><\/a><\/p>\n","protected":false},"author":2,"featured_media":0,"comment_status":"closed","ping_status":"open","sticky":false,"template":"","format":"standard","meta":{"footnotes":""},"categories":[1],"tags":[],"class_list":["post-4806","post","type-post","status-publish","format-standard","hentry","category-egyeb"],"_links":{"self":[{"href":"https:\/\/marcali.plebania.hu\/index.php?rest_route=\/wp\/v2\/posts\/4806","targetHints":{"allow":["GET"]}}],"collection":[{"href":"https:\/\/marcali.plebania.hu\/index.php?rest_route=\/wp\/v2\/posts"}],"about":[{"href":"https:\/\/marcali.plebania.hu\/index.php?rest_route=\/wp\/v2\/types\/post"}],"author":[{"embeddable":true,"href":"https:\/\/marcali.plebania.hu\/index.php?rest_route=\/wp\/v2\/users\/2"}],"replies":[{"embeddable":true,"href":"https:\/\/marcali.plebania.hu\/index.php?rest_route=%2Fwp%2Fv2%2Fcomments&post=4806"}],"version-history":[{"count":1,"href":"https:\/\/marcali.plebania.hu\/index.php?rest_route=\/wp\/v2\/posts\/4806\/revisions"}],"predecessor-version":[{"id":4807,"href":"https:\/\/marcali.plebania.hu\/index.php?rest_route=\/wp\/v2\/posts\/4806\/revisions\/4807"}],"wp:attachment":[{"href":"https:\/\/marcali.plebania.hu\/index.php?rest_route=%2Fwp%2Fv2%2Fmedia&parent=4806"}],"wp:term":[{"taxonomy":"category","embeddable":true,"href":"https:\/\/marcali.plebania.hu\/index.php?rest_route=%2Fwp%2Fv2%2Fcategories&post=4806"},{"taxonomy":"post_tag","embeddable":true,"href":"https:\/\/marcali.plebania.hu\/index.php?rest_route=%2Fwp%2Fv2%2Ftags&post=4806"}],"curies":[{"name":"wp","href":"https:\/\/api.w.org\/{rel}","templated":true}]}}