{"id":4809,"date":"2023-07-28T07:52:21","date_gmt":"2023-07-28T07:52:21","guid":{"rendered":"https:\/\/marcali.plebania.hu\/?p=4809"},"modified":"2023-07-28T07:52:21","modified_gmt":"2023-07-28T07:52:21","slug":"meghivo-unnepi-szentmisere","status":"publish","type":"post","link":"https:\/\/marcali.plebania.hu\/?p=4809","title":{"rendered":"Megh\u00edv\u00f3 \u00fcnnepi szentmis\u00e9re"},"content":{"rendered":"\n<figure class=\"wp-block-image size-large\"><img loading=\"lazy\" decoding=\"async\" width=\"960\" height=\"720\" src=\"https:\/\/marcali.plebania.hu\/wp-content\/uploads\/2023\/07\/Megh\u00edv\u00f3-elb\u00facs\u00faz\u00f3-mis\u00e9re.jpg\" alt=\"\" class=\"wp-image-4810\" srcset=\"https:\/\/marcali.plebania.hu\/wp-content\/uploads\/2023\/07\/Megh\u00edv\u00f3-elb\u00facs\u00faz\u00f3-mis\u00e9re.jpg 960w, https:\/\/marcali.plebania.hu\/wp-content\/uploads\/2023\/07\/Megh\u00edv\u00f3-elb\u00facs\u00faz\u00f3-mis\u00e9re-300x225.jpg 300w, https:\/\/marcali.plebania.hu\/wp-content\/uploads\/2023\/07\/Megh\u00edv\u00f3-elb\u00facs\u00faz\u00f3-mis\u00e9re-768x576.jpg 768w, https:\/\/marcali.plebania.hu\/wp-content\/uploads\/2023\/07\/Megh\u00edv\u00f3-elb\u00facs\u00faz\u00f3-mis\u00e9re-360x270.jpg 360w\" sizes=\"auto, (max-width: 960px) 100vw, 960px\" \/><\/figure>\n","protected":false},"excerpt":{"rendered":"","protected":false},"author":2,"featured_media":0,"comment_status":"closed","ping_status":"open","sticky":false,"template":"","format":"standard","meta":{"footnotes":""},"categories":[1],"tags":[],"class_list":["post-4809","post","type-post","status-publish","format-standard","hentry","category-egyeb"],"_links":{"self":[{"href":"https:\/\/marcali.plebania.hu\/index.php?rest_route=\/wp\/v2\/posts\/4809","targetHints":{"allow":["GET"]}}],"collection":[{"href":"https:\/\/marcali.plebania.hu\/index.php?rest_route=\/wp\/v2\/posts"}],"about":[{"href":"https:\/\/marcali.plebania.hu\/index.php?rest_route=\/wp\/v2\/types\/post"}],"author":[{"embeddable":true,"href":"https:\/\/marcali.plebania.hu\/index.php?rest_route=\/wp\/v2\/users\/2"}],"replies":[{"embeddable":true,"href":"https:\/\/marcali.plebania.hu\/index.php?rest_route=%2Fwp%2Fv2%2Fcomments&post=4809"}],"version-history":[{"count":1,"href":"https:\/\/marcali.plebania.hu\/index.php?rest_route=\/wp\/v2\/posts\/4809\/revisions"}],"predecessor-version":[{"id":4811,"href":"https:\/\/marcali.plebania.hu\/index.php?rest_route=\/wp\/v2\/posts\/4809\/revisions\/4811"}],"wp:attachment":[{"href":"https:\/\/marcali.plebania.hu\/index.php?rest_route=%2Fwp%2Fv2%2Fmedia&parent=4809"}],"wp:term":[{"taxonomy":"category","embeddable":true,"href":"https:\/\/marcali.plebania.hu\/index.php?rest_route=%2Fwp%2Fv2%2Fcategories&post=4809"},{"taxonomy":"post_tag","embeddable":true,"href":"https:\/\/marcali.plebania.hu\/index.php?rest_route=%2Fwp%2Fv2%2Ftags&post=4809"}],"curies":[{"name":"wp","href":"https:\/\/api.w.org\/{rel}","templated":true}]}}