{"id":4812,"date":"2023-07-28T09:30:44","date_gmt":"2023-07-28T09:30:44","guid":{"rendered":"https:\/\/marcali.plebania.hu\/?p=4812"},"modified":"2023-07-28T09:30:44","modified_gmt":"2023-07-28T09:30:44","slug":"hirdetesek-2023-07-30","status":"publish","type":"post","link":"https:\/\/marcali.plebania.hu\/?p=4812","title":{"rendered":"Hirdet\u00e9sek, 2023. 07. 30."},"content":{"rendered":"\n<ol class=\"wp-block-list\"><li>Ma van az \u00e9vk\u00f6zi 17. vas\u00e1rnap.<\/li><li>A pl\u00e9b\u00e1nos megk\u00f6sz\u00f6ni a h\u00edveknek a sok-sok im\u00e1t, \u00e9s\nazt k\u00e9ri, hogy a tov\u00e1bbi fel\u00e9p\u00fcl\u00e9s\u00e9\u00e9rt is im\u00e1dkozzanak \u00e9rte!<\/li><li>Kedden, augusztus 1-\u00e9n a pl\u00e9b\u00e1nia irod\u00e1j\u00e1ban hivatali\nsz\u00fcnet lesz. K\u00e9rj\u00fck, az \u00fcgyek int\u00e9z\u00e9s\u00e9t m\u00e1sik napokra halasztani\nsz\u00edveskedjenek.<\/li><li>J\u00f6v\u0151 p\u00e9nteken, els\u0151p\u00e9ntek d\u00e9lel\u0151tt a h\u00e1zi betegek gy\u00f3ntat\u00e1sa,\n17.30-t\u00f3l szents\u00e9gim\u00e1d\u00e1s, 18 \u00f3rakor szentmise a pl\u00e9b\u00e1niatemplomban.<\/li><li>Szombaton 17 \u00f3rakor els\u0151 szombati ima\u00f3ra, 18 \u00f3rakor\nszentmise a pl\u00e9b\u00e1niatemplomban.<\/li><li>J\u00f6v\u0151 vas\u00e1rnap a gombai templomban kiv\u00e9telesen 17\n\u00f3rakor lesz szentmise, a t\u00f6bbi templomban v\u00e1ltozatlan a miserend.<\/li><li>Kiss Iv\u00e1n c. pr\u00e9post,\npl\u00e9b\u00e1nos 30 \u00e9ves \u00fcnnepi elb\u00facs\u00faz\u00f3 szentmis\u00e9je, egyben az \u00faj pl\u00e9b\u00e1nos, Tomanek\nFerenc \u00c1ron els\u0151 bemutatkoz\u00e1sa 2023. augusztus 13-\u00e1n (vas\u00e1rnap) 10 \u00f3rakor lesz a pl\u00e9b\u00e1niatemplomban, melyre \u00e9s az azt k\u00f6vet\u0151 \u00e1ll\u00f3 fogad\u00e1sra az X-h\u00e1zba\nszeretettel h\u00edvjuk \u00e9s v\u00e1rjuk a v\u00e1ros lak\u00f3it.\nAznap csak ez az egy szentmise lesz Marcaliban.<\/li><li>A K\u00c9SZ Marcali Csoportja szeptember 9-\u00e9n zar\u00e1ndoklatot\nhirdet Keszthely, Egregy \u00e9s Zalaegerszeg szakr\u00e1lis \u00e9rt\u00e9keinek megtekint\u00e9s\u00e9re,\nmelyre b\u00e1rki jelentkezhet S\u00e1voly Andre\u00e1n\u00e1l \u00e9s a pl\u00e9b\u00e1ni\u00e1n. Az \u00fatik\u00f6lts\u00e9g 3000-\nFt szem\u00e9lyenk\u00e9nt, a K\u00c9SZ tagoknak ingyenes.<\/li><\/ol>\n","protected":false},"excerpt":{"rendered":"<p>Ma van az \u00e9vk\u00f6zi 17. vas\u00e1rnap. A pl\u00e9b\u00e1nos megk\u00f6sz\u00f6ni a h\u00edveknek a sok-sok im\u00e1t, \u00e9s azt k\u00e9ri, hogy a tov\u00e1bbi fel\u00e9p\u00fcl\u00e9s\u00e9\u00e9rt is im\u00e1dkozzanak \u00e9rte! Kedden, augusztus 1-\u00e9n a pl\u00e9b\u00e1nia irod\u00e1j\u00e1ban hivatali sz\u00fcnet lesz. K\u00e9rj\u00fck, az \u00fcgyek int\u00e9z\u00e9s\u00e9t m\u00e1sik napokra halasztani sz\u00edveskedjenek. J\u00f6v\u0151 p\u00e9nteken, els\u0151p\u00e9ntek d\u00e9lel\u0151tt a h\u00e1zi betegek gy\u00f3ntat\u00e1sa, 17.30-t\u00f3l szents\u00e9gim\u00e1d\u00e1s, 18 \u00f3rakor szentmise a pl\u00e9b\u00e1niatemplomban. Szombaton 17 \u00f3rakor els\u0151 szombati ima\u00f3ra, 18 \u00f3rakor szentmise a pl\u00e9b\u00e1niatemplomban. J\u00f6v\u0151 vas\u00e1rnap a gombai templomban kiv\u00e9telesen 17 \u00f3rakor lesz szentmise, a t\u00f6bbi templomban&#8230;<\/p>\n<p class=\"read-more\"><a class=\"btn btn-default\" href=\"https:\/\/marcali.plebania.hu\/?p=4812\"> Read More<span class=\"screen-reader-text\">  Read More<\/span><\/a><\/p>\n","protected":false},"author":2,"featured_media":0,"comment_status":"closed","ping_status":"open","sticky":false,"template":"","format":"standard","meta":{"footnotes":""},"categories":[1],"tags":[],"class_list":["post-4812","post","type-post","status-publish","format-standard","hentry","category-egyeb"],"_links":{"self":[{"href":"https:\/\/marcali.plebania.hu\/index.php?rest_route=\/wp\/v2\/posts\/4812","targetHints":{"allow":["GET"]}}],"collection":[{"href":"https:\/\/marcali.plebania.hu\/index.php?rest_route=\/wp\/v2\/posts"}],"about":[{"href":"https:\/\/marcali.plebania.hu\/index.php?rest_route=\/wp\/v2\/types\/post"}],"author":[{"embeddable":true,"href":"https:\/\/marcali.plebania.hu\/index.php?rest_route=\/wp\/v2\/users\/2"}],"replies":[{"embeddable":true,"href":"https:\/\/marcali.plebania.hu\/index.php?rest_route=%2Fwp%2Fv2%2Fcomments&post=4812"}],"version-history":[{"count":1,"href":"https:\/\/marcali.plebania.hu\/index.php?rest_route=\/wp\/v2\/posts\/4812\/revisions"}],"predecessor-version":[{"id":4813,"href":"https:\/\/marcali.plebania.hu\/index.php?rest_route=\/wp\/v2\/posts\/4812\/revisions\/4813"}],"wp:attachment":[{"href":"https:\/\/marcali.plebania.hu\/index.php?rest_route=%2Fwp%2Fv2%2Fmedia&parent=4812"}],"wp:term":[{"taxonomy":"category","embeddable":true,"href":"https:\/\/marcali.plebania.hu\/index.php?rest_route=%2Fwp%2Fv2%2Fcategories&post=4812"},{"taxonomy":"post_tag","embeddable":true,"href":"https:\/\/marcali.plebania.hu\/index.php?rest_route=%2Fwp%2Fv2%2Ftags&post=4812"}],"curies":[{"name":"wp","href":"https:\/\/api.w.org\/{rel}","templated":true}]}}