{"id":4814,"date":"2023-08-04T07:47:13","date_gmt":"2023-08-04T07:47:13","guid":{"rendered":"https:\/\/marcali.plebania.hu\/?p=4814"},"modified":"2023-08-04T07:47:13","modified_gmt":"2023-08-04T07:47:13","slug":"jarmumegaldas-marcaliban","status":"publish","type":"post","link":"https:\/\/marcali.plebania.hu\/?p=4814","title":{"rendered":"J\u00e1rm\u0171meg\u00e1ld\u00e1s Marcaliban"},"content":{"rendered":"\n<p>2023. j\u00falius 30-\u00e1n, vas\u00e1rnap, a 9 \u00f3r\u00e1s szentmise v\u00e9g\u00e9n \u2013 a Kiss Iv\u00e1n c. pr\u00e9post, pl\u00e9b\u00e1nost helyettes\u00edt\u0151 \u2013 Galambos Ferenc mesztegny\u0151i pl\u00e9b\u00e1nos a j\u00e1rm\u0171vek patr\u00f3nus\u00e1ra, Szent Krist\u00f3fra is eml\u00e9kezett, aki a 14 seg\u00edt\u0151 szent egyike \u00e9s a n\u00e9pies vall\u00e1soss\u00e1g tal\u00e1n m\u00e1ig legn\u00e9pszer\u0171bb alakja. Krist\u00f3f az utasok, v\u00e1ndorok, haj\u00f3sok v\u00e9d\u0151szentje, de a g\u00e9pj\u00e1rm\u0171vek megjelen\u00e9se \u00f3ta m\u00e1r az aut\u00f3sok \u00e9s motorosok is maguk\u00e9nak vallj\u00e1k.<\/p>\n\n\n\n<figure class=\"wp-block-gallery columns-3 is-cropped wp-block-gallery-1 is-layout-flex wp-block-gallery-is-layout-flex\"><ul class=\"blocks-gallery-grid\"><li class=\"blocks-gallery-item\"><figure><img loading=\"lazy\" decoding=\"async\" width=\"1024\" height=\"684\" src=\"https:\/\/marcali.plebania.hu\/wp-content\/uploads\/2023\/08\/01-1024x684.jpg\" alt=\"\" data-id=\"4815\" data-full-url=\"https:\/\/marcali.plebania.hu\/wp-content\/uploads\/2023\/08\/01-scaled.jpg\" data-link=\"https:\/\/marcali.plebania.hu\/?attachment_id=4815\" class=\"wp-image-4815\" srcset=\"https:\/\/marcali.plebania.hu\/wp-content\/uploads\/2023\/08\/01-1024x684.jpg 1024w, https:\/\/marcali.plebania.hu\/wp-content\/uploads\/2023\/08\/01-300x201.jpg 300w, https:\/\/marcali.plebania.hu\/wp-content\/uploads\/2023\/08\/01-768x513.jpg 768w, https:\/\/marcali.plebania.hu\/wp-content\/uploads\/2023\/08\/01-1536x1027.jpg 1536w, https:\/\/marcali.plebania.hu\/wp-content\/uploads\/2023\/08\/01-2048x1369.jpg 2048w, https:\/\/marcali.plebania.hu\/wp-content\/uploads\/2023\/08\/01-404x270.jpg 404w\" sizes=\"auto, (max-width: 1024px) 100vw, 1024px\" \/><\/figure><\/li><li class=\"blocks-gallery-item\"><figure><img loading=\"lazy\" decoding=\"async\" width=\"1024\" height=\"684\" src=\"https:\/\/marcali.plebania.hu\/wp-content\/uploads\/2023\/08\/03-1024x684.jpg\" alt=\"\" data-id=\"4817\" data-full-url=\"https:\/\/marcali.plebania.hu\/wp-content\/uploads\/2023\/08\/03-scaled.jpg\" data-link=\"https:\/\/marcali.plebania.hu\/?attachment_id=4817\" class=\"wp-image-4817\" srcset=\"https:\/\/marcali.plebania.hu\/wp-content\/uploads\/2023\/08\/03-1024x684.jpg 1024w, https:\/\/marcali.plebania.hu\/wp-content\/uploads\/2023\/08\/03-300x201.jpg 300w, https:\/\/marcali.plebania.hu\/wp-content\/uploads\/2023\/08\/03-768x513.jpg 768w, https:\/\/marcali.plebania.hu\/wp-content\/uploads\/2023\/08\/03-1536x1027.jpg 1536w, https:\/\/marcali.plebania.hu\/wp-content\/uploads\/2023\/08\/03-2048x1369.jpg 2048w, https:\/\/marcali.plebania.hu\/wp-content\/uploads\/2023\/08\/03-404x270.jpg 404w\" sizes=\"auto, (max-width: 1024px) 100vw, 1024px\" \/><\/figure><\/li><li class=\"blocks-gallery-item\"><figure><img loading=\"lazy\" decoding=\"async\" width=\"1024\" height=\"684\" src=\"https:\/\/marcali.plebania.hu\/wp-content\/uploads\/2023\/08\/04-1024x684.jpg\" alt=\"\" data-id=\"4818\" data-full-url=\"https:\/\/marcali.plebania.hu\/wp-content\/uploads\/2023\/08\/04-scaled.jpg\" data-link=\"https:\/\/marcali.plebania.hu\/?attachment_id=4818\" class=\"wp-image-4818\" srcset=\"https:\/\/marcali.plebania.hu\/wp-content\/uploads\/2023\/08\/04-1024x684.jpg 1024w, https:\/\/marcali.plebania.hu\/wp-content\/uploads\/2023\/08\/04-300x201.jpg 300w, https:\/\/marcali.plebania.hu\/wp-content\/uploads\/2023\/08\/04-768x513.jpg 768w, https:\/\/marcali.plebania.hu\/wp-content\/uploads\/2023\/08\/04-1536x1027.jpg 1536w, https:\/\/marcali.plebania.hu\/wp-content\/uploads\/2023\/08\/04-2048x1369.jpg 2048w, https:\/\/marcali.plebania.hu\/wp-content\/uploads\/2023\/08\/04-404x270.jpg 404w\" sizes=\"auto, (max-width: 1024px) 100vw, 1024px\" \/><\/figure><\/li><li class=\"blocks-gallery-item\"><figure><img loading=\"lazy\" decoding=\"async\" width=\"1024\" height=\"684\" src=\"https:\/\/marcali.plebania.hu\/wp-content\/uploads\/2023\/08\/05-1024x684.jpg\" alt=\"\" data-id=\"4819\" data-full-url=\"https:\/\/marcali.plebania.hu\/wp-content\/uploads\/2023\/08\/05-scaled.jpg\" data-link=\"https:\/\/marcali.plebania.hu\/?attachment_id=4819\" class=\"wp-image-4819\" srcset=\"https:\/\/marcali.plebania.hu\/wp-content\/uploads\/2023\/08\/05-1024x684.jpg 1024w, https:\/\/marcali.plebania.hu\/wp-content\/uploads\/2023\/08\/05-300x201.jpg 300w, https:\/\/marcali.plebania.hu\/wp-content\/uploads\/2023\/08\/05-768x513.jpg 768w, https:\/\/marcali.plebania.hu\/wp-content\/uploads\/2023\/08\/05-1536x1027.jpg 1536w, https:\/\/marcali.plebania.hu\/wp-content\/uploads\/2023\/08\/05-2048x1369.jpg 2048w, https:\/\/marcali.plebania.hu\/wp-content\/uploads\/2023\/08\/05-404x270.jpg 404w\" sizes=\"auto, (max-width: 1024px) 100vw, 1024px\" \/><\/figure><\/li><\/ul><\/figure>\n\n\n\n<p>A szemerk\u00e9l\u0151 es\u0151 miatt, az istentiszteleten Ferenc atya a pl\u00e9b\u00e1niatemplomban megtartotta az \u00e1ld\u00e1s \u00e1ltal\u00e1nos szertart\u00e1s\u00e1t. Majd ezt k\u00f6vet\u0151en a pl\u00e9b\u00e1niatemplom el\u0151tti parkol\u00f3ban, a sz\u00e9p sz\u00e1mban elhozott j\u00e1rm\u0171veket \u00e9s vezet\u0151iket is szenteltv\u00edzzel is meg\u00e1ldotta. Az idei \u00e9vben az id\u0151sek mellett a fiatalok is elj\u00f6ttek, hogy Szent Krist\u00f3f oltalm\u00e1t k\u00e9rj\u00e9k a balesetmentes k\u00f6zleked\u00e9s \u00e9rdek\u00e9ben.<\/p>\n\n\n\n<figure class=\"wp-block-gallery columns-3 is-cropped wp-block-gallery-2 is-layout-flex wp-block-gallery-is-layout-flex\"><ul class=\"blocks-gallery-grid\"><li class=\"blocks-gallery-item\"><figure><img loading=\"lazy\" decoding=\"async\" width=\"1024\" height=\"684\" src=\"https:\/\/marcali.plebania.hu\/wp-content\/uploads\/2023\/08\/07-1024x684.jpg\" alt=\"\" data-id=\"4820\" data-link=\"https:\/\/marcali.plebania.hu\/?attachment_id=4820\" class=\"wp-image-4820\" srcset=\"https:\/\/marcali.plebania.hu\/wp-content\/uploads\/2023\/08\/07-1024x684.jpg 1024w, https:\/\/marcali.plebania.hu\/wp-content\/uploads\/2023\/08\/07-300x201.jpg 300w, https:\/\/marcali.plebania.hu\/wp-content\/uploads\/2023\/08\/07-768x513.jpg 768w, https:\/\/marcali.plebania.hu\/wp-content\/uploads\/2023\/08\/07-1536x1027.jpg 1536w, https:\/\/marcali.plebania.hu\/wp-content\/uploads\/2023\/08\/07-2048x1369.jpg 2048w, https:\/\/marcali.plebania.hu\/wp-content\/uploads\/2023\/08\/07-404x270.jpg 404w\" sizes=\"auto, (max-width: 1024px) 100vw, 1024px\" \/><\/figure><\/li><li class=\"blocks-gallery-item\"><figure><img loading=\"lazy\" decoding=\"async\" width=\"1024\" height=\"684\" src=\"https:\/\/marcali.plebania.hu\/wp-content\/uploads\/2023\/08\/08-1024x684.jpg\" alt=\"\" data-id=\"4821\" data-link=\"https:\/\/marcali.plebania.hu\/?attachment_id=4821\" class=\"wp-image-4821\" srcset=\"https:\/\/marcali.plebania.hu\/wp-content\/uploads\/2023\/08\/08-1024x684.jpg 1024w, https:\/\/marcali.plebania.hu\/wp-content\/uploads\/2023\/08\/08-300x201.jpg 300w, https:\/\/marcali.plebania.hu\/wp-content\/uploads\/2023\/08\/08-768x513.jpg 768w, https:\/\/marcali.plebania.hu\/wp-content\/uploads\/2023\/08\/08-1536x1027.jpg 1536w, https:\/\/marcali.plebania.hu\/wp-content\/uploads\/2023\/08\/08-2048x1369.jpg 2048w, https:\/\/marcali.plebania.hu\/wp-content\/uploads\/2023\/08\/08-404x270.jpg 404w\" sizes=\"auto, (max-width: 1024px) 100vw, 1024px\" \/><\/figure><\/li><li class=\"blocks-gallery-item\"><figure><img loading=\"lazy\" decoding=\"async\" width=\"1024\" height=\"684\" src=\"https:\/\/marcali.plebania.hu\/wp-content\/uploads\/2023\/08\/09-1024x684.jpg\" alt=\"\" data-id=\"4822\" data-link=\"https:\/\/marcali.plebania.hu\/?attachment_id=4822\" class=\"wp-image-4822\" srcset=\"https:\/\/marcali.plebania.hu\/wp-content\/uploads\/2023\/08\/09-1024x684.jpg 1024w, https:\/\/marcali.plebania.hu\/wp-content\/uploads\/2023\/08\/09-300x201.jpg 300w, https:\/\/marcali.plebania.hu\/wp-content\/uploads\/2023\/08\/09-768x513.jpg 768w, https:\/\/marcali.plebania.hu\/wp-content\/uploads\/2023\/08\/09-1536x1027.jpg 1536w, https:\/\/marcali.plebania.hu\/wp-content\/uploads\/2023\/08\/09-2048x1369.jpg 2048w, https:\/\/marcali.plebania.hu\/wp-content\/uploads\/2023\/08\/09-404x270.jpg 404w\" sizes=\"auto, (max-width: 1024px) 100vw, 1024px\" \/><\/figure><\/li><li class=\"blocks-gallery-item\"><figure><img loading=\"lazy\" decoding=\"async\" width=\"1024\" height=\"684\" src=\"https:\/\/marcali.plebania.hu\/wp-content\/uploads\/2023\/08\/15-1024x684.jpg\" alt=\"\" data-id=\"4824\" data-full-url=\"https:\/\/marcali.plebania.hu\/wp-content\/uploads\/2023\/08\/15-scaled.jpg\" data-link=\"https:\/\/marcali.plebania.hu\/?attachment_id=4824\" class=\"wp-image-4824\" srcset=\"https:\/\/marcali.plebania.hu\/wp-content\/uploads\/2023\/08\/15-1024x684.jpg 1024w, https:\/\/marcali.plebania.hu\/wp-content\/uploads\/2023\/08\/15-300x201.jpg 300w, https:\/\/marcali.plebania.hu\/wp-content\/uploads\/2023\/08\/15-768x513.jpg 768w, https:\/\/marcali.plebania.hu\/wp-content\/uploads\/2023\/08\/15-1536x1027.jpg 1536w, https:\/\/marcali.plebania.hu\/wp-content\/uploads\/2023\/08\/15-2048x1369.jpg 2048w, https:\/\/marcali.plebania.hu\/wp-content\/uploads\/2023\/08\/15-404x270.jpg 404w\" sizes=\"auto, (max-width: 1024px) 100vw, 1024px\" \/><\/figure><\/li><\/ul><\/figure>\n","protected":false},"excerpt":{"rendered":"<p>2023. j\u00falius 30-\u00e1n, vas\u00e1rnap, a 9 \u00f3r\u00e1s szentmise v\u00e9g\u00e9n \u2013 a Kiss Iv\u00e1n c. pr\u00e9post, pl\u00e9b\u00e1nost helyettes\u00edt\u0151 \u2013 Galambos Ferenc mesztegny\u0151i pl\u00e9b\u00e1nos a j\u00e1rm\u0171vek patr\u00f3nus\u00e1ra, Szent Krist\u00f3fra is eml\u00e9kezett, aki a 14 seg\u00edt\u0151 szent egyike \u00e9s a n\u00e9pies vall\u00e1soss\u00e1g tal\u00e1n m\u00e1ig legn\u00e9pszer\u0171bb alakja. Krist\u00f3f az utasok, v\u00e1ndorok, haj\u00f3sok v\u00e9d\u0151szentje, de a g\u00e9pj\u00e1rm\u0171vek megjelen\u00e9se \u00f3ta m\u00e1r az aut\u00f3sok \u00e9s motorosok is maguk\u00e9nak vallj\u00e1k. A szemerk\u00e9l\u0151 es\u0151 miatt, az istentiszteleten Ferenc atya a pl\u00e9b\u00e1niatemplomban megtartotta az \u00e1ld\u00e1s \u00e1ltal\u00e1nos szertart\u00e1s\u00e1t. Majd ezt k\u00f6vet\u0151en&#8230;<\/p>\n<p class=\"read-more\"><a class=\"btn btn-default\" href=\"https:\/\/marcali.plebania.hu\/?p=4814\"> Read More<span class=\"screen-reader-text\">  Read More<\/span><\/a><\/p>\n","protected":false},"author":2,"featured_media":0,"comment_status":"closed","ping_status":"open","sticky":false,"template":"","format":"standard","meta":{"footnotes":""},"categories":[1],"tags":[],"class_list":["post-4814","post","type-post","status-publish","format-standard","hentry","category-egyeb"],"_links":{"self":[{"href":"https:\/\/marcali.plebania.hu\/index.php?rest_route=\/wp\/v2\/posts\/4814","targetHints":{"allow":["GET"]}}],"collection":[{"href":"https:\/\/marcali.plebania.hu\/index.php?rest_route=\/wp\/v2\/posts"}],"about":[{"href":"https:\/\/marcali.plebania.hu\/index.php?rest_route=\/wp\/v2\/types\/post"}],"author":[{"embeddable":true,"href":"https:\/\/marcali.plebania.hu\/index.php?rest_route=\/wp\/v2\/users\/2"}],"replies":[{"embeddable":true,"href":"https:\/\/marcali.plebania.hu\/index.php?rest_route=%2Fwp%2Fv2%2Fcomments&post=4814"}],"version-history":[{"count":1,"href":"https:\/\/marcali.plebania.hu\/index.php?rest_route=\/wp\/v2\/posts\/4814\/revisions"}],"predecessor-version":[{"id":4825,"href":"https:\/\/marcali.plebania.hu\/index.php?rest_route=\/wp\/v2\/posts\/4814\/revisions\/4825"}],"wp:attachment":[{"href":"https:\/\/marcali.plebania.hu\/index.php?rest_route=%2Fwp%2Fv2%2Fmedia&parent=4814"}],"wp:term":[{"taxonomy":"category","embeddable":true,"href":"https:\/\/marcali.plebania.hu\/index.php?rest_route=%2Fwp%2Fv2%2Fcategories&post=4814"},{"taxonomy":"post_tag","embeddable":true,"href":"https:\/\/marcali.plebania.hu\/index.php?rest_route=%2Fwp%2Fv2%2Ftags&post=4814"}],"curies":[{"name":"wp","href":"https:\/\/api.w.org\/{rel}","templated":true}]}}