{"id":483,"date":"2018-12-12T16:03:45","date_gmt":"2018-12-12T16:03:45","guid":{"rendered":"https:\/\/marcali.plebania.hu\/?p=483"},"modified":"2018-12-12T16:03:45","modified_gmt":"2018-12-12T16:03:45","slug":"jotekonysagi-vasar-az-x-hazban","status":"publish","type":"post","link":"https:\/\/marcali.plebania.hu\/?p=483","title":{"rendered":"J\u00f3t\u00e9konys\u00e1gi v\u00e1s\u00e1r az X-h\u00e1zban"},"content":{"rendered":"<p>Id\u00e9n is bek\u00f6sz\u00f6nt\u00f6tt az egyh\u00e1z \u00e9let\u00e9ben \u00e1dventi id\u0151szak, amely az \u00dar elj\u00f6vetel\u00e9nek ideje, ugyanakkor a j\u00f3t\u00e9konykod\u00e1s, a m\u00e1sokon val\u00f3 seg\u00edt\u00e9s is ilyenkor ker\u00fcl sz\u00f3ba a legt\u00f6bbsz\u00f6r. J\u00f3t\u00e9konys\u00e1gi gy\u0171jt\u00e9sek szervez\u0151dnek, a telev\u00edzi\u00f3ban \u00e9gnek az adom\u00e1nyvonalak, mindenki \u00fagy pr\u00f3b\u00e1l seg\u00edteni a r\u00e1szorul\u00f3kon, ahogyan anyagi lehet\u0151s\u00e9gei lehet\u0151v\u00e9 teszik.<\/p>\n<p><img loading=\"lazy\" decoding=\"async\" class=\"aligncenter wp-image-484 size-large\" src=\"https:\/\/marcali.plebania.hu\/wp-content\/uploads\/2018\/12\/\u00e1dveti-j\u00f3t\u00e9konys\u00e1g-017-1024x678.jpg\" alt=\"\" width=\"640\" height=\"424\" srcset=\"https:\/\/marcali.plebania.hu\/wp-content\/uploads\/2018\/12\/\u00e1dveti-j\u00f3t\u00e9konys\u00e1g-017.jpg 1024w, https:\/\/marcali.plebania.hu\/wp-content\/uploads\/2018\/12\/\u00e1dveti-j\u00f3t\u00e9konys\u00e1g-017-300x199.jpg 300w, https:\/\/marcali.plebania.hu\/wp-content\/uploads\/2018\/12\/\u00e1dveti-j\u00f3t\u00e9konys\u00e1g-017-768x509.jpg 768w, https:\/\/marcali.plebania.hu\/wp-content\/uploads\/2018\/12\/\u00e1dveti-j\u00f3t\u00e9konys\u00e1g-017-408x270.jpg 408w\" sizes=\"auto, (max-width: 640px) 100vw, 640px\" \/><\/p>\n<p>A fenti c\u00e9l vez\u00e9relte azt a kezdem\u00e9nyez\u00e9st, hogy m\u00e9g jobban, j\u00f3t\u00e9konys\u00e1gi v\u00e1s\u00e1rral is bekapcsol\u00f3djunk a helyi seg\u00edts\u00e9gny\u00fajt\u00e1sba. Marcali Katolikus Egyh\u00e1zk\u00f6zs\u00e9g szervez\u00e9s\u00e9ben 2018. december 9-\u00e9n zajlott le a v\u00e1s\u00e1r az X-h\u00e1zban. A koncepci\u00f3 egyszer\u0171 volt: tartsunk egy olyan v\u00e1s\u00e1rt, ahol mindenki azt \u00e1rul, amit tud (j\u00e1t\u00e9kokt\u00f3l a k\u00f6nyvekig, te\u00e1t\u00f3l a di\u00f3s szeletig) \u00e9s a bev\u00e9telt teljes eg\u00e9sz\u00e9ben adjuk oda a r\u00e1szorul\u00f3knak. Az esem\u00e9ny h\u00edre eljutott Szent Mikl\u00f3s p\u00fcsp\u00f6k f\u00fcl\u00e9be is, aki ennek alkalm\u00e1b\u00f3l megl\u00e1togatta az X-h\u00e1zat \u00e9s megaj\u00e1nd\u00e9kozta a gyermekeket k\u00fcl\u00f6nb\u00f6z\u0151 \u00e9dess\u00e9gekkel.<\/p>\n<p><img loading=\"lazy\" decoding=\"async\" class=\"aligncenter wp-image-485 size-large\" src=\"https:\/\/marcali.plebania.hu\/wp-content\/uploads\/2018\/12\/\u00e1dveti-j\u00f3t\u00e9konys\u00e1g-004-1024x678.jpg\" alt=\"\" width=\"640\" height=\"424\" srcset=\"https:\/\/marcali.plebania.hu\/wp-content\/uploads\/2018\/12\/\u00e1dveti-j\u00f3t\u00e9konys\u00e1g-004.jpg 1024w, https:\/\/marcali.plebania.hu\/wp-content\/uploads\/2018\/12\/\u00e1dveti-j\u00f3t\u00e9konys\u00e1g-004-300x199.jpg 300w, https:\/\/marcali.plebania.hu\/wp-content\/uploads\/2018\/12\/\u00e1dveti-j\u00f3t\u00e9konys\u00e1g-004-768x509.jpg 768w, https:\/\/marcali.plebania.hu\/wp-content\/uploads\/2018\/12\/\u00e1dveti-j\u00f3t\u00e9konys\u00e1g-004-408x270.jpg 408w\" sizes=\"auto, (max-width: 640px) 100vw, 640px\" \/><\/p>\n<p>D\u00e9lel\u0151tt 10 \u00f3rakor tele asztalokkal v\u00e1rt\u00e1k az \u00e9rdekl\u0151d\u0151ket a kis \u00e1rusok, a v\u00e1laszt\u00e9k b\u0151s\u00e9ges volt: kar\u00e1csonyi d\u00edszek, pl\u00fcssfigur\u00e1k, j\u00e1t\u00e9kok, k\u00f6nyvek ker\u00fcltek ter\u00edt\u00e9kre, de lehetett fogyasztani jelk\u00e9pes \u00f6sszeg\u00e9rt te\u00e1t, k\u00e1v\u00e9t, forr\u00f3 csokit \u00e9s zs\u00edros kenyeret is j\u00f3fajta lilahagym\u00e1val. Iv\u00e1n atya megnyit\u00f3ja ut\u00e1n meg\u00e9rkezett Szent Mikl\u00f3s p\u00fcsp\u00f6k is, aki puttony\u00e1ban csokival \u00e9s szaloncukorral nagy n\u00e9pszer\u0171s\u00e9gre tett szert \u00e9s j\u00f3 c\u00e9l \u00e9rdek\u00e9ben m\u00e9g j\u00f3t\u00e9konys\u00e1gi fot\u00f3z\u00e1st is v\u00e1llalt a jelenl\u00e9v\u0151kkel.<\/p>\n<p><img loading=\"lazy\" decoding=\"async\" class=\"aligncenter wp-image-486 size-large\" src=\"https:\/\/marcali.plebania.hu\/wp-content\/uploads\/2018\/12\/\u00e1dveti-j\u00f3t\u00e9konys\u00e1g-005-1024x678.jpg\" alt=\"\" width=\"640\" height=\"424\" srcset=\"https:\/\/marcali.plebania.hu\/wp-content\/uploads\/2018\/12\/\u00e1dveti-j\u00f3t\u00e9konys\u00e1g-005.jpg 1024w, https:\/\/marcali.plebania.hu\/wp-content\/uploads\/2018\/12\/\u00e1dveti-j\u00f3t\u00e9konys\u00e1g-005-300x199.jpg 300w, https:\/\/marcali.plebania.hu\/wp-content\/uploads\/2018\/12\/\u00e1dveti-j\u00f3t\u00e9konys\u00e1g-005-768x509.jpg 768w, https:\/\/marcali.plebania.hu\/wp-content\/uploads\/2018\/12\/\u00e1dveti-j\u00f3t\u00e9konys\u00e1g-005-408x270.jpg 408w\" sizes=\"auto, (max-width: 640px) 100vw, 640px\" \/><\/p>\n<p>Ahogy telt az id\u0151, egyre fogyatkozott a k\u00edn\u00e1lat, mosolyg\u00f3s gyerekarcot t\u00f6lt\u00f6tt\u00e9k meg a k\u00f6z\u00f6ss\u00e9gi h\u00e1z nagyterm\u00e9t: a v\u00e1s\u00e1rl\u00f3k \u00f6r\u00fcltek a friss zs\u00e1km\u00e1nynak, az elad\u00f3k kis dobozaiban pedig gy\u0171lt a bev\u00e9tel, rekord sebess\u00e9ggel fogyott a forr\u00f3 csokol\u00e1d\u00e9 \u00e9s a h\u00e1zi s\u00fctem\u00e9ny. 50 Ft-\u00e9rt lehetett tombol\u00e1t v\u00e1s\u00e1rolni, amelyb\u0151l szint\u00e9n nagyon sok fogyott el \u00e9s a nyerem\u00e9nyt\u00e1rgyak sok boldogs\u00e1got okoztak a szerencs\u00e9s nyerteseknek.<\/p>\n<p><img loading=\"lazy\" decoding=\"async\" class=\"aligncenter wp-image-487 size-large\" src=\"https:\/\/marcali.plebania.hu\/wp-content\/uploads\/2018\/12\/\u00e1dveti-j\u00f3t\u00e9konys\u00e1g-078-1024x678.jpg\" alt=\"\" width=\"640\" height=\"424\" srcset=\"https:\/\/marcali.plebania.hu\/wp-content\/uploads\/2018\/12\/\u00e1dveti-j\u00f3t\u00e9konys\u00e1g-078.jpg 1024w, https:\/\/marcali.plebania.hu\/wp-content\/uploads\/2018\/12\/\u00e1dveti-j\u00f3t\u00e9konys\u00e1g-078-300x199.jpg 300w, https:\/\/marcali.plebania.hu\/wp-content\/uploads\/2018\/12\/\u00e1dveti-j\u00f3t\u00e9konys\u00e1g-078-768x509.jpg 768w, https:\/\/marcali.plebania.hu\/wp-content\/uploads\/2018\/12\/\u00e1dveti-j\u00f3t\u00e9konys\u00e1g-078-408x270.jpg 408w\" sizes=\"auto, (max-width: 640px) 100vw, 640px\" \/><\/p>\n<p>D\u00e9lben z\u00e1rult ez a nagyon j\u00f3kedv\u0171 d\u00e9lel\u0151tt. \u00dagy gondolom, a kit\u0171z\u00f6tt c\u00e9l is teljes\u00fclt, hiszen az \u00f6sszegy\u0171lt bev\u00e9telb\u0151l 25 csal\u00e1d juthat v\u00e1s\u00e1rl\u00e1si utalv\u00e1nyhoz, illetve a v\u00e1s\u00e1r sor\u00e1n vev\u0151re nem tal\u00e1lt aj\u00e1nd\u00e9kt\u00e1rgyakb\u00f3l mindenki kap egy-egy csomagot is.<\/p>\n<p><img loading=\"lazy\" decoding=\"async\" class=\"aligncenter wp-image-488 size-large\" src=\"https:\/\/marcali.plebania.hu\/wp-content\/uploads\/2018\/12\/\u00e1dveti-j\u00f3t\u00e9konys\u00e1g-025-1024x678.jpg\" alt=\"\" width=\"640\" height=\"424\" srcset=\"https:\/\/marcali.plebania.hu\/wp-content\/uploads\/2018\/12\/\u00e1dveti-j\u00f3t\u00e9konys\u00e1g-025-1024x678.jpg 1024w, https:\/\/marcali.plebania.hu\/wp-content\/uploads\/2018\/12\/\u00e1dveti-j\u00f3t\u00e9konys\u00e1g-025-300x199.jpg 300w, https:\/\/marcali.plebania.hu\/wp-content\/uploads\/2018\/12\/\u00e1dveti-j\u00f3t\u00e9konys\u00e1g-025-768x509.jpg 768w, https:\/\/marcali.plebania.hu\/wp-content\/uploads\/2018\/12\/\u00e1dveti-j\u00f3t\u00e9konys\u00e1g-025-408x270.jpg 408w\" sizes=\"auto, (max-width: 640px) 100vw, 640px\" \/><\/p>\n<p>K\u00f6sz\u00f6nj\u00fck a szervez\u0151knek az el\u0151k\u00e9sz\u00edt\u0151 munk\u00e1t, a r\u00e9sztvev\u0151knek a felaj\u00e1nlott t\u00e1rgyakat \u00e9s legf\u0151k\u00e9ppen a J\u00f3istennek azt, hogy ilyen \u00f6tletek sugalmaz\u00e1s\u00e1val seg\u00edti lelk\u00fcnk fejl\u0151d\u00e9s\u00e9t.<\/p>\n<p>2019-ben is v\u00e1runk mindenkit az X-h\u00e1zban, aki sz\u00edv\u00fcgy\u00e9nek \u00e9rzi a j\u00f3t\u00e9konykod\u00e1st \u00e9s ilyen m\u00f3don k\u00edv\u00e1n seg\u00edteni embert\u00e1rsain!<\/p>\n","protected":false},"excerpt":{"rendered":"<p>Id\u00e9n is bek\u00f6sz\u00f6nt\u00f6tt az egyh\u00e1z \u00e9let\u00e9ben \u00e1dventi id\u0151szak, amely az \u00dar elj\u00f6vetel\u00e9nek ideje, ugyanakkor a j\u00f3t\u00e9konykod\u00e1s, a m\u00e1sokon val\u00f3 seg\u00edt\u00e9s is ilyenkor ker\u00fcl sz\u00f3ba a legt\u00f6bbsz\u00f6r. J\u00f3t\u00e9konys\u00e1gi gy\u0171jt\u00e9sek szervez\u0151dnek, a telev\u00edzi\u00f3ban \u00e9gnek az adom\u00e1nyvonalak, mindenki \u00fagy pr\u00f3b\u00e1l seg\u00edteni a r\u00e1szorul\u00f3kon, ahogyan anyagi lehet\u0151s\u00e9gei lehet\u0151v\u00e9 teszik. A fenti c\u00e9l vez\u00e9relte azt a kezdem\u00e9nyez\u00e9st, hogy m\u00e9g jobban, j\u00f3t\u00e9konys\u00e1gi v\u00e1s\u00e1rral is bekapcsol\u00f3djunk a helyi seg\u00edts\u00e9gny\u00fajt\u00e1sba. Marcali Katolikus Egyh\u00e1zk\u00f6zs\u00e9g szervez\u00e9s\u00e9ben 2018. december 9-\u00e9n zajlott le a v\u00e1s\u00e1r az X-h\u00e1zban. A koncepci\u00f3 egyszer\u0171 volt: tartsunk&#8230;<\/p>\n<p class=\"read-more\"><a class=\"btn btn-default\" href=\"https:\/\/marcali.plebania.hu\/?p=483\"> Read More<span class=\"screen-reader-text\">  Read More<\/span><\/a><\/p>\n","protected":false},"author":2,"featured_media":0,"comment_status":"closed","ping_status":"open","sticky":false,"template":"","format":"standard","meta":{"footnotes":""},"categories":[1],"tags":[],"class_list":["post-483","post","type-post","status-publish","format-standard","hentry","category-egyeb"],"_links":{"self":[{"href":"https:\/\/marcali.plebania.hu\/index.php?rest_route=\/wp\/v2\/posts\/483","targetHints":{"allow":["GET"]}}],"collection":[{"href":"https:\/\/marcali.plebania.hu\/index.php?rest_route=\/wp\/v2\/posts"}],"about":[{"href":"https:\/\/marcali.plebania.hu\/index.php?rest_route=\/wp\/v2\/types\/post"}],"author":[{"embeddable":true,"href":"https:\/\/marcali.plebania.hu\/index.php?rest_route=\/wp\/v2\/users\/2"}],"replies":[{"embeddable":true,"href":"https:\/\/marcali.plebania.hu\/index.php?rest_route=%2Fwp%2Fv2%2Fcomments&post=483"}],"version-history":[{"count":1,"href":"https:\/\/marcali.plebania.hu\/index.php?rest_route=\/wp\/v2\/posts\/483\/revisions"}],"predecessor-version":[{"id":489,"href":"https:\/\/marcali.plebania.hu\/index.php?rest_route=\/wp\/v2\/posts\/483\/revisions\/489"}],"wp:attachment":[{"href":"https:\/\/marcali.plebania.hu\/index.php?rest_route=%2Fwp%2Fv2%2Fmedia&parent=483"}],"wp:term":[{"taxonomy":"category","embeddable":true,"href":"https:\/\/marcali.plebania.hu\/index.php?rest_route=%2Fwp%2Fv2%2Fcategories&post=483"},{"taxonomy":"post_tag","embeddable":true,"href":"https:\/\/marcali.plebania.hu\/index.php?rest_route=%2Fwp%2Fv2%2Ftags&post=483"}],"curies":[{"name":"wp","href":"https:\/\/api.w.org\/{rel}","templated":true}]}}