{"id":4831,"date":"2023-08-11T14:13:47","date_gmt":"2023-08-11T14:13:47","guid":{"rendered":"https:\/\/marcali.plebania.hu\/?p=4831"},"modified":"2023-08-11T14:13:47","modified_gmt":"2023-08-11T14:13:47","slug":"hirdetesek-2023-08-13","status":"publish","type":"post","link":"https:\/\/marcali.plebania.hu\/?p=4831","title":{"rendered":"Hirdet\u00e9sek, 2023. 08. 13."},"content":{"rendered":"\n<ol class=\"wp-block-list\"><li>Ma\nvan az \u00e9vk\u00f6zi 19. vas\u00e1rnap.<\/li><li>Kedden,\naugusztus 15-\u00e9n \u00fcnnepelj\u00fck Sz\u0171z M\u00e1ria mennybev\u00e9tel\u00e9t. Nagyboldogasszony \u00fcnnepe sz\u00e1munkra\na vas\u00e1rnappal egyenrang\u00fa, parancsolt \u00fcnnep: 18 \u00f3rakor lesz szentmise a\npl\u00e9b\u00e1niatemplomban.<\/li><li>P\u00e9nteken\n17.30-t\u00f3l szents\u00e9gim\u00e1d\u00e1s, 18 \u00f3rakor szentmise a pl\u00e9b\u00e1niatemplomban.<\/li><li>Vas\u00e1rnap,\naugusztus 20-\u00e1n Szent Istv\u00e1n kir\u00e1ly f\u0151\u00fcnnep\u00e9n a 9 \u00f3rai szentmis\u00e9ben meg\u00e1ldjuk\naz \u00faj kenyeret a pl\u00e9b\u00e1niatemplomban. Aznap ez az egyetlen szentmise lesz\nMarcaliban.<\/li><li>A\nK\u00c9SZ Marcali Csoportja szeptember 9-\u00e9n zar\u00e1ndoklatot hirdet Keszthely, Egregy\n\u00e9s Zalaegerszeg szakr\u00e1lis \u00e9rt\u00e9keinek megtekint\u00e9s\u00e9re, melyre b\u00e1rki jelentkezhet\nS\u00e1voly Andre\u00e1n\u00e1l \u00e9s a pl\u00e9b\u00e1ni\u00e1n. Az \u00fatik\u00f6lts\u00e9g 3000- Ft szem\u00e9lyenk\u00e9nt, a K\u00c9SZ\ntagoknak ingyenes.<\/li><li>Megjelent\na Marcali Katolikus \u00dajs\u00e1g k\u00fcl\u00f6nsz\u00e1ma a Marcali V\u00e1rosi \u00d6nkorm\u00e1nyzat t\u00e1mogat\u00e1s\u00e1val.\nEgy-egy p\u00e9ld\u00e1nyt a szentmise v\u00e9g\u00e9n aj\u00e1nd\u00e9kba adunk a jelenl\u00e9v\u0151knek.<\/li><\/ol>\n","protected":false},"excerpt":{"rendered":"<p>Ma van az \u00e9vk\u00f6zi 19. vas\u00e1rnap. Kedden, augusztus 15-\u00e9n \u00fcnnepelj\u00fck Sz\u0171z M\u00e1ria mennybev\u00e9tel\u00e9t. Nagyboldogasszony \u00fcnnepe sz\u00e1munkra a vas\u00e1rnappal egyenrang\u00fa, parancsolt \u00fcnnep: 18 \u00f3rakor lesz szentmise a pl\u00e9b\u00e1niatemplomban. P\u00e9nteken 17.30-t\u00f3l szents\u00e9gim\u00e1d\u00e1s, 18 \u00f3rakor szentmise a pl\u00e9b\u00e1niatemplomban. Vas\u00e1rnap, augusztus 20-\u00e1n Szent Istv\u00e1n kir\u00e1ly f\u0151\u00fcnnep\u00e9n a 9 \u00f3rai szentmis\u00e9ben meg\u00e1ldjuk az \u00faj kenyeret a pl\u00e9b\u00e1niatemplomban. Aznap ez az egyetlen szentmise lesz Marcaliban. A K\u00c9SZ Marcali Csoportja szeptember 9-\u00e9n zar\u00e1ndoklatot hirdet Keszthely, Egregy \u00e9s Zalaegerszeg szakr\u00e1lis \u00e9rt\u00e9keinek megtekint\u00e9s\u00e9re, melyre b\u00e1rki jelentkezhet S\u00e1voly Andre\u00e1n\u00e1l \u00e9s&#8230;<\/p>\n<p class=\"read-more\"><a class=\"btn btn-default\" href=\"https:\/\/marcali.plebania.hu\/?p=4831\"> Read More<span class=\"screen-reader-text\">  Read More<\/span><\/a><\/p>\n","protected":false},"author":2,"featured_media":0,"comment_status":"closed","ping_status":"open","sticky":false,"template":"","format":"standard","meta":{"footnotes":""},"categories":[1],"tags":[],"class_list":["post-4831","post","type-post","status-publish","format-standard","hentry","category-egyeb"],"_links":{"self":[{"href":"https:\/\/marcali.plebania.hu\/index.php?rest_route=\/wp\/v2\/posts\/4831","targetHints":{"allow":["GET"]}}],"collection":[{"href":"https:\/\/marcali.plebania.hu\/index.php?rest_route=\/wp\/v2\/posts"}],"about":[{"href":"https:\/\/marcali.plebania.hu\/index.php?rest_route=\/wp\/v2\/types\/post"}],"author":[{"embeddable":true,"href":"https:\/\/marcali.plebania.hu\/index.php?rest_route=\/wp\/v2\/users\/2"}],"replies":[{"embeddable":true,"href":"https:\/\/marcali.plebania.hu\/index.php?rest_route=%2Fwp%2Fv2%2Fcomments&post=4831"}],"version-history":[{"count":1,"href":"https:\/\/marcali.plebania.hu\/index.php?rest_route=\/wp\/v2\/posts\/4831\/revisions"}],"predecessor-version":[{"id":4832,"href":"https:\/\/marcali.plebania.hu\/index.php?rest_route=\/wp\/v2\/posts\/4831\/revisions\/4832"}],"wp:attachment":[{"href":"https:\/\/marcali.plebania.hu\/index.php?rest_route=%2Fwp%2Fv2%2Fmedia&parent=4831"}],"wp:term":[{"taxonomy":"category","embeddable":true,"href":"https:\/\/marcali.plebania.hu\/index.php?rest_route=%2Fwp%2Fv2%2Fcategories&post=4831"},{"taxonomy":"post_tag","embeddable":true,"href":"https:\/\/marcali.plebania.hu\/index.php?rest_route=%2Fwp%2Fv2%2Ftags&post=4831"}],"curies":[{"name":"wp","href":"https:\/\/api.w.org\/{rel}","templated":true}]}}