{"id":4834,"date":"2023-08-11T14:52:27","date_gmt":"2023-08-11T14:52:27","guid":{"rendered":"https:\/\/marcali.plebania.hu\/?p=4834"},"modified":"2023-08-11T14:52:27","modified_gmt":"2023-08-11T14:52:27","slug":"eloben-kozvetiti-a-tavitv-ivan-atya-elbucsuzo-szentmisejet","status":"publish","type":"post","link":"https:\/\/marcali.plebania.hu\/?p=4834","title":{"rendered":"El\u0151ben k\u00f6zvet\u00edti a TaviTv Iv\u00e1n atya elb\u00facs\u00faz\u00f3 szentmis\u00e9j\u00e9t"},"content":{"rendered":"\n<h1 class=\"wp-block-heading\">Iv\u00e1n atya elb\u00facs\u00faz\u00f3 szentmis\u00e9je \u2013 \u00c9L\u0150 K\u00d6ZVET\u00cdT\u00c9S <\/h1>\n\n\n\n<p><a href=\"https:\/\/tavitv.hu\/2023\/08\/11\/ivan-atya-elbucsuzo-szentmiseje-elo-kozvetites\/\"> 2023.08.11. p\u00e9ntek<\/a><\/p>\n\n\n\n<p>Kedves N\u00e9z\u0151ink!<\/p>\n\n\n\n<p>A vas\u00e1rnapi Kiss Iv\u00e1n c. pr\u00e9post, \npl\u00e9b\u00e1nos 30 \u00e9ves \u00fcnnepi elb\u00facs\u00faz\u00f3 szentmis\u00e9j\u00e9t, egyben az \u00faj pl\u00e9b\u00e1nos \nTomanek Ferenc \u00c1ron els\u0151 bemutatkoz\u00e1s\u00e1t 2023. augusztus 13-\u00e1n 10 \u00f3rakor \n\u00c9L\u0150ben k\u00f6zvet\u00edtj\u00fck youtube csatorn\u00e1nkon illetve a Telekom IPTV 252-es \ncsatorn\u00e1nkon.<\/p>\n\n\n\n<p><a href=\"https:\/\/tavitv.hu\/2023\/08\/11\/ivan-atya-elbucsuzo-szentmiseje-elo-kozvetites\/\">https:\/\/tavitv.hu\/2023\/08\/11\/ivan-atya-elbucsuzo-szentmiseje-elo-kozvetites\/<\/a><\/p>\n","protected":false},"excerpt":{"rendered":"<p>Iv\u00e1n atya elb\u00facs\u00faz\u00f3 szentmis\u00e9je \u2013 \u00c9L\u0150 K\u00d6ZVET\u00cdT\u00c9S 2023.08.11. p\u00e9ntek Kedves N\u00e9z\u0151ink! A vas\u00e1rnapi Kiss Iv\u00e1n c. pr\u00e9post, pl\u00e9b\u00e1nos 30 \u00e9ves \u00fcnnepi elb\u00facs\u00faz\u00f3 szentmis\u00e9j\u00e9t, egyben az \u00faj pl\u00e9b\u00e1nos Tomanek Ferenc \u00c1ron els\u0151 bemutatkoz\u00e1s\u00e1t 2023. augusztus 13-\u00e1n 10 \u00f3rakor \u00c9L\u0150ben k\u00f6zvet\u00edtj\u00fck youtube csatorn\u00e1nkon illetve a Telekom IPTV 252-es csatorn\u00e1nkon. https:\/\/tavitv.hu\/2023\/08\/11\/ivan-atya-elbucsuzo-szentmiseje-elo-kozvetites\/<\/p>\n","protected":false},"author":2,"featured_media":0,"comment_status":"closed","ping_status":"open","sticky":false,"template":"","format":"standard","meta":{"footnotes":""},"categories":[1],"tags":[],"class_list":["post-4834","post","type-post","status-publish","format-standard","hentry","category-egyeb"],"_links":{"self":[{"href":"https:\/\/marcali.plebania.hu\/index.php?rest_route=\/wp\/v2\/posts\/4834","targetHints":{"allow":["GET"]}}],"collection":[{"href":"https:\/\/marcali.plebania.hu\/index.php?rest_route=\/wp\/v2\/posts"}],"about":[{"href":"https:\/\/marcali.plebania.hu\/index.php?rest_route=\/wp\/v2\/types\/post"}],"author":[{"embeddable":true,"href":"https:\/\/marcali.plebania.hu\/index.php?rest_route=\/wp\/v2\/users\/2"}],"replies":[{"embeddable":true,"href":"https:\/\/marcali.plebania.hu\/index.php?rest_route=%2Fwp%2Fv2%2Fcomments&post=4834"}],"version-history":[{"count":1,"href":"https:\/\/marcali.plebania.hu\/index.php?rest_route=\/wp\/v2\/posts\/4834\/revisions"}],"predecessor-version":[{"id":4835,"href":"https:\/\/marcali.plebania.hu\/index.php?rest_route=\/wp\/v2\/posts\/4834\/revisions\/4835"}],"wp:attachment":[{"href":"https:\/\/marcali.plebania.hu\/index.php?rest_route=%2Fwp%2Fv2%2Fmedia&parent=4834"}],"wp:term":[{"taxonomy":"category","embeddable":true,"href":"https:\/\/marcali.plebania.hu\/index.php?rest_route=%2Fwp%2Fv2%2Fcategories&post=4834"},{"taxonomy":"post_tag","embeddable":true,"href":"https:\/\/marcali.plebania.hu\/index.php?rest_route=%2Fwp%2Fv2%2Ftags&post=4834"}],"curies":[{"name":"wp","href":"https:\/\/api.w.org\/{rel}","templated":true}]}}