{"id":4836,"date":"2023-08-14T13:29:18","date_gmt":"2023-08-14T13:29:18","guid":{"rendered":"https:\/\/marcali.plebania.hu\/?p=4836"},"modified":"2023-08-14T13:29:18","modified_gmt":"2023-08-14T13:29:18","slug":"visszatekinto-szentmisevel-zartak-az-idei-hittantabort","status":"publish","type":"post","link":"https:\/\/marcali.plebania.hu\/?p=4836","title":{"rendered":"Visszatekint\u0151: Szentmis\u00e9vel z\u00e1rt\u00e1k az idei hittant\u00e1bort"},"content":{"rendered":"\n<p>A 2023. j\u00falius 3-7. k\u00f6z\u00f6tt megrendezett ny\u00e1ri napk\u00f6zis hittanos t\u00e1bor z\u00e1r\u00e1sak\u00e9nt j\u00falius 9-\u00e9n, vas\u00e1rnap, a 9 \u00f3r\u00e1s szentmis\u00e9ben k\u00f6sz\u00f6nt\u00e9k meg a gyermekek az egyh\u00e1zk\u00f6zs\u00e9g, a Kaposv\u00e1ri P\u00fcsp\u00f6ks\u00e9g, valamint a helyi v\u00e1llalkoz\u00f3k, \u00e9s a h\u00edvek t\u00e1mogat\u00e1s\u00e1t.<\/p>\n\n\n\n<figure class=\"wp-block-gallery columns-3 is-cropped wp-block-gallery-1 is-layout-flex wp-block-gallery-is-layout-flex\"><ul class=\"blocks-gallery-grid\"><li class=\"blocks-gallery-item\"><figure><img loading=\"lazy\" decoding=\"async\" width=\"1024\" height=\"683\" src=\"https:\/\/marcali.plebania.hu\/wp-content\/uploads\/2023\/08\/01-1-1024x683.jpg\" alt=\"\" data-id=\"4837\" data-full-url=\"https:\/\/marcali.plebania.hu\/wp-content\/uploads\/2023\/08\/01-1-scaled.jpg\" data-link=\"https:\/\/marcali.plebania.hu\/?attachment_id=4837\" class=\"wp-image-4837\" srcset=\"https:\/\/marcali.plebania.hu\/wp-content\/uploads\/2023\/08\/01-1-1024x683.jpg 1024w, https:\/\/marcali.plebania.hu\/wp-content\/uploads\/2023\/08\/01-1-300x200.jpg 300w, https:\/\/marcali.plebania.hu\/wp-content\/uploads\/2023\/08\/01-1-768x512.jpg 768w, https:\/\/marcali.plebania.hu\/wp-content\/uploads\/2023\/08\/01-1-1536x1024.jpg 1536w, https:\/\/marcali.plebania.hu\/wp-content\/uploads\/2023\/08\/01-1-2048x1365.jpg 2048w, https:\/\/marcali.plebania.hu\/wp-content\/uploads\/2023\/08\/01-1-405x270.jpg 405w\" sizes=\"auto, (max-width: 1024px) 100vw, 1024px\" \/><\/figure><\/li><li class=\"blocks-gallery-item\"><figure><img loading=\"lazy\" decoding=\"async\" width=\"1024\" height=\"683\" src=\"https:\/\/marcali.plebania.hu\/wp-content\/uploads\/2023\/08\/02-1-1024x683.jpg\" alt=\"\" data-id=\"4838\" data-full-url=\"https:\/\/marcali.plebania.hu\/wp-content\/uploads\/2023\/08\/02-1-scaled.jpg\" data-link=\"https:\/\/marcali.plebania.hu\/?attachment_id=4838\" class=\"wp-image-4838\" srcset=\"https:\/\/marcali.plebania.hu\/wp-content\/uploads\/2023\/08\/02-1-1024x683.jpg 1024w, https:\/\/marcali.plebania.hu\/wp-content\/uploads\/2023\/08\/02-1-300x200.jpg 300w, https:\/\/marcali.plebania.hu\/wp-content\/uploads\/2023\/08\/02-1-768x512.jpg 768w, https:\/\/marcali.plebania.hu\/wp-content\/uploads\/2023\/08\/02-1-1536x1024.jpg 1536w, https:\/\/marcali.plebania.hu\/wp-content\/uploads\/2023\/08\/02-1-2048x1365.jpg 2048w, https:\/\/marcali.plebania.hu\/wp-content\/uploads\/2023\/08\/02-1-405x270.jpg 405w\" sizes=\"auto, (max-width: 1024px) 100vw, 1024px\" \/><\/figure><\/li><li class=\"blocks-gallery-item\"><figure><img loading=\"lazy\" decoding=\"async\" width=\"1024\" height=\"683\" src=\"https:\/\/marcali.plebania.hu\/wp-content\/uploads\/2023\/08\/03-1-1024x683.jpg\" alt=\"\" data-id=\"4839\" data-full-url=\"https:\/\/marcali.plebania.hu\/wp-content\/uploads\/2023\/08\/03-1-scaled.jpg\" data-link=\"https:\/\/marcali.plebania.hu\/?attachment_id=4839\" class=\"wp-image-4839\" srcset=\"https:\/\/marcali.plebania.hu\/wp-content\/uploads\/2023\/08\/03-1-1024x683.jpg 1024w, https:\/\/marcali.plebania.hu\/wp-content\/uploads\/2023\/08\/03-1-300x200.jpg 300w, https:\/\/marcali.plebania.hu\/wp-content\/uploads\/2023\/08\/03-1-768x512.jpg 768w, https:\/\/marcali.plebania.hu\/wp-content\/uploads\/2023\/08\/03-1-1536x1024.jpg 1536w, https:\/\/marcali.plebania.hu\/wp-content\/uploads\/2023\/08\/03-1-2048x1365.jpg 2048w, https:\/\/marcali.plebania.hu\/wp-content\/uploads\/2023\/08\/03-1-405x270.jpg 405w\" sizes=\"auto, (max-width: 1024px) 100vw, 1024px\" \/><\/figure><\/li><li class=\"blocks-gallery-item\"><figure><img loading=\"lazy\" decoding=\"async\" width=\"1024\" height=\"683\" src=\"https:\/\/marcali.plebania.hu\/wp-content\/uploads\/2023\/08\/04-1-1024x683.jpg\" alt=\"\" data-id=\"4840\" data-full-url=\"https:\/\/marcali.plebania.hu\/wp-content\/uploads\/2023\/08\/04-1-scaled.jpg\" data-link=\"https:\/\/marcali.plebania.hu\/?attachment_id=4840\" class=\"wp-image-4840\" srcset=\"https:\/\/marcali.plebania.hu\/wp-content\/uploads\/2023\/08\/04-1-1024x683.jpg 1024w, https:\/\/marcali.plebania.hu\/wp-content\/uploads\/2023\/08\/04-1-300x200.jpg 300w, https:\/\/marcali.plebania.hu\/wp-content\/uploads\/2023\/08\/04-1-768x512.jpg 768w, https:\/\/marcali.plebania.hu\/wp-content\/uploads\/2023\/08\/04-1-1536x1024.jpg 1536w, https:\/\/marcali.plebania.hu\/wp-content\/uploads\/2023\/08\/04-1-2048x1365.jpg 2048w, https:\/\/marcali.plebania.hu\/wp-content\/uploads\/2023\/08\/04-1-405x270.jpg 405w\" sizes=\"auto, (max-width: 1024px) 100vw, 1024px\" \/><\/figure><\/li><\/ul><\/figure>\n\n\n\n<p>Az\n\u00fcnnepi istentiszteletet Kiss Iv\u00e1n c. pr\u00e9post, marcali pl\u00e9b\u00e1nos celebr\u00e1lta\nGalambos Ferenc mesztegny\u0151i pl\u00e9b\u00e1nos k\u00f6zrem\u0171k\u00f6d\u00e9s\u00e9vel. A r\u00e9sztvev\u0151 gyermekek, a\nhitoktat\u00f3k \u00e9s a nagyobb seg\u00edt\u0151k nev\u00e9ben dr. Gyulain\u00e9 Domj\u00e1n Zsuzsanna\nt\u00e1borvezet\u0151 mondott k\u00f6sz\u00f6netet a sok-sok seg\u00edts\u00e9g\u00e9rt, amelyek az egyhetes rendezv\u00e9ny\nsikeres lebonyol\u00edt\u00e1s\u00e1t szolg\u00e1lt\u00e1k. Majd Pozsonyi Anna egyetemista vezet\u00e9s\u00e9vel\naz alkalmi gyermekk\u00f3rus el\u0151adta a \u201eCamino, Krisztus a j\u00f6v\u0151nk\u201d c\u00edm\u0171 \u00e9neket,\namely az idei p\u00e1pal\u00e1togat\u00e1s hivatalos himnusza volt.<\/p>\n","protected":false},"excerpt":{"rendered":"<p>A 2023. j\u00falius 3-7. k\u00f6z\u00f6tt megrendezett ny\u00e1ri napk\u00f6zis hittanos t\u00e1bor z\u00e1r\u00e1sak\u00e9nt j\u00falius 9-\u00e9n, vas\u00e1rnap, a 9 \u00f3r\u00e1s szentmis\u00e9ben k\u00f6sz\u00f6nt\u00e9k meg a gyermekek az egyh\u00e1zk\u00f6zs\u00e9g, a Kaposv\u00e1ri P\u00fcsp\u00f6ks\u00e9g, valamint a helyi v\u00e1llalkoz\u00f3k, \u00e9s a h\u00edvek t\u00e1mogat\u00e1s\u00e1t. Az \u00fcnnepi istentiszteletet Kiss Iv\u00e1n c. pr\u00e9post, marcali pl\u00e9b\u00e1nos celebr\u00e1lta Galambos Ferenc mesztegny\u0151i pl\u00e9b\u00e1nos k\u00f6zrem\u0171k\u00f6d\u00e9s\u00e9vel. A r\u00e9sztvev\u0151 gyermekek, a hitoktat\u00f3k \u00e9s a nagyobb seg\u00edt\u0151k nev\u00e9ben dr. Gyulain\u00e9 Domj\u00e1n Zsuzsanna t\u00e1borvezet\u0151 mondott k\u00f6sz\u00f6netet a sok-sok seg\u00edts\u00e9g\u00e9rt, amelyek az egyhetes rendezv\u00e9ny sikeres lebonyol\u00edt\u00e1s\u00e1t szolg\u00e1lt\u00e1k. Majd Pozsonyi Anna&#8230;<\/p>\n<p class=\"read-more\"><a class=\"btn btn-default\" href=\"https:\/\/marcali.plebania.hu\/?p=4836\"> Read More<span class=\"screen-reader-text\">  Read More<\/span><\/a><\/p>\n","protected":false},"author":2,"featured_media":0,"comment_status":"closed","ping_status":"open","sticky":false,"template":"","format":"standard","meta":{"footnotes":""},"categories":[1],"tags":[],"class_list":["post-4836","post","type-post","status-publish","format-standard","hentry","category-egyeb"],"_links":{"self":[{"href":"https:\/\/marcali.plebania.hu\/index.php?rest_route=\/wp\/v2\/posts\/4836","targetHints":{"allow":["GET"]}}],"collection":[{"href":"https:\/\/marcali.plebania.hu\/index.php?rest_route=\/wp\/v2\/posts"}],"about":[{"href":"https:\/\/marcali.plebania.hu\/index.php?rest_route=\/wp\/v2\/types\/post"}],"author":[{"embeddable":true,"href":"https:\/\/marcali.plebania.hu\/index.php?rest_route=\/wp\/v2\/users\/2"}],"replies":[{"embeddable":true,"href":"https:\/\/marcali.plebania.hu\/index.php?rest_route=%2Fwp%2Fv2%2Fcomments&post=4836"}],"version-history":[{"count":1,"href":"https:\/\/marcali.plebania.hu\/index.php?rest_route=\/wp\/v2\/posts\/4836\/revisions"}],"predecessor-version":[{"id":4841,"href":"https:\/\/marcali.plebania.hu\/index.php?rest_route=\/wp\/v2\/posts\/4836\/revisions\/4841"}],"wp:attachment":[{"href":"https:\/\/marcali.plebania.hu\/index.php?rest_route=%2Fwp%2Fv2%2Fmedia&parent=4836"}],"wp:term":[{"taxonomy":"category","embeddable":true,"href":"https:\/\/marcali.plebania.hu\/index.php?rest_route=%2Fwp%2Fv2%2Fcategories&post=4836"},{"taxonomy":"post_tag","embeddable":true,"href":"https:\/\/marcali.plebania.hu\/index.php?rest_route=%2Fwp%2Fv2%2Ftags&post=4836"}],"curies":[{"name":"wp","href":"https:\/\/api.w.org\/{rel}","templated":true}]}}