{"id":4842,"date":"2023-08-14T13:39:12","date_gmt":"2023-08-14T13:39:12","guid":{"rendered":"https:\/\/marcali.plebania.hu\/?p=4842"},"modified":"2023-08-14T13:39:12","modified_gmt":"2023-08-14T13:39:12","slug":"az-egyhazkozseg-kepviselo-testuletevel-elso-alkalommal-talalkozott-az-uj-plebanos","status":"publish","type":"post","link":"https:\/\/marcali.plebania.hu\/?p=4842","title":{"rendered":"Az Egyh\u00e1zk\u00f6zs\u00e9g K\u00e9pvisel\u0151 Test\u00fclet\u00e9vel els\u0151 alkalommal tal\u00e1lkozott az \u00faj pl\u00e9b\u00e1nos"},"content":{"rendered":"\n<figure class=\"wp-block-image size-large\"><img loading=\"lazy\" decoding=\"async\" width=\"1024\" height=\"683\" src=\"https:\/\/marcali.plebania.hu\/wp-content\/uploads\/2023\/08\/01-2-1024x683.jpg\" alt=\"\" class=\"wp-image-4843\" srcset=\"https:\/\/marcali.plebania.hu\/wp-content\/uploads\/2023\/08\/01-2-1024x683.jpg 1024w, https:\/\/marcali.plebania.hu\/wp-content\/uploads\/2023\/08\/01-2-300x200.jpg 300w, https:\/\/marcali.plebania.hu\/wp-content\/uploads\/2023\/08\/01-2-768x512.jpg 768w, https:\/\/marcali.plebania.hu\/wp-content\/uploads\/2023\/08\/01-2-1536x1024.jpg 1536w, https:\/\/marcali.plebania.hu\/wp-content\/uploads\/2023\/08\/01-2-2048x1365.jpg 2048w, https:\/\/marcali.plebania.hu\/wp-content\/uploads\/2023\/08\/01-2-405x270.jpg 405w\" sizes=\"auto, (max-width: 1024px) 100vw, 1024px\" \/><\/figure>\n\n\n\n<p>2023. j\u00falius 14-\u00e9n, p\u00e9nteken \u00fcnnepi szentmis\u00e9t celebr\u00e1lt Kiss Iv\u00e1n c. pr\u00e9post, pl\u00e9b\u00e1nos \u00e9s Tomanek Ferenc \u00c1ron \u00faj marcali pl\u00e9b\u00e1nos a Gy\u00fcm\u00f6lcsolt\u00f3 Boldogasszony Pl\u00e9b\u00e1niatemplomban.<\/p>\n\n\n\n<p>Majd ezt k\u00f6vet\u0151en a pl\u00e9b\u00e1ni\u00e1n gy\u0171l\u00e9st tartottak az Egyh\u00e1zk\u00f6zs\u00e9g K\u00e9pvisel\u0151 Test\u00fclet\u00e9nek tagjaival egy\u00fctt, ahol a r\u00e9sztvev\u0151k k\u00f6lcs\u00f6n\u00f6sen bemutatkoztak egym\u00e1snak, hogy megismerj\u00e9k egym\u00e1st a j\u00f6v\u0151beli sikeres \u00e9s k\u00f6lcs\u00f6n\u00f6s egy\u00fcttm\u0171k\u00f6d\u00e9s jegy\u00e9ben.   <\/p>\n","protected":false},"excerpt":{"rendered":"<p>2023. j\u00falius 14-\u00e9n, p\u00e9nteken \u00fcnnepi szentmis\u00e9t celebr\u00e1lt Kiss Iv\u00e1n c. pr\u00e9post, pl\u00e9b\u00e1nos \u00e9s Tomanek Ferenc \u00c1ron \u00faj marcali pl\u00e9b\u00e1nos a Gy\u00fcm\u00f6lcsolt\u00f3 Boldogasszony Pl\u00e9b\u00e1niatemplomban. Majd ezt k\u00f6vet\u0151en a pl\u00e9b\u00e1ni\u00e1n gy\u0171l\u00e9st tartottak az Egyh\u00e1zk\u00f6zs\u00e9g K\u00e9pvisel\u0151 Test\u00fclet\u00e9nek tagjaival egy\u00fctt, ahol a r\u00e9sztvev\u0151k k\u00f6lcs\u00f6n\u00f6sen bemutatkoztak egym\u00e1snak, hogy megismerj\u00e9k egym\u00e1st a j\u00f6v\u0151beli sikeres \u00e9s k\u00f6lcs\u00f6n\u00f6s egy\u00fcttm\u0171k\u00f6d\u00e9s jegy\u00e9ben.<\/p>\n","protected":false},"author":2,"featured_media":0,"comment_status":"closed","ping_status":"open","sticky":false,"template":"","format":"standard","meta":{"footnotes":""},"categories":[1],"tags":[],"class_list":["post-4842","post","type-post","status-publish","format-standard","hentry","category-egyeb"],"_links":{"self":[{"href":"https:\/\/marcali.plebania.hu\/index.php?rest_route=\/wp\/v2\/posts\/4842","targetHints":{"allow":["GET"]}}],"collection":[{"href":"https:\/\/marcali.plebania.hu\/index.php?rest_route=\/wp\/v2\/posts"}],"about":[{"href":"https:\/\/marcali.plebania.hu\/index.php?rest_route=\/wp\/v2\/types\/post"}],"author":[{"embeddable":true,"href":"https:\/\/marcali.plebania.hu\/index.php?rest_route=\/wp\/v2\/users\/2"}],"replies":[{"embeddable":true,"href":"https:\/\/marcali.plebania.hu\/index.php?rest_route=%2Fwp%2Fv2%2Fcomments&post=4842"}],"version-history":[{"count":1,"href":"https:\/\/marcali.plebania.hu\/index.php?rest_route=\/wp\/v2\/posts\/4842\/revisions"}],"predecessor-version":[{"id":4844,"href":"https:\/\/marcali.plebania.hu\/index.php?rest_route=\/wp\/v2\/posts\/4842\/revisions\/4844"}],"wp:attachment":[{"href":"https:\/\/marcali.plebania.hu\/index.php?rest_route=%2Fwp%2Fv2%2Fmedia&parent=4842"}],"wp:term":[{"taxonomy":"category","embeddable":true,"href":"https:\/\/marcali.plebania.hu\/index.php?rest_route=%2Fwp%2Fv2%2Fcategories&post=4842"},{"taxonomy":"post_tag","embeddable":true,"href":"https:\/\/marcali.plebania.hu\/index.php?rest_route=%2Fwp%2Fv2%2Ftags&post=4842"}],"curies":[{"name":"wp","href":"https:\/\/api.w.org\/{rel}","templated":true}]}}