{"id":4845,"date":"2023-08-14T13:52:27","date_gmt":"2023-08-14T13:52:27","guid":{"rendered":"https:\/\/marcali.plebania.hu\/?p=4845"},"modified":"2023-08-14T13:52:27","modified_gmt":"2023-08-14T13:52:27","slug":"elbucsuzo-es-bemutatkozo-szentmise-a-plebaniatemplomban","status":"publish","type":"post","link":"https:\/\/marcali.plebania.hu\/?p=4845","title":{"rendered":"Elb\u00facs\u00faz\u00f3 \u00e9s bemutatkoz\u00f3 szentmise a pl\u00e9b\u00e1niatemplomban"},"content":{"rendered":"\n<p>2023. augusztus 13-\u00e1n, vas\u00e1rnap 10 \u00f3rakor szentmis\u00e9vel kezd\u0151d\u00f6tt az \u00fcnneps\u00e9g Gy\u00fcm\u00f6lcsolt\u00f3 Boldogasszony Pl\u00e9b\u00e1niatemplomban, melynek keret\u00e9n bel\u00fcl Kiss Iv\u00e1n c. pr\u00e9post, pl\u00e9b\u00e1nos mintegy 30 \u00e9vi marcali lelkip\u00e1sztori szolg\u00e1lat ut\u00e1n elb\u00facs\u00fazott; Tomanek Ferenc \u00c1ron \u00faj pl\u00e9b\u00e1nos pedig el\u0151sz\u00f6r mutatkozott be a nagy nyilv\u00e1noss\u00e1g el\u0151tt.<\/p>\n\n\n\n<figure class=\"wp-block-gallery columns-3 is-cropped wp-block-gallery-1 is-layout-flex wp-block-gallery-is-layout-flex\"><ul class=\"blocks-gallery-grid\"><li class=\"blocks-gallery-item\"><figure><img loading=\"lazy\" decoding=\"async\" width=\"1024\" height=\"684\" src=\"https:\/\/marcali.plebania.hu\/wp-content\/uploads\/2023\/08\/01-3-1024x684.jpg\" alt=\"\" data-id=\"4846\" data-link=\"https:\/\/marcali.plebania.hu\/?attachment_id=4846\" class=\"wp-image-4846\" srcset=\"https:\/\/marcali.plebania.hu\/wp-content\/uploads\/2023\/08\/01-3-1024x684.jpg 1024w, https:\/\/marcali.plebania.hu\/wp-content\/uploads\/2023\/08\/01-3-300x201.jpg 300w, https:\/\/marcali.plebania.hu\/wp-content\/uploads\/2023\/08\/01-3-768x513.jpg 768w, https:\/\/marcali.plebania.hu\/wp-content\/uploads\/2023\/08\/01-3-1536x1027.jpg 1536w, https:\/\/marcali.plebania.hu\/wp-content\/uploads\/2023\/08\/01-3-2048x1369.jpg 2048w, https:\/\/marcali.plebania.hu\/wp-content\/uploads\/2023\/08\/01-3-404x270.jpg 404w\" sizes=\"auto, (max-width: 1024px) 100vw, 1024px\" \/><\/figure><\/li><li class=\"blocks-gallery-item\"><figure><img loading=\"lazy\" decoding=\"async\" width=\"1024\" height=\"684\" src=\"https:\/\/marcali.plebania.hu\/wp-content\/uploads\/2023\/08\/02-2-1024x684.jpg\" alt=\"\" data-id=\"4847\" data-link=\"https:\/\/marcali.plebania.hu\/?attachment_id=4847\" class=\"wp-image-4847\" srcset=\"https:\/\/marcali.plebania.hu\/wp-content\/uploads\/2023\/08\/02-2-1024x684.jpg 1024w, https:\/\/marcali.plebania.hu\/wp-content\/uploads\/2023\/08\/02-2-300x201.jpg 300w, https:\/\/marcali.plebania.hu\/wp-content\/uploads\/2023\/08\/02-2-768x513.jpg 768w, https:\/\/marcali.plebania.hu\/wp-content\/uploads\/2023\/08\/02-2-1536x1027.jpg 1536w, https:\/\/marcali.plebania.hu\/wp-content\/uploads\/2023\/08\/02-2-2048x1369.jpg 2048w, https:\/\/marcali.plebania.hu\/wp-content\/uploads\/2023\/08\/02-2-404x270.jpg 404w\" sizes=\"auto, (max-width: 1024px) 100vw, 1024px\" \/><\/figure><\/li><li class=\"blocks-gallery-item\"><figure><img loading=\"lazy\" decoding=\"async\" width=\"1024\" height=\"684\" src=\"https:\/\/marcali.plebania.hu\/wp-content\/uploads\/2023\/08\/03-2-1024x684.jpg\" alt=\"\" data-id=\"4848\" data-link=\"https:\/\/marcali.plebania.hu\/?attachment_id=4848\" class=\"wp-image-4848\" srcset=\"https:\/\/marcali.plebania.hu\/wp-content\/uploads\/2023\/08\/03-2-1024x684.jpg 1024w, https:\/\/marcali.plebania.hu\/wp-content\/uploads\/2023\/08\/03-2-300x201.jpg 300w, https:\/\/marcali.plebania.hu\/wp-content\/uploads\/2023\/08\/03-2-768x513.jpg 768w, https:\/\/marcali.plebania.hu\/wp-content\/uploads\/2023\/08\/03-2-1536x1027.jpg 1536w, https:\/\/marcali.plebania.hu\/wp-content\/uploads\/2023\/08\/03-2-2048x1369.jpg 2048w, https:\/\/marcali.plebania.hu\/wp-content\/uploads\/2023\/08\/03-2-404x270.jpg 404w\" sizes=\"auto, (max-width: 1024px) 100vw, 1024px\" \/><\/figure><\/li><li class=\"blocks-gallery-item\"><figure><img loading=\"lazy\" decoding=\"async\" width=\"1024\" height=\"684\" src=\"https:\/\/marcali.plebania.hu\/wp-content\/uploads\/2023\/08\/04-2-1024x684.jpg\" alt=\"\" data-id=\"4849\" data-full-url=\"https:\/\/marcali.plebania.hu\/wp-content\/uploads\/2023\/08\/04-2-scaled.jpg\" data-link=\"https:\/\/marcali.plebania.hu\/?attachment_id=4849\" class=\"wp-image-4849\" srcset=\"https:\/\/marcali.plebania.hu\/wp-content\/uploads\/2023\/08\/04-2-1024x684.jpg 1024w, https:\/\/marcali.plebania.hu\/wp-content\/uploads\/2023\/08\/04-2-300x201.jpg 300w, https:\/\/marcali.plebania.hu\/wp-content\/uploads\/2023\/08\/04-2-768x513.jpg 768w, https:\/\/marcali.plebania.hu\/wp-content\/uploads\/2023\/08\/04-2-1536x1027.jpg 1536w, https:\/\/marcali.plebania.hu\/wp-content\/uploads\/2023\/08\/04-2-2048x1369.jpg 2048w, https:\/\/marcali.plebania.hu\/wp-content\/uploads\/2023\/08\/04-2-404x270.jpg 404w\" sizes=\"auto, (max-width: 1024px) 100vw, 1024px\" \/><\/figure><\/li><\/ul><\/figure>\n\n\n\n<p>Az \u00fcnnepi istentiszteletre, melyet a Marcali R\u00f3mai Katolikus Egyh\u00e1zk\u00f6zs\u00e9g szervezett, elj\u00f6tt M\u00f3ring J\u00f3zsef Attila korm\u00e1nybiztos, orsz\u00e1ggy\u0171l\u00e9si k\u00e9pvisel\u0151; Dr. S\u00fct\u0151 L\u00e1szl\u00f3 Marcali v\u00e1ros polg\u00e1rmestere; Huszti G\u00e1bor, a Somogy V\u00e1rmegyei K\u00f6zgy\u0171l\u00e9s aleln\u00f6ke; G\u00f6nt\u00e9rn\u00e9 Dr. Gyir\u00e1n Szilvia, a Somogy V\u00e1rmegyei Korm\u00e1nyhivatal Marcali J\u00e1r\u00e1si Hivatal hivatalvezet\u0151je; Bereczk Bal\u00e1zs alpolg\u00e1rmester; B\u00f6d\u0151n\u00e9 Dr. Moln\u00e1r Ir\u00e9n c\u00edmzetes f\u0151jegyz\u0151, a Marcali K\u00f6z\u00f6s \u00d6nkorm\u00e1nyzati Hivatal jegyz\u0151je; P\u00e1pain\u00e9 Dr. K\u00e1pl\u00e1r Orsolya, aljegyz\u0151; tov\u00e1bb\u00e1 Hossz\u00fa Andr\u00e1s, K\u0151r\u00f6si Andr\u00e1s, Keszty\u0171s Attila, Kutor Veronika, Dr. M\u00e9sz\u00e1ros G\u00e9za, Miszi Zsuzsanna, Moln\u00e1r \u00c1gnes Anna \u00f6nkorm\u00e1nyzati k\u00e9pvisel\u0151k; tov\u00e1bb\u00e1 a v\u00e1rosi int\u00e9zm\u00e9nyek, iskol\u00e1k, civil szervezetek vezet\u0151i, az egykori egyh\u00e1zk\u00f6zs\u00e9gi vil\u00e1gi eln\u00f6k\u00f6k, az X-es alap\u00edt\u00f3k, \u00e9s t\u00f6bb megh\u00edvott vend\u00e9g.<\/p>\n\n\n\n<figure class=\"wp-block-gallery columns-3 is-cropped wp-block-gallery-2 is-layout-flex wp-block-gallery-is-layout-flex\"><ul class=\"blocks-gallery-grid\"><li class=\"blocks-gallery-item\"><figure><img loading=\"lazy\" decoding=\"async\" width=\"1024\" height=\"684\" src=\"https:\/\/marcali.plebania.hu\/wp-content\/uploads\/2023\/08\/13-1024x684.jpg\" alt=\"\" data-id=\"4850\" data-link=\"https:\/\/marcali.plebania.hu\/?attachment_id=4850\" class=\"wp-image-4850\" srcset=\"https:\/\/marcali.plebania.hu\/wp-content\/uploads\/2023\/08\/13-1024x684.jpg 1024w, https:\/\/marcali.plebania.hu\/wp-content\/uploads\/2023\/08\/13-300x201.jpg 300w, https:\/\/marcali.plebania.hu\/wp-content\/uploads\/2023\/08\/13-768x513.jpg 768w, https:\/\/marcali.plebania.hu\/wp-content\/uploads\/2023\/08\/13-1536x1027.jpg 1536w, https:\/\/marcali.plebania.hu\/wp-content\/uploads\/2023\/08\/13-2048x1369.jpg 2048w, https:\/\/marcali.plebania.hu\/wp-content\/uploads\/2023\/08\/13-404x270.jpg 404w\" sizes=\"auto, (max-width: 1024px) 100vw, 1024px\" \/><\/figure><\/li><li class=\"blocks-gallery-item\"><figure><img loading=\"lazy\" decoding=\"async\" width=\"1024\" height=\"684\" src=\"https:\/\/marcali.plebania.hu\/wp-content\/uploads\/2023\/08\/15-1-1024x684.jpg\" alt=\"\" data-id=\"4851\" data-link=\"https:\/\/marcali.plebania.hu\/?attachment_id=4851\" class=\"wp-image-4851\" srcset=\"https:\/\/marcali.plebania.hu\/wp-content\/uploads\/2023\/08\/15-1-1024x684.jpg 1024w, https:\/\/marcali.plebania.hu\/wp-content\/uploads\/2023\/08\/15-1-300x201.jpg 300w, https:\/\/marcali.plebania.hu\/wp-content\/uploads\/2023\/08\/15-1-768x513.jpg 768w, https:\/\/marcali.plebania.hu\/wp-content\/uploads\/2023\/08\/15-1-1536x1027.jpg 1536w, https:\/\/marcali.plebania.hu\/wp-content\/uploads\/2023\/08\/15-1-2048x1369.jpg 2048w, https:\/\/marcali.plebania.hu\/wp-content\/uploads\/2023\/08\/15-1-404x270.jpg 404w\" sizes=\"auto, (max-width: 1024px) 100vw, 1024px\" \/><\/figure><\/li><li class=\"blocks-gallery-item\"><figure><img loading=\"lazy\" decoding=\"async\" width=\"1024\" height=\"684\" src=\"https:\/\/marcali.plebania.hu\/wp-content\/uploads\/2023\/08\/16-1024x684.jpg\" alt=\"\" data-id=\"4852\" data-link=\"https:\/\/marcali.plebania.hu\/?attachment_id=4852\" class=\"wp-image-4852\" srcset=\"https:\/\/marcali.plebania.hu\/wp-content\/uploads\/2023\/08\/16-1024x684.jpg 1024w, https:\/\/marcali.plebania.hu\/wp-content\/uploads\/2023\/08\/16-300x201.jpg 300w, https:\/\/marcali.plebania.hu\/wp-content\/uploads\/2023\/08\/16-768x513.jpg 768w, https:\/\/marcali.plebania.hu\/wp-content\/uploads\/2023\/08\/16-1536x1027.jpg 1536w, https:\/\/marcali.plebania.hu\/wp-content\/uploads\/2023\/08\/16-2048x1369.jpg 2048w, https:\/\/marcali.plebania.hu\/wp-content\/uploads\/2023\/08\/16-404x270.jpg 404w\" sizes=\"auto, (max-width: 1024px) 100vw, 1024px\" \/><\/figure><\/li><li class=\"blocks-gallery-item\"><figure><img loading=\"lazy\" decoding=\"async\" width=\"1024\" height=\"684\" src=\"https:\/\/marcali.plebania.hu\/wp-content\/uploads\/2023\/08\/07-1-1024x684.jpg\" alt=\"\" data-id=\"4854\" data-full-url=\"https:\/\/marcali.plebania.hu\/wp-content\/uploads\/2023\/08\/07-1-scaled.jpg\" data-link=\"https:\/\/marcali.plebania.hu\/?attachment_id=4854\" class=\"wp-image-4854\" srcset=\"https:\/\/marcali.plebania.hu\/wp-content\/uploads\/2023\/08\/07-1-1024x684.jpg 1024w, https:\/\/marcali.plebania.hu\/wp-content\/uploads\/2023\/08\/07-1-300x201.jpg 300w, https:\/\/marcali.plebania.hu\/wp-content\/uploads\/2023\/08\/07-1-768x513.jpg 768w, https:\/\/marcali.plebania.hu\/wp-content\/uploads\/2023\/08\/07-1-1536x1027.jpg 1536w, https:\/\/marcali.plebania.hu\/wp-content\/uploads\/2023\/08\/07-1-2048x1369.jpg 2048w, https:\/\/marcali.plebania.hu\/wp-content\/uploads\/2023\/08\/07-1-404x270.jpg 404w\" sizes=\"auto, (max-width: 1024px) 100vw, 1024px\" \/><\/figure><\/li><\/ul><\/figure>\n\n\n\n<p>A f\u0151bej\u00e1raton val\u00f3 m\u00e9lt\u00f3s\u00e1gteljes bevonul\u00e1st k\u00f6vet\u0151en els\u0151k\u00e9nt Dr. Gyulai Botond akolitus, az egyh\u00e1zk\u00f6zs\u00e9g k\u00e9pviselet\u00e9ben mutatta be a jelenl\u00e9v\u0151knek \u00e9s k\u00f6sz\u00f6nt\u00f6tte az \u00faj pl\u00e9b\u00e1nost, Tomanek Ferenc \u00c1ront. Ezut\u00e1n Kiss Iv\u00e1n atya itteni m\u0171k\u00f6d\u00e9s\u00e9r\u0151l mondott el n\u00e9h\u00e1ny statisztikai adatot: mintegy 3500 embert temetett, 2000-et keresztelt \u00e9s 500-at esketett a v\u00e1rosban 30 \u00e9v alatt. A vir\u00e1gcsokrot Dr. Gyulain\u00e9 Domj\u00e1n Zsuzsanna adta \u00e1t. Majd ezut\u00e1n Kir\u00e1ly Jen\u0151 templomatya k\u00f6sz\u00f6nte meg Kiss Iv\u00e1n c. pr\u00e9post, pl\u00e9b\u00e1nos 30 \u00e9ves papi szolg\u00e1lat\u00e1t \u00e9s egy \u00edzl\u00e9ses r\u00f3zsa-kosarat adott \u00e1t h\u00e1l\u00e1ja jel\u00e9\u00fcl.<\/p>\n\n\n\n<figure class=\"wp-block-gallery columns-3 is-cropped wp-block-gallery-3 is-layout-flex wp-block-gallery-is-layout-flex\"><ul class=\"blocks-gallery-grid\"><li class=\"blocks-gallery-item\"><figure><img loading=\"lazy\" decoding=\"async\" width=\"1024\" height=\"684\" src=\"https:\/\/marcali.plebania.hu\/wp-content\/uploads\/2023\/08\/08-1-1024x684.jpg\" alt=\"\" data-id=\"4855\" data-link=\"https:\/\/marcali.plebania.hu\/?attachment_id=4855\" class=\"wp-image-4855\" srcset=\"https:\/\/marcali.plebania.hu\/wp-content\/uploads\/2023\/08\/08-1-1024x684.jpg 1024w, https:\/\/marcali.plebania.hu\/wp-content\/uploads\/2023\/08\/08-1-300x201.jpg 300w, https:\/\/marcali.plebania.hu\/wp-content\/uploads\/2023\/08\/08-1-768x513.jpg 768w, https:\/\/marcali.plebania.hu\/wp-content\/uploads\/2023\/08\/08-1-1536x1027.jpg 1536w, https:\/\/marcali.plebania.hu\/wp-content\/uploads\/2023\/08\/08-1-2048x1369.jpg 2048w, https:\/\/marcali.plebania.hu\/wp-content\/uploads\/2023\/08\/08-1-404x270.jpg 404w\" sizes=\"auto, (max-width: 1024px) 100vw, 1024px\" \/><\/figure><\/li><li class=\"blocks-gallery-item\"><figure><img loading=\"lazy\" decoding=\"async\" width=\"1024\" height=\"684\" src=\"https:\/\/marcali.plebania.hu\/wp-content\/uploads\/2023\/08\/11-1024x684.jpg\" alt=\"\" data-id=\"4856\" data-link=\"https:\/\/marcali.plebania.hu\/?attachment_id=4856\" class=\"wp-image-4856\" srcset=\"https:\/\/marcali.plebania.hu\/wp-content\/uploads\/2023\/08\/11-1024x684.jpg 1024w, https:\/\/marcali.plebania.hu\/wp-content\/uploads\/2023\/08\/11-300x201.jpg 300w, https:\/\/marcali.plebania.hu\/wp-content\/uploads\/2023\/08\/11-768x513.jpg 768w, https:\/\/marcali.plebania.hu\/wp-content\/uploads\/2023\/08\/11-1536x1027.jpg 1536w, https:\/\/marcali.plebania.hu\/wp-content\/uploads\/2023\/08\/11-2048x1369.jpg 2048w, https:\/\/marcali.plebania.hu\/wp-content\/uploads\/2023\/08\/11-404x270.jpg 404w\" sizes=\"auto, (max-width: 1024px) 100vw, 1024px\" \/><\/figure><\/li><li class=\"blocks-gallery-item\"><figure><img loading=\"lazy\" decoding=\"async\" width=\"1024\" height=\"684\" src=\"https:\/\/marcali.plebania.hu\/wp-content\/uploads\/2023\/08\/12-1024x684.jpg\" alt=\"\" data-id=\"4857\" data-link=\"https:\/\/marcali.plebania.hu\/?attachment_id=4857\" class=\"wp-image-4857\" srcset=\"https:\/\/marcali.plebania.hu\/wp-content\/uploads\/2023\/08\/12-1024x684.jpg 1024w, https:\/\/marcali.plebania.hu\/wp-content\/uploads\/2023\/08\/12-300x201.jpg 300w, https:\/\/marcali.plebania.hu\/wp-content\/uploads\/2023\/08\/12-768x513.jpg 768w, https:\/\/marcali.plebania.hu\/wp-content\/uploads\/2023\/08\/12-1536x1027.jpg 1536w, https:\/\/marcali.plebania.hu\/wp-content\/uploads\/2023\/08\/12-2048x1369.jpg 2048w, https:\/\/marcali.plebania.hu\/wp-content\/uploads\/2023\/08\/12-404x270.jpg 404w\" sizes=\"auto, (max-width: 1024px) 100vw, 1024px\" \/><\/figure><\/li><li class=\"blocks-gallery-item\"><figure><img loading=\"lazy\" decoding=\"async\" width=\"1024\" height=\"684\" src=\"https:\/\/marcali.plebania.hu\/wp-content\/uploads\/2023\/08\/09-1-1024x684.jpg\" alt=\"\" data-id=\"4858\" data-full-url=\"https:\/\/marcali.plebania.hu\/wp-content\/uploads\/2023\/08\/09-1-scaled.jpg\" data-link=\"https:\/\/marcali.plebania.hu\/?attachment_id=4858\" class=\"wp-image-4858\" srcset=\"https:\/\/marcali.plebania.hu\/wp-content\/uploads\/2023\/08\/09-1-1024x684.jpg 1024w, https:\/\/marcali.plebania.hu\/wp-content\/uploads\/2023\/08\/09-1-300x201.jpg 300w, https:\/\/marcali.plebania.hu\/wp-content\/uploads\/2023\/08\/09-1-768x513.jpg 768w, https:\/\/marcali.plebania.hu\/wp-content\/uploads\/2023\/08\/09-1-1536x1027.jpg 1536w, https:\/\/marcali.plebania.hu\/wp-content\/uploads\/2023\/08\/09-1-2048x1369.jpg 2048w, https:\/\/marcali.plebania.hu\/wp-content\/uploads\/2023\/08\/09-1-404x270.jpg 404w\" sizes=\"auto, (max-width: 1024px) 100vw, 1024px\" \/><\/figure><\/li><\/ul><\/figure>\n\n\n\n<p>Szentbesz\u00e9d\u00e9ben Iv\u00e1n atya h\u00e1l\u00e1t adott a J\u00f3 Istennek az elm\u00falt 30 \u00e9ves papi szolg\u00e1l\u00e1\u00e9rt, melyet Marcaliban t\u00f6lthetett. Kiemelte, hogy id\u0151nk\u00e9nt \u201epofonokat\u201d is kapott Istent\u0151l, de ezeket mindig \u00e1tv\u00e9szelte. Csak\u00fagy azokat is, amiket kor\u00e1bban kapott, hiszen \u201eneh\u00e9z id\u0151kben\u201d lett pap, de kitartott v\u00e9gig a hite mellett. H\u00e1l\u00e1t adott, hogy csaknem 10 \u00e9vig itt m\u0171k\u00f6d\u00f6tt az Egyh\u00e1zmegyei Karit\u00e1sz k\u00f6zpont, megtanult \u2013 seg\u00edt\u0151ivel egy\u00fctt \u2013 egy\u00fctt s\u00edrni a s\u00edr\u00f3kkal \u00e9s egy\u00fctt nevetni az \u00f6rvendez\u0151kkel. A besz\u00e9d\u00e9ben kihangs\u00falyozta, hogy m\u0171k\u00f6d\u00e9se sor\u00e1n sokf\u00e9le emberrel tal\u00e1lkozott, mik\u00f6zben megtanulta, hogy a m\u00e1sikat el kell fogadni, nem felt\u00e9tlen\u00fcl megt\u00e9r\u00edteni kell \u0151ket, hanem egy\u00fctt dolgozni a k\u00f6z\u00f6ss\u00e9g\u00e9rt, a v\u00e1ros\u00e9rt.<\/p>\n\n\n\n<figure class=\"wp-block-gallery columns-1 is-cropped wp-block-gallery-4 is-layout-flex wp-block-gallery-is-layout-flex\"><ul class=\"blocks-gallery-grid\"><li class=\"blocks-gallery-item\"><figure><img loading=\"lazy\" decoding=\"async\" width=\"1024\" height=\"684\" src=\"https:\/\/marcali.plebania.hu\/wp-content\/uploads\/2023\/08\/35-1024x684.jpg\" alt=\"\" data-id=\"4863\" data-full-url=\"https:\/\/marcali.plebania.hu\/wp-content\/uploads\/2023\/08\/35-scaled.jpg\" data-link=\"https:\/\/marcali.plebania.hu\/?attachment_id=4863\" class=\"wp-image-4863\" srcset=\"https:\/\/marcali.plebania.hu\/wp-content\/uploads\/2023\/08\/35-1024x684.jpg 1024w, https:\/\/marcali.plebania.hu\/wp-content\/uploads\/2023\/08\/35-300x201.jpg 300w, https:\/\/marcali.plebania.hu\/wp-content\/uploads\/2023\/08\/35-768x513.jpg 768w, https:\/\/marcali.plebania.hu\/wp-content\/uploads\/2023\/08\/35-1536x1027.jpg 1536w, https:\/\/marcali.plebania.hu\/wp-content\/uploads\/2023\/08\/35-2048x1369.jpg 2048w, https:\/\/marcali.plebania.hu\/wp-content\/uploads\/2023\/08\/35-404x270.jpg 404w\" sizes=\"auto, (max-width: 1024px) 100vw, 1024px\" \/><\/figure><\/li><\/ul><\/figure>\n\n\n\n<p>Nagy\n\u00f6r\u00f6me, hogy most ism\u00e9t elj\u00f6ttek az X-es fiatalok, az alap\u00edt\u00f3k. Mik\u00f6zben\nkiemelte, hogy \u00e9ppen a fatimai kegyszobor Marcaliba \u00e9rkez\u00e9se volt az, ami\nannakidej\u00e9n \u00e9letre h\u00edvta az X-es k\u00f6z\u00f6ss\u00e9get. Az utols\u00f3 k\u00fclf\u00f6ldi zar\u00e1ndoklata\npedig szint\u00e9n Fatim\u00e1ba vezetett, ahol a jelen\u00e9sek 100. \u00e9vfordul\u00f3j\u00e1n volt ott a\nmarcali zar\u00e1ndokt\u00e1rsakkal, imak\u00f6ri tagokkal. Csak\u00fagy h\u00e1l\u00e1t adott a\nk\u00f6z\u00f6ss\u00e9gek\u00e9rt, amelyek sorra alakultak a 90-es \u00e9vekben, \u00e9s a rengeteg\nzar\u00e1ndoklat\u00e9rt, melyek sor\u00e1n bej\u00e1rhatta szinte eg\u00e9sz Eur\u00f3p\u00e1t.<\/p>\n\n\n\n<p>Iv\u00e1n atya h\u00e1l\u00e1t adott a szeretet\u00e9rt, \u00e9s a szeretetlens\u00e9g\u00e9rt is; hangs\u00falyozta, hogy 30 \u00e9ve nem mindenki fogadta nagy lelkesed\u00e9ssel, amit sokszor meg is tapasztalt, de m\u00e9gis meg tanult im\u00e1dkozni az ellens\u00e9gei\u00e9rt is. Szerencs\u00e9re az\u00e9rt akadt sok j\u00f3 ember, \u00e9s seg\u00edt\u0151 sz\u00e1nd\u00e9k is.<\/p>\n\n\n\n<figure class=\"wp-block-image size-large\"><img loading=\"lazy\" decoding=\"async\" width=\"1024\" height=\"684\" src=\"https:\/\/marcali.plebania.hu\/wp-content\/uploads\/2023\/08\/20-1024x684.jpg\" alt=\"\" class=\"wp-image-4864\" srcset=\"https:\/\/marcali.plebania.hu\/wp-content\/uploads\/2023\/08\/20-1024x684.jpg 1024w, https:\/\/marcali.plebania.hu\/wp-content\/uploads\/2023\/08\/20-300x201.jpg 300w, https:\/\/marcali.plebania.hu\/wp-content\/uploads\/2023\/08\/20-768x513.jpg 768w, https:\/\/marcali.plebania.hu\/wp-content\/uploads\/2023\/08\/20-1536x1027.jpg 1536w, https:\/\/marcali.plebania.hu\/wp-content\/uploads\/2023\/08\/20-2048x1369.jpg 2048w, https:\/\/marcali.plebania.hu\/wp-content\/uploads\/2023\/08\/20-404x270.jpg 404w\" sizes=\"auto, (max-width: 1024px) 100vw, 1024px\" \/><\/figure>\n\n\n\n<p>V\u00e9g\u00fcl hozz\u00e1tette m\u00e9g, hogy h\u00e1l\u00e1t ad Istennek, hogy el tudta fogadni a betegs\u00e9geket. Megk\u00f6sz\u00f6nte a seg\u00edt\u0151k munk\u00e1j\u00e1t, akik ak\u00e1r csak egy poh\u00e1r vizet is adtak neki. Valamint h\u00e1l\u00e1t adott az \u00faj lelkip\u00e1sztor\u00e9rt, aki majd ugyan\u00fagy vezeti a \u201eny\u00e1jat\u201d.<\/p>\n\n\n\n<figure class=\"wp-block-gallery columns-3 is-cropped wp-block-gallery-5 is-layout-flex wp-block-gallery-is-layout-flex\"><ul class=\"blocks-gallery-grid\"><li class=\"blocks-gallery-item\"><figure><img loading=\"lazy\" decoding=\"async\" width=\"1024\" height=\"684\" src=\"https:\/\/marcali.plebania.hu\/wp-content\/uploads\/2023\/08\/23-1024x684.jpg\" alt=\"\" data-id=\"4859\" data-link=\"https:\/\/marcali.plebania.hu\/?attachment_id=4859\" class=\"wp-image-4859\" srcset=\"https:\/\/marcali.plebania.hu\/wp-content\/uploads\/2023\/08\/23-1024x684.jpg 1024w, https:\/\/marcali.plebania.hu\/wp-content\/uploads\/2023\/08\/23-300x201.jpg 300w, https:\/\/marcali.plebania.hu\/wp-content\/uploads\/2023\/08\/23-768x513.jpg 768w, https:\/\/marcali.plebania.hu\/wp-content\/uploads\/2023\/08\/23-1536x1027.jpg 1536w, https:\/\/marcali.plebania.hu\/wp-content\/uploads\/2023\/08\/23-2048x1369.jpg 2048w, https:\/\/marcali.plebania.hu\/wp-content\/uploads\/2023\/08\/23-404x270.jpg 404w\" sizes=\"auto, (max-width: 1024px) 100vw, 1024px\" \/><\/figure><\/li><li class=\"blocks-gallery-item\"><figure><img loading=\"lazy\" decoding=\"async\" width=\"1024\" height=\"684\" src=\"https:\/\/marcali.plebania.hu\/wp-content\/uploads\/2023\/08\/32-1024x684.jpg\" alt=\"\" data-id=\"4860\" data-link=\"https:\/\/marcali.plebania.hu\/?attachment_id=4860\" class=\"wp-image-4860\" srcset=\"https:\/\/marcali.plebania.hu\/wp-content\/uploads\/2023\/08\/32-1024x684.jpg 1024w, https:\/\/marcali.plebania.hu\/wp-content\/uploads\/2023\/08\/32-300x201.jpg 300w, https:\/\/marcali.plebania.hu\/wp-content\/uploads\/2023\/08\/32-768x513.jpg 768w, https:\/\/marcali.plebania.hu\/wp-content\/uploads\/2023\/08\/32-1536x1027.jpg 1536w, https:\/\/marcali.plebania.hu\/wp-content\/uploads\/2023\/08\/32-2048x1369.jpg 2048w, https:\/\/marcali.plebania.hu\/wp-content\/uploads\/2023\/08\/32-404x270.jpg 404w\" sizes=\"auto, (max-width: 1024px) 100vw, 1024px\" \/><\/figure><\/li><li class=\"blocks-gallery-item\"><figure><img loading=\"lazy\" decoding=\"async\" width=\"1024\" height=\"684\" src=\"https:\/\/marcali.plebania.hu\/wp-content\/uploads\/2023\/08\/34-1024x684.jpg\" alt=\"\" data-id=\"4861\" data-link=\"https:\/\/marcali.plebania.hu\/?attachment_id=4861\" class=\"wp-image-4861\" srcset=\"https:\/\/marcali.plebania.hu\/wp-content\/uploads\/2023\/08\/34-1024x684.jpg 1024w, https:\/\/marcali.plebania.hu\/wp-content\/uploads\/2023\/08\/34-300x201.jpg 300w, https:\/\/marcali.plebania.hu\/wp-content\/uploads\/2023\/08\/34-768x513.jpg 768w, https:\/\/marcali.plebania.hu\/wp-content\/uploads\/2023\/08\/34-1536x1027.jpg 1536w, https:\/\/marcali.plebania.hu\/wp-content\/uploads\/2023\/08\/34-2048x1369.jpg 2048w, https:\/\/marcali.plebania.hu\/wp-content\/uploads\/2023\/08\/34-404x270.jpg 404w\" sizes=\"auto, (max-width: 1024px) 100vw, 1024px\" \/><\/figure><\/li><li class=\"blocks-gallery-item\"><figure><img loading=\"lazy\" decoding=\"async\" width=\"1024\" height=\"684\" src=\"https:\/\/marcali.plebania.hu\/wp-content\/uploads\/2023\/08\/33-1024x684.jpg\" alt=\"\" data-id=\"4862\" data-full-url=\"https:\/\/marcali.plebania.hu\/wp-content\/uploads\/2023\/08\/33-scaled.jpg\" data-link=\"https:\/\/marcali.plebania.hu\/?attachment_id=4862\" class=\"wp-image-4862\" srcset=\"https:\/\/marcali.plebania.hu\/wp-content\/uploads\/2023\/08\/33-1024x684.jpg 1024w, https:\/\/marcali.plebania.hu\/wp-content\/uploads\/2023\/08\/33-300x201.jpg 300w, https:\/\/marcali.plebania.hu\/wp-content\/uploads\/2023\/08\/33-768x513.jpg 768w, https:\/\/marcali.plebania.hu\/wp-content\/uploads\/2023\/08\/33-1536x1027.jpg 1536w, https:\/\/marcali.plebania.hu\/wp-content\/uploads\/2023\/08\/33-2048x1369.jpg 2048w, https:\/\/marcali.plebania.hu\/wp-content\/uploads\/2023\/08\/33-404x270.jpg 404w\" sizes=\"auto, (max-width: 1024px) 100vw, 1024px\" \/><\/figure><\/li><\/ul><\/figure>\n\n\n\n<p>A szentmise v\u00e9g\u00e9n M\u00f3ring J\u00f3zsef Attila korm\u00e1nybiztos, orsz\u00e1ggy\u0171l\u00e9si k\u00e9pvisel\u0151; Huszti G\u00e1bor, a Somogy V\u00e1rmegyei K\u00f6zgy\u0171l\u00e9s aleln\u00f6ke \u00e9s Dr. S\u00fct\u0151 L\u00e1szl\u00f3 Marcali v\u00e1ros polg\u00e1rmestere sz\u00f3laltak fel \u00e9s k\u00f6sz\u00f6nt\u00e9k meg a pl\u00e9b\u00e1nos lelkip\u00e1sztori munk\u00e1j\u00e1t.<\/p>\n\n\n\n<figure class=\"wp-block-gallery columns-3 is-cropped wp-block-gallery-6 is-layout-flex wp-block-gallery-is-layout-flex\"><ul class=\"blocks-gallery-grid\"><li class=\"blocks-gallery-item\"><figure><img loading=\"lazy\" decoding=\"async\" width=\"1024\" height=\"684\" src=\"https:\/\/marcali.plebania.hu\/wp-content\/uploads\/2023\/08\/48-1024x684.jpg\" alt=\"\" data-id=\"4867\" data-link=\"https:\/\/marcali.plebania.hu\/?attachment_id=4867\" class=\"wp-image-4867\" srcset=\"https:\/\/marcali.plebania.hu\/wp-content\/uploads\/2023\/08\/48-1024x684.jpg 1024w, https:\/\/marcali.plebania.hu\/wp-content\/uploads\/2023\/08\/48-300x201.jpg 300w, https:\/\/marcali.plebania.hu\/wp-content\/uploads\/2023\/08\/48-768x513.jpg 768w, https:\/\/marcali.plebania.hu\/wp-content\/uploads\/2023\/08\/48-1536x1027.jpg 1536w, https:\/\/marcali.plebania.hu\/wp-content\/uploads\/2023\/08\/48-2048x1369.jpg 2048w, https:\/\/marcali.plebania.hu\/wp-content\/uploads\/2023\/08\/48-404x270.jpg 404w\" sizes=\"auto, (max-width: 1024px) 100vw, 1024px\" \/><\/figure><\/li><li class=\"blocks-gallery-item\"><figure><img loading=\"lazy\" decoding=\"async\" width=\"1024\" height=\"684\" src=\"https:\/\/marcali.plebania.hu\/wp-content\/uploads\/2023\/08\/49-1024x684.jpg\" alt=\"\" data-id=\"4866\" data-link=\"https:\/\/marcali.plebania.hu\/?attachment_id=4866\" class=\"wp-image-4866\" srcset=\"https:\/\/marcali.plebania.hu\/wp-content\/uploads\/2023\/08\/49-1024x684.jpg 1024w, https:\/\/marcali.plebania.hu\/wp-content\/uploads\/2023\/08\/49-300x201.jpg 300w, https:\/\/marcali.plebania.hu\/wp-content\/uploads\/2023\/08\/49-768x513.jpg 768w, https:\/\/marcali.plebania.hu\/wp-content\/uploads\/2023\/08\/49-1536x1027.jpg 1536w, https:\/\/marcali.plebania.hu\/wp-content\/uploads\/2023\/08\/49-2048x1369.jpg 2048w, https:\/\/marcali.plebania.hu\/wp-content\/uploads\/2023\/08\/49-404x270.jpg 404w\" sizes=\"auto, (max-width: 1024px) 100vw, 1024px\" \/><\/figure><\/li><li class=\"blocks-gallery-item\"><figure><img loading=\"lazy\" decoding=\"async\" width=\"1024\" height=\"684\" src=\"https:\/\/marcali.plebania.hu\/wp-content\/uploads\/2023\/08\/51-1024x684.jpg\" alt=\"\" data-id=\"4868\" data-link=\"https:\/\/marcali.plebania.hu\/?attachment_id=4868\" class=\"wp-image-4868\" srcset=\"https:\/\/marcali.plebania.hu\/wp-content\/uploads\/2023\/08\/51-1024x684.jpg 1024w, https:\/\/marcali.plebania.hu\/wp-content\/uploads\/2023\/08\/51-300x201.jpg 300w, https:\/\/marcali.plebania.hu\/wp-content\/uploads\/2023\/08\/51-768x513.jpg 768w, https:\/\/marcali.plebania.hu\/wp-content\/uploads\/2023\/08\/51-1536x1027.jpg 1536w, https:\/\/marcali.plebania.hu\/wp-content\/uploads\/2023\/08\/51-2048x1369.jpg 2048w, https:\/\/marcali.plebania.hu\/wp-content\/uploads\/2023\/08\/51-404x270.jpg 404w\" sizes=\"auto, (max-width: 1024px) 100vw, 1024px\" \/><\/figure><\/li><li class=\"blocks-gallery-item\"><figure><img loading=\"lazy\" decoding=\"async\" width=\"1024\" height=\"684\" src=\"https:\/\/marcali.plebania.hu\/wp-content\/uploads\/2023\/08\/53-1024x684.jpg\" alt=\"\" data-id=\"4869\" data-full-url=\"https:\/\/marcali.plebania.hu\/wp-content\/uploads\/2023\/08\/53-scaled.jpg\" data-link=\"https:\/\/marcali.plebania.hu\/?attachment_id=4869\" class=\"wp-image-4869\" srcset=\"https:\/\/marcali.plebania.hu\/wp-content\/uploads\/2023\/08\/53-1024x684.jpg 1024w, https:\/\/marcali.plebania.hu\/wp-content\/uploads\/2023\/08\/53-300x201.jpg 300w, https:\/\/marcali.plebania.hu\/wp-content\/uploads\/2023\/08\/53-768x513.jpg 768w, https:\/\/marcali.plebania.hu\/wp-content\/uploads\/2023\/08\/53-1536x1027.jpg 1536w, https:\/\/marcali.plebania.hu\/wp-content\/uploads\/2023\/08\/53-2048x1369.jpg 2048w, https:\/\/marcali.plebania.hu\/wp-content\/uploads\/2023\/08\/53-404x270.jpg 404w\" sizes=\"auto, (max-width: 1024px) 100vw, 1024px\" \/><\/figure><\/li><\/ul><\/figure>\n\n\n\n<p>A 30. \u00e9vfordul\u00f3 alkalm\u00e1b\u00f3l szervezett \u00fcnnepi istentiszteleten T\u00f3th Eszter \u00c1gnes elszavalta S\u00edk S\u00e1ndor: Te Deum c\u00edm\u0171 vers\u00e9t, valamint a Marcali F\u00e9ny Gyermekei Katolikus Zenekar, Balogh B\u00e1lint marcali \u00e9s P\u00e9csi L\u00e1szl\u00f3 keszthelyi k\u00e1ntor m\u0171k\u00f6d\u00f6tt k\u00f6zre. A szentmis\u00e9n Wolf: Ave Maria c\u00edm\u0171 k\u00f6zismert \u00e9neke is felhangzott.<\/p>\n\n\n\n<figure class=\"wp-block-gallery columns-3 is-cropped wp-block-gallery-7 is-layout-flex wp-block-gallery-is-layout-flex\"><ul class=\"blocks-gallery-grid\"><li class=\"blocks-gallery-item\"><figure><img loading=\"lazy\" decoding=\"async\" width=\"1024\" height=\"684\" src=\"https:\/\/marcali.plebania.hu\/wp-content\/uploads\/2023\/08\/37-1024x684.jpg\" alt=\"\" data-id=\"4870\" data-link=\"https:\/\/marcali.plebania.hu\/?attachment_id=4870\" class=\"wp-image-4870\" srcset=\"https:\/\/marcali.plebania.hu\/wp-content\/uploads\/2023\/08\/37-1024x684.jpg 1024w, https:\/\/marcali.plebania.hu\/wp-content\/uploads\/2023\/08\/37-300x201.jpg 300w, https:\/\/marcali.plebania.hu\/wp-content\/uploads\/2023\/08\/37-768x513.jpg 768w, https:\/\/marcali.plebania.hu\/wp-content\/uploads\/2023\/08\/37-1536x1027.jpg 1536w, https:\/\/marcali.plebania.hu\/wp-content\/uploads\/2023\/08\/37-2048x1369.jpg 2048w, https:\/\/marcali.plebania.hu\/wp-content\/uploads\/2023\/08\/37-404x270.jpg 404w\" sizes=\"auto, (max-width: 1024px) 100vw, 1024px\" \/><\/figure><\/li><li class=\"blocks-gallery-item\"><figure><img loading=\"lazy\" decoding=\"async\" width=\"1024\" height=\"684\" src=\"https:\/\/marcali.plebania.hu\/wp-content\/uploads\/2023\/08\/38-1024x684.jpg\" alt=\"\" data-id=\"4871\" data-link=\"https:\/\/marcali.plebania.hu\/?attachment_id=4871\" class=\"wp-image-4871\" srcset=\"https:\/\/marcali.plebania.hu\/wp-content\/uploads\/2023\/08\/38-1024x684.jpg 1024w, https:\/\/marcali.plebania.hu\/wp-content\/uploads\/2023\/08\/38-300x201.jpg 300w, https:\/\/marcali.plebania.hu\/wp-content\/uploads\/2023\/08\/38-768x513.jpg 768w, https:\/\/marcali.plebania.hu\/wp-content\/uploads\/2023\/08\/38-1536x1027.jpg 1536w, https:\/\/marcali.plebania.hu\/wp-content\/uploads\/2023\/08\/38-2048x1369.jpg 2048w, https:\/\/marcali.plebania.hu\/wp-content\/uploads\/2023\/08\/38-404x270.jpg 404w\" sizes=\"auto, (max-width: 1024px) 100vw, 1024px\" \/><\/figure><\/li><li class=\"blocks-gallery-item\"><figure><img loading=\"lazy\" decoding=\"async\" width=\"1024\" height=\"684\" src=\"https:\/\/marcali.plebania.hu\/wp-content\/uploads\/2023\/08\/39-1024x684.jpg\" alt=\"\" data-id=\"4873\" data-link=\"https:\/\/marcali.plebania.hu\/?attachment_id=4873\" class=\"wp-image-4873\" srcset=\"https:\/\/marcali.plebania.hu\/wp-content\/uploads\/2023\/08\/39-1024x684.jpg 1024w, https:\/\/marcali.plebania.hu\/wp-content\/uploads\/2023\/08\/39-300x201.jpg 300w, https:\/\/marcali.plebania.hu\/wp-content\/uploads\/2023\/08\/39-768x513.jpg 768w, https:\/\/marcali.plebania.hu\/wp-content\/uploads\/2023\/08\/39-1536x1027.jpg 1536w, https:\/\/marcali.plebania.hu\/wp-content\/uploads\/2023\/08\/39-2048x1369.jpg 2048w, https:\/\/marcali.plebania.hu\/wp-content\/uploads\/2023\/08\/39-404x270.jpg 404w\" sizes=\"auto, (max-width: 1024px) 100vw, 1024px\" \/><\/figure><\/li><li class=\"blocks-gallery-item\"><figure><img loading=\"lazy\" decoding=\"async\" width=\"1024\" height=\"684\" src=\"https:\/\/marcali.plebania.hu\/wp-content\/uploads\/2023\/08\/36-1-1024x684.jpg\" alt=\"\" data-id=\"4874\" data-full-url=\"https:\/\/marcali.plebania.hu\/wp-content\/uploads\/2023\/08\/36-1-scaled.jpg\" data-link=\"https:\/\/marcali.plebania.hu\/?attachment_id=4874\" class=\"wp-image-4874\" srcset=\"https:\/\/marcali.plebania.hu\/wp-content\/uploads\/2023\/08\/36-1-1024x684.jpg 1024w, https:\/\/marcali.plebania.hu\/wp-content\/uploads\/2023\/08\/36-1-300x201.jpg 300w, https:\/\/marcali.plebania.hu\/wp-content\/uploads\/2023\/08\/36-1-768x513.jpg 768w, https:\/\/marcali.plebania.hu\/wp-content\/uploads\/2023\/08\/36-1-1536x1027.jpg 1536w, https:\/\/marcali.plebania.hu\/wp-content\/uploads\/2023\/08\/36-1-2048x1369.jpg 2048w, https:\/\/marcali.plebania.hu\/wp-content\/uploads\/2023\/08\/36-1-404x270.jpg 404w\" sizes=\"auto, (max-width: 1024px) 100vw, 1024px\" \/><\/figure><\/li><\/ul><\/figure>\n\n\n\n<p>A Himnusz el\u00e9nekl\u00e9se ut\u00e1n, a kivonul\u00e1skor, 30 sz\u00e1l r\u00f3zs\u00e1val k\u00f6sz\u00f6nte meg a Marcali R\u00f3mai Katolikus Egyh\u00e1zk\u00f6zs\u00e9g Iv\u00e1n atya h\u00e1rom \u00e9vtizedes elk\u00f6telezett, elhivatott papi munk\u00e1j\u00e1t. Az els\u0151 sz\u00e1lat st\u00edlusosan Kir\u00e1ly Jen\u0151 templomatya adta \u00e1t az olt\u00e1r el\u0151tt, m\u00edg az utols\u00f3t Gelencs\u00e9r R\u00f3bert vil\u00e1gi eln\u00f6k a templom bej\u00e1rat\u00e1n\u00e1l. A meglepett pl\u00e9b\u00e1nos mosolyogva fogadta a vir\u00e1gokat \u00e9s a j\u00f3k\u00edv\u00e1ns\u00e1gokat, mik\u00f6zben t\u00f6bbekkel kezet is fogott \u00e9s sokaknak \u00e1ld\u00e1st adott.<\/p>\n\n\n\n<figure class=\"wp-block-gallery columns-3 is-cropped wp-block-gallery-8 is-layout-flex wp-block-gallery-is-layout-flex\"><ul class=\"blocks-gallery-grid\"><li class=\"blocks-gallery-item\"><figure><img loading=\"lazy\" decoding=\"async\" width=\"1024\" height=\"684\" src=\"https:\/\/marcali.plebania.hu\/wp-content\/uploads\/2023\/08\/56-1024x684.jpg\" alt=\"\" data-id=\"4875\" data-link=\"https:\/\/marcali.plebania.hu\/?attachment_id=4875\" class=\"wp-image-4875\" srcset=\"https:\/\/marcali.plebania.hu\/wp-content\/uploads\/2023\/08\/56-1024x684.jpg 1024w, https:\/\/marcali.plebania.hu\/wp-content\/uploads\/2023\/08\/56-300x201.jpg 300w, https:\/\/marcali.plebania.hu\/wp-content\/uploads\/2023\/08\/56-768x513.jpg 768w, https:\/\/marcali.plebania.hu\/wp-content\/uploads\/2023\/08\/56-1536x1027.jpg 1536w, https:\/\/marcali.plebania.hu\/wp-content\/uploads\/2023\/08\/56-2048x1369.jpg 2048w, https:\/\/marcali.plebania.hu\/wp-content\/uploads\/2023\/08\/56-404x270.jpg 404w\" sizes=\"auto, (max-width: 1024px) 100vw, 1024px\" \/><\/figure><\/li><li class=\"blocks-gallery-item\"><figure><img loading=\"lazy\" decoding=\"async\" width=\"1024\" height=\"684\" src=\"https:\/\/marcali.plebania.hu\/wp-content\/uploads\/2023\/08\/59-1024x684.jpg\" alt=\"\" data-id=\"4876\" data-link=\"https:\/\/marcali.plebania.hu\/?attachment_id=4876\" class=\"wp-image-4876\" srcset=\"https:\/\/marcali.plebania.hu\/wp-content\/uploads\/2023\/08\/59-1024x684.jpg 1024w, https:\/\/marcali.plebania.hu\/wp-content\/uploads\/2023\/08\/59-300x201.jpg 300w, https:\/\/marcali.plebania.hu\/wp-content\/uploads\/2023\/08\/59-768x513.jpg 768w, https:\/\/marcali.plebania.hu\/wp-content\/uploads\/2023\/08\/59-1536x1027.jpg 1536w, https:\/\/marcali.plebania.hu\/wp-content\/uploads\/2023\/08\/59-2048x1369.jpg 2048w, https:\/\/marcali.plebania.hu\/wp-content\/uploads\/2023\/08\/59-404x270.jpg 404w\" sizes=\"auto, (max-width: 1024px) 100vw, 1024px\" \/><\/figure><\/li><li class=\"blocks-gallery-item\"><figure><img loading=\"lazy\" decoding=\"async\" width=\"1024\" height=\"684\" src=\"https:\/\/marcali.plebania.hu\/wp-content\/uploads\/2023\/08\/61-1024x684.jpg\" alt=\"\" data-id=\"4877\" data-link=\"https:\/\/marcali.plebania.hu\/?attachment_id=4877\" class=\"wp-image-4877\" srcset=\"https:\/\/marcali.plebania.hu\/wp-content\/uploads\/2023\/08\/61-1024x684.jpg 1024w, https:\/\/marcali.plebania.hu\/wp-content\/uploads\/2023\/08\/61-300x201.jpg 300w, https:\/\/marcali.plebania.hu\/wp-content\/uploads\/2023\/08\/61-768x513.jpg 768w, https:\/\/marcali.plebania.hu\/wp-content\/uploads\/2023\/08\/61-1536x1027.jpg 1536w, https:\/\/marcali.plebania.hu\/wp-content\/uploads\/2023\/08\/61-2048x1369.jpg 2048w, https:\/\/marcali.plebania.hu\/wp-content\/uploads\/2023\/08\/61-404x270.jpg 404w\" sizes=\"auto, (max-width: 1024px) 100vw, 1024px\" \/><\/figure><\/li><li class=\"blocks-gallery-item\"><figure><img loading=\"lazy\" decoding=\"async\" width=\"1024\" height=\"684\" src=\"https:\/\/marcali.plebania.hu\/wp-content\/uploads\/2023\/08\/64-1024x684.jpg\" alt=\"\" data-id=\"4878\" data-full-url=\"https:\/\/marcali.plebania.hu\/wp-content\/uploads\/2023\/08\/64-scaled.jpg\" data-link=\"https:\/\/marcali.plebania.hu\/?attachment_id=4878\" class=\"wp-image-4878\" srcset=\"https:\/\/marcali.plebania.hu\/wp-content\/uploads\/2023\/08\/64-1024x684.jpg 1024w, https:\/\/marcali.plebania.hu\/wp-content\/uploads\/2023\/08\/64-300x201.jpg 300w, https:\/\/marcali.plebania.hu\/wp-content\/uploads\/2023\/08\/64-768x513.jpg 768w, https:\/\/marcali.plebania.hu\/wp-content\/uploads\/2023\/08\/64-1536x1027.jpg 1536w, https:\/\/marcali.plebania.hu\/wp-content\/uploads\/2023\/08\/64-2048x1369.jpg 2048w, https:\/\/marcali.plebania.hu\/wp-content\/uploads\/2023\/08\/64-404x270.jpg 404w\" sizes=\"auto, (max-width: 1024px) 100vw, 1024px\" \/><\/figure><\/li><\/ul><\/figure>\n\n\n\n<p>Az \u00fcnneps\u00e9get k\u00f6vet\u0151en a r\u00e9sztvev\u0151ket az egyh\u00e1zk\u00f6zs\u00e9g k\u00f6z\u00f6ss\u00e9gi h\u00e1z\u00e1ban vend\u00e9g\u00fcl l\u00e1tt\u00e1k szendvicsekkel \u00e9s h\u00e1zi k\u00e9sz\u00edt\u00e9s\u0171 s\u00fctem\u00e9nyekkel, tov\u00e1bb\u00e1 friss\u00edt\u0151kkel, valamint borokkal is.<\/p>\n\n\n\n<figure class=\"wp-block-gallery columns-3 is-cropped wp-block-gallery-9 is-layout-flex wp-block-gallery-is-layout-flex\"><ul class=\"blocks-gallery-grid\"><li class=\"blocks-gallery-item\"><figure><img loading=\"lazy\" decoding=\"async\" width=\"1024\" height=\"684\" src=\"https:\/\/marcali.plebania.hu\/wp-content\/uploads\/2023\/08\/83-1024x684.jpg\" alt=\"\" data-id=\"4879\" data-link=\"https:\/\/marcali.plebania.hu\/?attachment_id=4879\" class=\"wp-image-4879\" srcset=\"https:\/\/marcali.plebania.hu\/wp-content\/uploads\/2023\/08\/83-1024x684.jpg 1024w, https:\/\/marcali.plebania.hu\/wp-content\/uploads\/2023\/08\/83-300x201.jpg 300w, https:\/\/marcali.plebania.hu\/wp-content\/uploads\/2023\/08\/83-768x513.jpg 768w, https:\/\/marcali.plebania.hu\/wp-content\/uploads\/2023\/08\/83-1536x1027.jpg 1536w, https:\/\/marcali.plebania.hu\/wp-content\/uploads\/2023\/08\/83-2048x1369.jpg 2048w, https:\/\/marcali.plebania.hu\/wp-content\/uploads\/2023\/08\/83-404x270.jpg 404w\" sizes=\"auto, (max-width: 1024px) 100vw, 1024px\" \/><\/figure><\/li><li class=\"blocks-gallery-item\"><figure><img loading=\"lazy\" decoding=\"async\" width=\"1024\" height=\"684\" src=\"https:\/\/marcali.plebania.hu\/wp-content\/uploads\/2023\/08\/84-1024x684.jpg\" alt=\"\" data-id=\"4880\" data-link=\"https:\/\/marcali.plebania.hu\/?attachment_id=4880\" class=\"wp-image-4880\" srcset=\"https:\/\/marcali.plebania.hu\/wp-content\/uploads\/2023\/08\/84-1024x684.jpg 1024w, https:\/\/marcali.plebania.hu\/wp-content\/uploads\/2023\/08\/84-300x201.jpg 300w, https:\/\/marcali.plebania.hu\/wp-content\/uploads\/2023\/08\/84-768x513.jpg 768w, https:\/\/marcali.plebania.hu\/wp-content\/uploads\/2023\/08\/84-1536x1027.jpg 1536w, https:\/\/marcali.plebania.hu\/wp-content\/uploads\/2023\/08\/84-2048x1369.jpg 2048w, https:\/\/marcali.plebania.hu\/wp-content\/uploads\/2023\/08\/84-404x270.jpg 404w\" sizes=\"auto, (max-width: 1024px) 100vw, 1024px\" \/><\/figure><\/li><li class=\"blocks-gallery-item\"><figure><img loading=\"lazy\" decoding=\"async\" width=\"1024\" height=\"684\" src=\"https:\/\/marcali.plebania.hu\/wp-content\/uploads\/2023\/08\/101-1024x684.jpg\" alt=\"\" data-id=\"4881\" data-link=\"https:\/\/marcali.plebania.hu\/?attachment_id=4881\" class=\"wp-image-4881\" srcset=\"https:\/\/marcali.plebania.hu\/wp-content\/uploads\/2023\/08\/101-1024x684.jpg 1024w, https:\/\/marcali.plebania.hu\/wp-content\/uploads\/2023\/08\/101-300x201.jpg 300w, https:\/\/marcali.plebania.hu\/wp-content\/uploads\/2023\/08\/101-768x513.jpg 768w, https:\/\/marcali.plebania.hu\/wp-content\/uploads\/2023\/08\/101-1536x1027.jpg 1536w, https:\/\/marcali.plebania.hu\/wp-content\/uploads\/2023\/08\/101-2048x1369.jpg 2048w, https:\/\/marcali.plebania.hu\/wp-content\/uploads\/2023\/08\/101-404x270.jpg 404w\" sizes=\"auto, (max-width: 1024px) 100vw, 1024px\" \/><\/figure><\/li><li class=\"blocks-gallery-item\"><figure><img loading=\"lazy\" decoding=\"async\" width=\"1024\" height=\"684\" src=\"https:\/\/marcali.plebania.hu\/wp-content\/uploads\/2023\/08\/103-1024x684.jpg\" alt=\"\" data-id=\"4882\" data-full-url=\"https:\/\/marcali.plebania.hu\/wp-content\/uploads\/2023\/08\/103-scaled.jpg\" data-link=\"https:\/\/marcali.plebania.hu\/?attachment_id=4882\" class=\"wp-image-4882\" srcset=\"https:\/\/marcali.plebania.hu\/wp-content\/uploads\/2023\/08\/103-1024x684.jpg 1024w, https:\/\/marcali.plebania.hu\/wp-content\/uploads\/2023\/08\/103-300x201.jpg 300w, https:\/\/marcali.plebania.hu\/wp-content\/uploads\/2023\/08\/103-768x513.jpg 768w, https:\/\/marcali.plebania.hu\/wp-content\/uploads\/2023\/08\/103-1536x1027.jpg 1536w, https:\/\/marcali.plebania.hu\/wp-content\/uploads\/2023\/08\/103-2048x1369.jpg 2048w, https:\/\/marcali.plebania.hu\/wp-content\/uploads\/2023\/08\/103-404x270.jpg 404w\" sizes=\"auto, (max-width: 1024px) 100vw, 1024px\" \/><\/figure><\/li><\/ul><\/figure>\n\n\n\n<p>Erre az alkalomra az egyh\u00e1zk\u00f6zs\u00e9g egy k\u00fcl\u00f6nsz\u00e1mot adott ki a Marcali Katolikus \u00dajs\u00e1gb\u00f3l, amely a \u201e30 \u00e9v a 300-b\u00f3l\u201d c\u00edmet kapta \u00e9s az Iv\u00e1n aty\u00e1val kapcsolatos eml\u00e9keket, esem\u00e9nyeket id\u00e9zi fel 32 oldal terjedelemben. A kiadv\u00e1ny, melyb\u0151l mindenki ingyen kapott egy p\u00e9ld\u00e1nyt, teljesen sz\u00ednesben k\u00e9sz\u00fclt a Marcali Domonkos Nyomd\u00e1ban. Megjelen\u00e9s\u00e9t Marcali V\u00e1ros \u00d6nkorm\u00e1nyzata is t\u00e1mogatta. K\u00f6sz\u00f6net a nagylelk\u0171 t\u00e1mogat\u00e1s\u00e9rt!<\/p>\n\n\n\n<figure class=\"wp-block-gallery columns-1 is-cropped wp-block-gallery-10 is-layout-flex wp-block-gallery-is-layout-flex\"><ul class=\"blocks-gallery-grid\"><li class=\"blocks-gallery-item\"><figure><img loading=\"lazy\" decoding=\"async\" width=\"1024\" height=\"684\" src=\"https:\/\/marcali.plebania.hu\/wp-content\/uploads\/2023\/08\/73-1024x684.jpg\" alt=\"\" data-id=\"4883\" data-full-url=\"https:\/\/marcali.plebania.hu\/wp-content\/uploads\/2023\/08\/73-scaled.jpg\" data-link=\"https:\/\/marcali.plebania.hu\/?attachment_id=4883\" class=\"wp-image-4883\" srcset=\"https:\/\/marcali.plebania.hu\/wp-content\/uploads\/2023\/08\/73-1024x684.jpg 1024w, https:\/\/marcali.plebania.hu\/wp-content\/uploads\/2023\/08\/73-300x201.jpg 300w, https:\/\/marcali.plebania.hu\/wp-content\/uploads\/2023\/08\/73-768x513.jpg 768w, https:\/\/marcali.plebania.hu\/wp-content\/uploads\/2023\/08\/73-1536x1027.jpg 1536w, https:\/\/marcali.plebania.hu\/wp-content\/uploads\/2023\/08\/73-2048x1369.jpg 2048w, https:\/\/marcali.plebania.hu\/wp-content\/uploads\/2023\/08\/73-404x270.jpg 404w\" sizes=\"auto, (max-width: 1024px) 100vw, 1024px\" \/><\/figure><\/li><\/ul><\/figure>\n","protected":false},"excerpt":{"rendered":"<p>2023. augusztus 13-\u00e1n, vas\u00e1rnap 10 \u00f3rakor szentmis\u00e9vel kezd\u0151d\u00f6tt az \u00fcnneps\u00e9g Gy\u00fcm\u00f6lcsolt\u00f3 Boldogasszony Pl\u00e9b\u00e1niatemplomban, melynek keret\u00e9n bel\u00fcl Kiss Iv\u00e1n c. pr\u00e9post, pl\u00e9b\u00e1nos mintegy 30 \u00e9vi marcali lelkip\u00e1sztori szolg\u00e1lat ut\u00e1n elb\u00facs\u00fazott; Tomanek Ferenc \u00c1ron \u00faj pl\u00e9b\u00e1nos pedig el\u0151sz\u00f6r mutatkozott be a nagy nyilv\u00e1noss\u00e1g el\u0151tt. Az \u00fcnnepi istentiszteletre, melyet a Marcali R\u00f3mai Katolikus Egyh\u00e1zk\u00f6zs\u00e9g szervezett, elj\u00f6tt M\u00f3ring J\u00f3zsef Attila korm\u00e1nybiztos, orsz\u00e1ggy\u0171l\u00e9si k\u00e9pvisel\u0151; Dr. S\u00fct\u0151 L\u00e1szl\u00f3 Marcali v\u00e1ros polg\u00e1rmestere; Huszti G\u00e1bor, a Somogy V\u00e1rmegyei K\u00f6zgy\u0171l\u00e9s aleln\u00f6ke; G\u00f6nt\u00e9rn\u00e9 Dr. Gyir\u00e1n Szilvia, a Somogy V\u00e1rmegyei Korm\u00e1nyhivatal&#8230;<\/p>\n<p class=\"read-more\"><a class=\"btn btn-default\" href=\"https:\/\/marcali.plebania.hu\/?p=4845\"> Read More<span class=\"screen-reader-text\">  Read More<\/span><\/a><\/p>\n","protected":false},"author":2,"featured_media":0,"comment_status":"closed","ping_status":"open","sticky":false,"template":"","format":"standard","meta":{"footnotes":""},"categories":[1],"tags":[],"class_list":["post-4845","post","type-post","status-publish","format-standard","hentry","category-egyeb"],"_links":{"self":[{"href":"https:\/\/marcali.plebania.hu\/index.php?rest_route=\/wp\/v2\/posts\/4845","targetHints":{"allow":["GET"]}}],"collection":[{"href":"https:\/\/marcali.plebania.hu\/index.php?rest_route=\/wp\/v2\/posts"}],"about":[{"href":"https:\/\/marcali.plebania.hu\/index.php?rest_route=\/wp\/v2\/types\/post"}],"author":[{"embeddable":true,"href":"https:\/\/marcali.plebania.hu\/index.php?rest_route=\/wp\/v2\/users\/2"}],"replies":[{"embeddable":true,"href":"https:\/\/marcali.plebania.hu\/index.php?rest_route=%2Fwp%2Fv2%2Fcomments&post=4845"}],"version-history":[{"count":1,"href":"https:\/\/marcali.plebania.hu\/index.php?rest_route=\/wp\/v2\/posts\/4845\/revisions"}],"predecessor-version":[{"id":4884,"href":"https:\/\/marcali.plebania.hu\/index.php?rest_route=\/wp\/v2\/posts\/4845\/revisions\/4884"}],"wp:attachment":[{"href":"https:\/\/marcali.plebania.hu\/index.php?rest_route=%2Fwp%2Fv2%2Fmedia&parent=4845"}],"wp:term":[{"taxonomy":"category","embeddable":true,"href":"https:\/\/marcali.plebania.hu\/index.php?rest_route=%2Fwp%2Fv2%2Fcategories&post=4845"},{"taxonomy":"post_tag","embeddable":true,"href":"https:\/\/marcali.plebania.hu\/index.php?rest_route=%2Fwp%2Fv2%2Ftags&post=4845"}],"curies":[{"name":"wp","href":"https:\/\/api.w.org\/{rel}","templated":true}]}}