{"id":4890,"date":"2023-08-18T10:05:38","date_gmt":"2023-08-18T10:05:38","guid":{"rendered":"https:\/\/marcali.plebania.hu\/?p=4890"},"modified":"2023-08-18T10:05:38","modified_gmt":"2023-08-18T10:05:38","slug":"hirdetesek-2023-08-20","status":"publish","type":"post","link":"https:\/\/marcali.plebania.hu\/?p=4890","title":{"rendered":"Hirdet\u00e9sek, 2023. 08.20."},"content":{"rendered":"\n<ol class=\"wp-block-list\"><li>Ma van Szent Istv\u00e1n kir\u00e1ly, Magyarorsz\u00e1g f\u0151 v\u00e9d\u0151szentj\u00e9nek \u00fcnnepe. Megk\u00f6sz\u00f6nj\u00fck a K\u00e9thelyi Gazdak\u00f6rnek a b\u00faz\u00e1t, \u00e9s a Tak\u00e1cs S\u00fct\u00f6d\u00e9nek, hogy kis\u00fct\u00f6tt\u00e9k a kenyereket.<\/li><li>Keddt\u0151l szombatig est\u00e9nk\u00e9nt 18 \u00f3rakor vannak a szentmis\u00e9k a pl\u00e9b\u00e1niatemplomban.<\/li><li>P\u00e9nteken 17.30-t\u00f3l szents\u00e9gim\u00e1d\u00e1s, 18 \u00f3rakor szentmise a pl\u00e9b\u00e1niatemplomban.<\/li><li>J\u00f6v\u0151 vas\u00e1rnap a r\u00e9gi rend szerint lesznek a szentmis\u00e9k megtartva.<\/li><\/ol>\n","protected":false},"excerpt":{"rendered":"<p>Ma van Szent Istv\u00e1n kir\u00e1ly, Magyarorsz\u00e1g f\u0151 v\u00e9d\u0151szentj\u00e9nek \u00fcnnepe. Megk\u00f6sz\u00f6nj\u00fck a K\u00e9thelyi Gazdak\u00f6rnek a b\u00faz\u00e1t, \u00e9s a Tak\u00e1cs S\u00fct\u00f6d\u00e9nek, hogy kis\u00fct\u00f6tt\u00e9k a kenyereket. Keddt\u0151l szombatig est\u00e9nk\u00e9nt 18 \u00f3rakor vannak a szentmis\u00e9k a pl\u00e9b\u00e1niatemplomban. P\u00e9nteken 17.30-t\u00f3l szents\u00e9gim\u00e1d\u00e1s, 18 \u00f3rakor szentmise a pl\u00e9b\u00e1niatemplomban. J\u00f6v\u0151 vas\u00e1rnap a r\u00e9gi rend szerint lesznek a szentmis\u00e9k megtartva.<\/p>\n","protected":false},"author":2,"featured_media":0,"comment_status":"closed","ping_status":"open","sticky":false,"template":"","format":"standard","meta":{"footnotes":""},"categories":[1],"tags":[],"class_list":["post-4890","post","type-post","status-publish","format-standard","hentry","category-egyeb"],"_links":{"self":[{"href":"https:\/\/marcali.plebania.hu\/index.php?rest_route=\/wp\/v2\/posts\/4890","targetHints":{"allow":["GET"]}}],"collection":[{"href":"https:\/\/marcali.plebania.hu\/index.php?rest_route=\/wp\/v2\/posts"}],"about":[{"href":"https:\/\/marcali.plebania.hu\/index.php?rest_route=\/wp\/v2\/types\/post"}],"author":[{"embeddable":true,"href":"https:\/\/marcali.plebania.hu\/index.php?rest_route=\/wp\/v2\/users\/2"}],"replies":[{"embeddable":true,"href":"https:\/\/marcali.plebania.hu\/index.php?rest_route=%2Fwp%2Fv2%2Fcomments&post=4890"}],"version-history":[{"count":1,"href":"https:\/\/marcali.plebania.hu\/index.php?rest_route=\/wp\/v2\/posts\/4890\/revisions"}],"predecessor-version":[{"id":4891,"href":"https:\/\/marcali.plebania.hu\/index.php?rest_route=\/wp\/v2\/posts\/4890\/revisions\/4891"}],"wp:attachment":[{"href":"https:\/\/marcali.plebania.hu\/index.php?rest_route=%2Fwp%2Fv2%2Fmedia&parent=4890"}],"wp:term":[{"taxonomy":"category","embeddable":true,"href":"https:\/\/marcali.plebania.hu\/index.php?rest_route=%2Fwp%2Fv2%2Fcategories&post=4890"},{"taxonomy":"post_tag","embeddable":true,"href":"https:\/\/marcali.plebania.hu\/index.php?rest_route=%2Fwp%2Fv2%2Ftags&post=4890"}],"curies":[{"name":"wp","href":"https:\/\/api.w.org\/{rel}","templated":true}]}}