{"id":4893,"date":"2023-08-21T15:13:22","date_gmt":"2023-08-21T15:13:22","guid":{"rendered":"https:\/\/marcali.plebania.hu\/?p=4893"},"modified":"2023-08-21T15:13:22","modified_gmt":"2023-08-21T15:13:22","slug":"2023-evi-szent-istvan-napi-unnepi-szentmise-es-kenyermegaldas-marcaliban","status":"publish","type":"post","link":"https:\/\/marcali.plebania.hu\/?p=4893","title":{"rendered":"2023. \u00e9vi Szent Istv\u00e1n-napi \u00fcnnepi szentmise \u00e9s keny\u00e9rmeg\u00e1ld\u00e1s Marcaliban"},"content":{"rendered":"\n<p>2023. augusztus 20-\u00e1n, vas\u00e1rnap 9 \u00f3rakor \u00fcnnepi szentmis\u00e9vel \u00e9s keny\u00e9rmeg\u00e1ld\u00e1ssal eml\u00e9keztek Szent Istv\u00e1n kir\u00e1lyra \u00e9s az \u00e1llamalap\u00edt\u00e1sra Marcali lakosai a Gy\u00fcm\u00f6lcsolt\u00f3 Boldogasszony Pl\u00e9b\u00e1niatemplomban.<\/p>\n\n\n\n<figure class=\"wp-block-gallery columns-3 is-cropped wp-block-gallery-1 is-layout-flex wp-block-gallery-is-layout-flex\"><ul class=\"blocks-gallery-grid\"><li class=\"blocks-gallery-item\"><figure><img loading=\"lazy\" decoding=\"async\" width=\"1024\" height=\"683\" src=\"https:\/\/marcali.plebania.hu\/wp-content\/uploads\/2023\/08\/04-3-1024x683.jpg\" alt=\"\" data-id=\"4897\" data-link=\"https:\/\/marcali.plebania.hu\/?attachment_id=4897\" class=\"wp-image-4897\" srcset=\"https:\/\/marcali.plebania.hu\/wp-content\/uploads\/2023\/08\/04-3-1024x683.jpg 1024w, https:\/\/marcali.plebania.hu\/wp-content\/uploads\/2023\/08\/04-3-300x200.jpg 300w, https:\/\/marcali.plebania.hu\/wp-content\/uploads\/2023\/08\/04-3-768x512.jpg 768w, https:\/\/marcali.plebania.hu\/wp-content\/uploads\/2023\/08\/04-3-1536x1024.jpg 1536w, https:\/\/marcali.plebania.hu\/wp-content\/uploads\/2023\/08\/04-3-2048x1365.jpg 2048w, https:\/\/marcali.plebania.hu\/wp-content\/uploads\/2023\/08\/04-3-405x270.jpg 405w\" sizes=\"auto, (max-width: 1024px) 100vw, 1024px\" \/><\/figure><\/li><li class=\"blocks-gallery-item\"><figure><img loading=\"lazy\" decoding=\"async\" width=\"1024\" height=\"683\" src=\"https:\/\/marcali.plebania.hu\/wp-content\/uploads\/2023\/08\/01-4-1024x683.jpg\" alt=\"\" data-id=\"4894\" data-link=\"https:\/\/marcali.plebania.hu\/?attachment_id=4894\" class=\"wp-image-4894\" srcset=\"https:\/\/marcali.plebania.hu\/wp-content\/uploads\/2023\/08\/01-4-1024x683.jpg 1024w, https:\/\/marcali.plebania.hu\/wp-content\/uploads\/2023\/08\/01-4-300x200.jpg 300w, https:\/\/marcali.plebania.hu\/wp-content\/uploads\/2023\/08\/01-4-768x512.jpg 768w, https:\/\/marcali.plebania.hu\/wp-content\/uploads\/2023\/08\/01-4-1536x1024.jpg 1536w, https:\/\/marcali.plebania.hu\/wp-content\/uploads\/2023\/08\/01-4-2048x1365.jpg 2048w, https:\/\/marcali.plebania.hu\/wp-content\/uploads\/2023\/08\/01-4-405x270.jpg 405w\" sizes=\"auto, (max-width: 1024px) 100vw, 1024px\" \/><\/figure><\/li><li class=\"blocks-gallery-item\"><figure><img loading=\"lazy\" decoding=\"async\" width=\"1024\" height=\"683\" src=\"https:\/\/marcali.plebania.hu\/wp-content\/uploads\/2023\/08\/21-1024x683.jpg\" alt=\"\" data-id=\"4908\" data-full-url=\"https:\/\/marcali.plebania.hu\/wp-content\/uploads\/2023\/08\/21-scaled.jpg\" data-link=\"https:\/\/marcali.plebania.hu\/?attachment_id=4908\" class=\"wp-image-4908\" srcset=\"https:\/\/marcali.plebania.hu\/wp-content\/uploads\/2023\/08\/21-1024x683.jpg 1024w, https:\/\/marcali.plebania.hu\/wp-content\/uploads\/2023\/08\/21-300x200.jpg 300w, https:\/\/marcali.plebania.hu\/wp-content\/uploads\/2023\/08\/21-768x512.jpg 768w, https:\/\/marcali.plebania.hu\/wp-content\/uploads\/2023\/08\/21-1536x1024.jpg 1536w, https:\/\/marcali.plebania.hu\/wp-content\/uploads\/2023\/08\/21-2048x1365.jpg 2048w, https:\/\/marcali.plebania.hu\/wp-content\/uploads\/2023\/08\/21-405x270.jpg 405w\" sizes=\"auto, (max-width: 1024px) 100vw, 1024px\" \/><\/figure><\/li><li class=\"blocks-gallery-item\"><figure><img loading=\"lazy\" decoding=\"async\" width=\"1024\" height=\"683\" src=\"https:\/\/marcali.plebania.hu\/wp-content\/uploads\/2023\/08\/07-2-1024x683.jpg\" alt=\"\" data-id=\"4898\" data-link=\"https:\/\/marcali.plebania.hu\/?attachment_id=4898\" class=\"wp-image-4898\" srcset=\"https:\/\/marcali.plebania.hu\/wp-content\/uploads\/2023\/08\/07-2-1024x683.jpg 1024w, https:\/\/marcali.plebania.hu\/wp-content\/uploads\/2023\/08\/07-2-300x200.jpg 300w, https:\/\/marcali.plebania.hu\/wp-content\/uploads\/2023\/08\/07-2-768x512.jpg 768w, https:\/\/marcali.plebania.hu\/wp-content\/uploads\/2023\/08\/07-2-1536x1024.jpg 1536w, https:\/\/marcali.plebania.hu\/wp-content\/uploads\/2023\/08\/07-2-2048x1365.jpg 2048w, https:\/\/marcali.plebania.hu\/wp-content\/uploads\/2023\/08\/07-2-405x270.jpg 405w\" sizes=\"auto, (max-width: 1024px) 100vw, 1024px\" \/><\/figure><\/li><\/ul><\/figure>\n\n\n\n<p>Az istentiszteletet az \u00faj lelkip\u00e1sztor, Tomanek Ferenc \u00c1ron pl\u00e9b\u00e1nos celebr\u00e1lta, aki szentbesz\u00e9d\u00e9ben az \u00e1llamalap\u00edt\u00f3 kir\u00e1ly p\u00e9lda\u00e9rt\u00e9k\u0171 hitb\u00e9li \u00e9let\u00e9t, nagys\u00e1g\u00e1t, szem\u00e9lyis\u00e9g\u00e9t, t\u00f6rt\u00e9nelmi szerep\u00e9t m\u00e9ltatta. Kiemelte, hogy Szent Istv\u00e1nnak fontos volt a hit \u00e9s annak meg\u00e9l\u00e9se, ami t\u00falmutatott a saj\u00e1t \u00e9let\u00e9n is. Fontos volt sz\u00e1m\u00e1ra, hogy a csal\u00e1dj\u00e1ban is meg\u00e9lje ezt a vall\u00e1sos meggy\u0151z\u0151d\u00e9s\u00e9t. A feles\u00e9ge, Gizella a boldogok, Imre herceg pedig a szentek t\u00e1bor\u00e1t gyarap\u00edtotta. Ezen k\u00edv\u00fcl egyh\u00e1zi \u00e9s \u00e1llamalap\u00edt\u00f3 m\u0171k\u00f6d\u00e9s\u00e9vel p\u00fcsp\u00f6ks\u00e9geket \u00e9s \u00e9rseks\u00e9geket alap\u00edtott; majd amikor ut\u00f3dj\u00e1t, Imre herceget elvesz\u00edtette, akkor Sz\u0171z M\u00e1ri\u00e1nak aj\u00e1nlotta fel orsz\u00e1g\u00e1t. Megmutatta az utat, hogy mire, kire lehet alapozni a j\u00f6v\u0151t. Ebben az Istenkeres\u00e9snek hangs\u00falyos jelent\u0151s\u00e9ge van, hogy mindenki megtal\u00e1lja \u00e9s k\u00f6z\u00f6sen meg\u00e9lje a nemzetben \u00e9s a csal\u00e1dban is ezt a p\u00e9lda\u00e9rt\u00e9k\u0171 hitet. Ferenc p\u00e1pa id\u00e9zet\u00e9t eml\u00edtette a marcali pl\u00e9b\u00e1nos, amely szerint: \u201eAz egy\u00fctt im\u00e1dkoz\u00f3 csal\u00e1d egy\u00fctt is marad\u201d. A hit meg\u00e9l\u00e9se pedig t\u00falmutat a saj\u00e1t csal\u00e1dunkon is, ebben a k\u00f6z\u00f6ss\u00e9gben rejl\u0151 er\u0151, a k\u00f6z\u00f6ss\u00e9ghez val\u00f3 tartoz\u00e1s ad \u00e9rtelmet Isten k\u00f6vet\u00e9s\u00e9ben \u00e9s szeretet\u00e9ben.<\/p>\n\n\n\n<figure class=\"wp-block-gallery columns-3 is-cropped wp-block-gallery-2 is-layout-flex wp-block-gallery-is-layout-flex\"><ul class=\"blocks-gallery-grid\"><li class=\"blocks-gallery-item\"><figure><img loading=\"lazy\" decoding=\"async\" width=\"1024\" height=\"683\" src=\"https:\/\/marcali.plebania.hu\/wp-content\/uploads\/2023\/08\/14-1024x683.jpg\" alt=\"\" data-id=\"4899\" data-link=\"https:\/\/marcali.plebania.hu\/?attachment_id=4899\" class=\"wp-image-4899\" srcset=\"https:\/\/marcali.plebania.hu\/wp-content\/uploads\/2023\/08\/14-1024x683.jpg 1024w, https:\/\/marcali.plebania.hu\/wp-content\/uploads\/2023\/08\/14-300x200.jpg 300w, https:\/\/marcali.plebania.hu\/wp-content\/uploads\/2023\/08\/14-768x512.jpg 768w, https:\/\/marcali.plebania.hu\/wp-content\/uploads\/2023\/08\/14-1536x1024.jpg 1536w, https:\/\/marcali.plebania.hu\/wp-content\/uploads\/2023\/08\/14-2048x1365.jpg 2048w, https:\/\/marcali.plebania.hu\/wp-content\/uploads\/2023\/08\/14-405x270.jpg 405w\" sizes=\"auto, (max-width: 1024px) 100vw, 1024px\" \/><\/figure><\/li><li class=\"blocks-gallery-item\"><figure><img loading=\"lazy\" decoding=\"async\" width=\"1024\" height=\"683\" src=\"https:\/\/marcali.plebania.hu\/wp-content\/uploads\/2023\/08\/37-1-1024x683.jpg\" alt=\"\" data-id=\"4901\" data-link=\"https:\/\/marcali.plebania.hu\/?attachment_id=4901\" class=\"wp-image-4901\" srcset=\"https:\/\/marcali.plebania.hu\/wp-content\/uploads\/2023\/08\/37-1-1024x683.jpg 1024w, https:\/\/marcali.plebania.hu\/wp-content\/uploads\/2023\/08\/37-1-300x200.jpg 300w, https:\/\/marcali.plebania.hu\/wp-content\/uploads\/2023\/08\/37-1-768x512.jpg 768w, https:\/\/marcali.plebania.hu\/wp-content\/uploads\/2023\/08\/37-1-1536x1024.jpg 1536w, https:\/\/marcali.plebania.hu\/wp-content\/uploads\/2023\/08\/37-1-2048x1365.jpg 2048w, https:\/\/marcali.plebania.hu\/wp-content\/uploads\/2023\/08\/37-1-405x270.jpg 405w\" sizes=\"auto, (max-width: 1024px) 100vw, 1024px\" \/><\/figure><\/li><li class=\"blocks-gallery-item\"><figure><img loading=\"lazy\" decoding=\"async\" width=\"1024\" height=\"683\" src=\"https:\/\/marcali.plebania.hu\/wp-content\/uploads\/2023\/08\/17-1024x683.jpg\" alt=\"\" data-id=\"4900\" data-link=\"https:\/\/marcali.plebania.hu\/?attachment_id=4900\" class=\"wp-image-4900\" srcset=\"https:\/\/marcali.plebania.hu\/wp-content\/uploads\/2023\/08\/17-1024x683.jpg 1024w, https:\/\/marcali.plebania.hu\/wp-content\/uploads\/2023\/08\/17-300x200.jpg 300w, https:\/\/marcali.plebania.hu\/wp-content\/uploads\/2023\/08\/17-768x512.jpg 768w, https:\/\/marcali.plebania.hu\/wp-content\/uploads\/2023\/08\/17-1536x1024.jpg 1536w, https:\/\/marcali.plebania.hu\/wp-content\/uploads\/2023\/08\/17-2048x1365.jpg 2048w, https:\/\/marcali.plebania.hu\/wp-content\/uploads\/2023\/08\/17-405x270.jpg 405w\" sizes=\"auto, (max-width: 1024px) 100vw, 1024px\" \/><\/figure><\/li><li class=\"blocks-gallery-item\"><figure><img loading=\"lazy\" decoding=\"async\" width=\"1024\" height=\"683\" src=\"https:\/\/marcali.plebania.hu\/wp-content\/uploads\/2023\/08\/25-1024x683.jpg\" alt=\"\" data-id=\"4902\" data-full-url=\"https:\/\/marcali.plebania.hu\/wp-content\/uploads\/2023\/08\/25-scaled.jpg\" data-link=\"https:\/\/marcali.plebania.hu\/?attachment_id=4902\" class=\"wp-image-4902\" srcset=\"https:\/\/marcali.plebania.hu\/wp-content\/uploads\/2023\/08\/25-1024x683.jpg 1024w, https:\/\/marcali.plebania.hu\/wp-content\/uploads\/2023\/08\/25-300x200.jpg 300w, https:\/\/marcali.plebania.hu\/wp-content\/uploads\/2023\/08\/25-768x512.jpg 768w, https:\/\/marcali.plebania.hu\/wp-content\/uploads\/2023\/08\/25-1536x1024.jpg 1536w, https:\/\/marcali.plebania.hu\/wp-content\/uploads\/2023\/08\/25-2048x1365.jpg 2048w, https:\/\/marcali.plebania.hu\/wp-content\/uploads\/2023\/08\/25-405x270.jpg 405w\" sizes=\"auto, (max-width: 1024px) 100vw, 1024px\" \/><\/figure><\/li><\/ul><\/figure>\n\n\n\n<p>A szentmis\u00e9t k\u00f6vet\u0151en t\u00f6rt\u00e9nt a keny\u00e9rszentel\u00e9s szertart\u00e1sa. El\u0151sz\u00f6r Ferenc atya meg\u00e1ldotta, majd pedig \u2013 az eddigi hagyom\u00e1nyok folytat\u00e1sak\u00e9nt \u2013, dr. S\u00fct\u0151 L\u00e1szl\u00f3, Marcali v\u00e1ros polg\u00e1rmestere az \u00faj kenyeret megszegte \u00e9s kiosztotta a marcali katolikus imak\u00f6ri tagok seg\u00edts\u00e9g\u00e9vel. Innen vittek el az esti v\u00e1rosi \u00fcnneps\u00e9gre is egy megszentelt kenyeret, valamint egy m\u00e1sikat pedig Miszi Zsuzsanna gombai \u00f6nkorm\u00e1nyzati k\u00e9pvisel\u0151n\u0151, aki el\u0151z\u0151leg saj\u00e1t kez\u0171leg s\u00fct\u00f6tt kenyeret \u00e9s hozott erre a szertart\u00e1sra.<\/p>\n\n\n\n<figure class=\"wp-block-gallery columns-3 is-cropped wp-block-gallery-3 is-layout-flex wp-block-gallery-is-layout-flex\"><ul class=\"blocks-gallery-grid\"><li class=\"blocks-gallery-item\"><figure><img loading=\"lazy\" decoding=\"async\" width=\"1024\" height=\"683\" src=\"https:\/\/marcali.plebania.hu\/wp-content\/uploads\/2023\/08\/36-2-1024x683.jpg\" alt=\"\" data-id=\"4903\" data-link=\"https:\/\/marcali.plebania.hu\/?attachment_id=4903\" class=\"wp-image-4903\" srcset=\"https:\/\/marcali.plebania.hu\/wp-content\/uploads\/2023\/08\/36-2-1024x683.jpg 1024w, https:\/\/marcali.plebania.hu\/wp-content\/uploads\/2023\/08\/36-2-300x200.jpg 300w, https:\/\/marcali.plebania.hu\/wp-content\/uploads\/2023\/08\/36-2-768x512.jpg 768w, https:\/\/marcali.plebania.hu\/wp-content\/uploads\/2023\/08\/36-2-1536x1024.jpg 1536w, https:\/\/marcali.plebania.hu\/wp-content\/uploads\/2023\/08\/36-2-2048x1365.jpg 2048w, https:\/\/marcali.plebania.hu\/wp-content\/uploads\/2023\/08\/36-2-405x270.jpg 405w\" sizes=\"auto, (max-width: 1024px) 100vw, 1024px\" \/><\/figure><\/li><li class=\"blocks-gallery-item\"><figure><img loading=\"lazy\" decoding=\"async\" width=\"1024\" height=\"683\" src=\"https:\/\/marcali.plebania.hu\/wp-content\/uploads\/2023\/08\/40-1024x683.jpg\" alt=\"\" data-id=\"4904\" data-link=\"https:\/\/marcali.plebania.hu\/?attachment_id=4904\" class=\"wp-image-4904\" srcset=\"https:\/\/marcali.plebania.hu\/wp-content\/uploads\/2023\/08\/40-1024x683.jpg 1024w, https:\/\/marcali.plebania.hu\/wp-content\/uploads\/2023\/08\/40-300x200.jpg 300w, https:\/\/marcali.plebania.hu\/wp-content\/uploads\/2023\/08\/40-768x512.jpg 768w, https:\/\/marcali.plebania.hu\/wp-content\/uploads\/2023\/08\/40-1536x1024.jpg 1536w, https:\/\/marcali.plebania.hu\/wp-content\/uploads\/2023\/08\/40-2048x1365.jpg 2048w, https:\/\/marcali.plebania.hu\/wp-content\/uploads\/2023\/08\/40-405x270.jpg 405w\" sizes=\"auto, (max-width: 1024px) 100vw, 1024px\" \/><\/figure><\/li><li class=\"blocks-gallery-item\"><figure><img loading=\"lazy\" decoding=\"async\" width=\"1024\" height=\"683\" src=\"https:\/\/marcali.plebania.hu\/wp-content\/uploads\/2023\/08\/51-2-1024x683.jpg\" alt=\"\" data-id=\"4907\" data-full-url=\"https:\/\/marcali.plebania.hu\/wp-content\/uploads\/2023\/08\/51-2-scaled.jpg\" data-link=\"https:\/\/marcali.plebania.hu\/?attachment_id=4907\" class=\"wp-image-4907\" srcset=\"https:\/\/marcali.plebania.hu\/wp-content\/uploads\/2023\/08\/51-2-1024x683.jpg 1024w, https:\/\/marcali.plebania.hu\/wp-content\/uploads\/2023\/08\/51-2-300x200.jpg 300w, https:\/\/marcali.plebania.hu\/wp-content\/uploads\/2023\/08\/51-2-768x512.jpg 768w, https:\/\/marcali.plebania.hu\/wp-content\/uploads\/2023\/08\/51-2-1536x1024.jpg 1536w, https:\/\/marcali.plebania.hu\/wp-content\/uploads\/2023\/08\/51-2-2048x1365.jpg 2048w, https:\/\/marcali.plebania.hu\/wp-content\/uploads\/2023\/08\/51-2-405x270.jpg 405w\" sizes=\"auto, (max-width: 1024px) 100vw, 1024px\" \/><\/figure><\/li><li class=\"blocks-gallery-item\"><figure><img loading=\"lazy\" decoding=\"async\" width=\"1024\" height=\"683\" src=\"https:\/\/marcali.plebania.hu\/wp-content\/uploads\/2023\/08\/57-1024x683.jpg\" alt=\"\" data-id=\"4906\" data-link=\"https:\/\/marcali.plebania.hu\/?attachment_id=4906\" class=\"wp-image-4906\" srcset=\"https:\/\/marcali.plebania.hu\/wp-content\/uploads\/2023\/08\/57-1024x683.jpg 1024w, https:\/\/marcali.plebania.hu\/wp-content\/uploads\/2023\/08\/57-300x200.jpg 300w, https:\/\/marcali.plebania.hu\/wp-content\/uploads\/2023\/08\/57-768x512.jpg 768w, https:\/\/marcali.plebania.hu\/wp-content\/uploads\/2023\/08\/57-1536x1024.jpg 1536w, https:\/\/marcali.plebania.hu\/wp-content\/uploads\/2023\/08\/57-2048x1365.jpg 2048w, https:\/\/marcali.plebania.hu\/wp-content\/uploads\/2023\/08\/57-405x270.jpg 405w\" sizes=\"auto, (max-width: 1024px) 100vw, 1024px\" \/><\/figure><\/li><\/ul><\/figure>\n\n\n\n<p>Az istentiszteleten Balogh B\u00e1lint k\u00e1ntor \u00e9s a Marcali F\u00e9ny\nGyermekei Katolikus Zenekar m\u0171k\u00f6d\u00f6tt k\u00f6zre.<\/p>\n","protected":false},"excerpt":{"rendered":"<p>2023. augusztus 20-\u00e1n, vas\u00e1rnap 9 \u00f3rakor \u00fcnnepi szentmis\u00e9vel \u00e9s keny\u00e9rmeg\u00e1ld\u00e1ssal eml\u00e9keztek Szent Istv\u00e1n kir\u00e1lyra \u00e9s az \u00e1llamalap\u00edt\u00e1sra Marcali lakosai a Gy\u00fcm\u00f6lcsolt\u00f3 Boldogasszony Pl\u00e9b\u00e1niatemplomban. Az istentiszteletet az \u00faj lelkip\u00e1sztor, Tomanek Ferenc \u00c1ron pl\u00e9b\u00e1nos celebr\u00e1lta, aki szentbesz\u00e9d\u00e9ben az \u00e1llamalap\u00edt\u00f3 kir\u00e1ly p\u00e9lda\u00e9rt\u00e9k\u0171 hitb\u00e9li \u00e9let\u00e9t, nagys\u00e1g\u00e1t, szem\u00e9lyis\u00e9g\u00e9t, t\u00f6rt\u00e9nelmi szerep\u00e9t m\u00e9ltatta. Kiemelte, hogy Szent Istv\u00e1nnak fontos volt a hit \u00e9s annak meg\u00e9l\u00e9se, ami t\u00falmutatott a saj\u00e1t \u00e9let\u00e9n is. Fontos volt sz\u00e1m\u00e1ra, hogy a csal\u00e1dj\u00e1ban is meg\u00e9lje ezt a vall\u00e1sos meggy\u0151z\u0151d\u00e9s\u00e9t. A feles\u00e9ge, Gizella a boldogok,&#8230;<\/p>\n<p class=\"read-more\"><a class=\"btn btn-default\" href=\"https:\/\/marcali.plebania.hu\/?p=4893\"> Read More<span class=\"screen-reader-text\">  Read More<\/span><\/a><\/p>\n","protected":false},"author":2,"featured_media":0,"comment_status":"closed","ping_status":"open","sticky":false,"template":"","format":"standard","meta":{"footnotes":""},"categories":[1],"tags":[],"class_list":["post-4893","post","type-post","status-publish","format-standard","hentry","category-egyeb"],"_links":{"self":[{"href":"https:\/\/marcali.plebania.hu\/index.php?rest_route=\/wp\/v2\/posts\/4893","targetHints":{"allow":["GET"]}}],"collection":[{"href":"https:\/\/marcali.plebania.hu\/index.php?rest_route=\/wp\/v2\/posts"}],"about":[{"href":"https:\/\/marcali.plebania.hu\/index.php?rest_route=\/wp\/v2\/types\/post"}],"author":[{"embeddable":true,"href":"https:\/\/marcali.plebania.hu\/index.php?rest_route=\/wp\/v2\/users\/2"}],"replies":[{"embeddable":true,"href":"https:\/\/marcali.plebania.hu\/index.php?rest_route=%2Fwp%2Fv2%2Fcomments&post=4893"}],"version-history":[{"count":1,"href":"https:\/\/marcali.plebania.hu\/index.php?rest_route=\/wp\/v2\/posts\/4893\/revisions"}],"predecessor-version":[{"id":4909,"href":"https:\/\/marcali.plebania.hu\/index.php?rest_route=\/wp\/v2\/posts\/4893\/revisions\/4909"}],"wp:attachment":[{"href":"https:\/\/marcali.plebania.hu\/index.php?rest_route=%2Fwp%2Fv2%2Fmedia&parent=4893"}],"wp:term":[{"taxonomy":"category","embeddable":true,"href":"https:\/\/marcali.plebania.hu\/index.php?rest_route=%2Fwp%2Fv2%2Fcategories&post=4893"},{"taxonomy":"post_tag","embeddable":true,"href":"https:\/\/marcali.plebania.hu\/index.php?rest_route=%2Fwp%2Fv2%2Ftags&post=4893"}],"curies":[{"name":"wp","href":"https:\/\/api.w.org\/{rel}","templated":true}]}}