{"id":4910,"date":"2023-08-25T09:47:53","date_gmt":"2023-08-25T09:47:53","guid":{"rendered":"https:\/\/marcali.plebania.hu\/?p=4910"},"modified":"2023-08-25T09:47:53","modified_gmt":"2023-08-25T09:47:53","slug":"hirdetesek-2023-08-27-evkozi-21-vasarnap","status":"publish","type":"post","link":"https:\/\/marcali.plebania.hu\/?p=4910","title":{"rendered":"Hirdet\u00e9sek, 2023. 08. 27. \u00c9vk\u00f6zi 21. vas\u00e1rnap"},"content":{"rendered":"\n<ol class=\"wp-block-list\"><li>Keddt\u0151l\nszombatig est\u00e9nk\u00e9nt 18 \u00f3rakor vannak a szentmis\u00e9k a pl\u00e9b\u00e1niatemplomban.<\/li><li>P\u00e9nteken\nels\u0151 p\u00e9ntek, d\u00e9lel\u0151tt a h\u00e1zi betegek gy\u00f3ntat\u00e1sa, majd 17.30-t\u00f3l szents\u00e9gim\u00e1d\u00e1s,\n18 \u00f3rakor szentmise a pl\u00e9b\u00e1niatemplomban.<\/li><li>A\ntan\u00e9v kezdet\u00e9vel a hitoktat\u00e1s is megkezd\u0151dik Marcali iskol\u00e1iban. A hittank\u00f6nyveket\na hitoktat\u00f3kt\u00f3l vehetik \u00e1t a di\u00e1kok. A hitoktat\u00f3kn\u00e1l vagy a pl\u00e9b\u00e1ni\u00e1n lehet\njelentkezni az els\u0151\u00e1ldoz\u00e1si \u00e9s b\u00e9rm\u00e1l\u00e1si felk\u00e9sz\u00edt\u0151re.<\/li><\/ol>\n","protected":false},"excerpt":{"rendered":"<p>Keddt\u0151l szombatig est\u00e9nk\u00e9nt 18 \u00f3rakor vannak a szentmis\u00e9k a pl\u00e9b\u00e1niatemplomban. P\u00e9nteken els\u0151 p\u00e9ntek, d\u00e9lel\u0151tt a h\u00e1zi betegek gy\u00f3ntat\u00e1sa, majd 17.30-t\u00f3l szents\u00e9gim\u00e1d\u00e1s, 18 \u00f3rakor szentmise a pl\u00e9b\u00e1niatemplomban. A tan\u00e9v kezdet\u00e9vel a hitoktat\u00e1s is megkezd\u0151dik Marcali iskol\u00e1iban. A hittank\u00f6nyveket a hitoktat\u00f3kt\u00f3l vehetik \u00e1t a di\u00e1kok. A hitoktat\u00f3kn\u00e1l vagy a pl\u00e9b\u00e1ni\u00e1n lehet jelentkezni az els\u0151\u00e1ldoz\u00e1si \u00e9s b\u00e9rm\u00e1l\u00e1si felk\u00e9sz\u00edt\u0151re.<\/p>\n","protected":false},"author":2,"featured_media":0,"comment_status":"closed","ping_status":"open","sticky":false,"template":"","format":"standard","meta":{"footnotes":""},"categories":[1],"tags":[],"class_list":["post-4910","post","type-post","status-publish","format-standard","hentry","category-egyeb"],"_links":{"self":[{"href":"https:\/\/marcali.plebania.hu\/index.php?rest_route=\/wp\/v2\/posts\/4910","targetHints":{"allow":["GET"]}}],"collection":[{"href":"https:\/\/marcali.plebania.hu\/index.php?rest_route=\/wp\/v2\/posts"}],"about":[{"href":"https:\/\/marcali.plebania.hu\/index.php?rest_route=\/wp\/v2\/types\/post"}],"author":[{"embeddable":true,"href":"https:\/\/marcali.plebania.hu\/index.php?rest_route=\/wp\/v2\/users\/2"}],"replies":[{"embeddable":true,"href":"https:\/\/marcali.plebania.hu\/index.php?rest_route=%2Fwp%2Fv2%2Fcomments&post=4910"}],"version-history":[{"count":1,"href":"https:\/\/marcali.plebania.hu\/index.php?rest_route=\/wp\/v2\/posts\/4910\/revisions"}],"predecessor-version":[{"id":4911,"href":"https:\/\/marcali.plebania.hu\/index.php?rest_route=\/wp\/v2\/posts\/4910\/revisions\/4911"}],"wp:attachment":[{"href":"https:\/\/marcali.plebania.hu\/index.php?rest_route=%2Fwp%2Fv2%2Fmedia&parent=4910"}],"wp:term":[{"taxonomy":"category","embeddable":true,"href":"https:\/\/marcali.plebania.hu\/index.php?rest_route=%2Fwp%2Fv2%2Fcategories&post=4910"},{"taxonomy":"post_tag","embeddable":true,"href":"https:\/\/marcali.plebania.hu\/index.php?rest_route=%2Fwp%2Fv2%2Ftags&post=4910"}],"curies":[{"name":"wp","href":"https:\/\/api.w.org\/{rel}","templated":true}]}}