{"id":4913,"date":"2023-09-01T10:06:18","date_gmt":"2023-09-01T10:06:18","guid":{"rendered":"https:\/\/marcali.plebania.hu\/?p=4913"},"modified":"2023-09-01T10:06:18","modified_gmt":"2023-09-01T10:06:18","slug":"hirdetesek-2023-09-03-evkozi-22-vasarnap","status":"publish","type":"post","link":"https:\/\/marcali.plebania.hu\/?p=4913","title":{"rendered":"Hirdet\u00e9sek, 2023. 09. 03. \u00c9vk\u00f6zi 22. vas\u00e1rnap"},"content":{"rendered":"\n<ol class=\"wp-block-list\"><li>Keddt\u0151l szombatig est\u00e9nk\u00e9nt 18 \u00f3rakor\nvannak a szentmis\u00e9k a pl\u00e9b\u00e1niatemplomban.<\/li><li>P\u00e9nteken 17.30-t\u00f3l szents\u00e9gim\u00e1d\u00e1s, 18\n\u00f3rakor szentmise a pl\u00e9b\u00e1niatemplomban.<\/li><li>Szeptember 17-\u00e9n, vas\u00e1rnap a 9 \u00f3rai\nVeni Sancte mis\u00e9ben k\u00e9rj\u00fck a Szentl\u00e9lek seg\u00edts\u00e9g\u00e9t az \u00faj tan\u00e9vre. Szeretettel\nh\u00edvjuk az iskol\u00e1sokat, sz\u00fcl\u0151ket, tan\u00e1rokat \u00e9s k\u00f6z\u00f6ss\u00e9g\u00fcnk minden tagj\u00e1t. A\nhitoktat\u00f3kn\u00e1l vagy a pl\u00e9b\u00e1ni\u00e1n lehet jelentkezni az els\u0151\u00e1ldoz\u00e1si \u00e9s b\u00e9rm\u00e1l\u00e1si\nfelk\u00e9sz\u00edt\u0151re.<\/li><li>A K\u00c9SZ Marcali Csoportja szeptember 23-\u00e1ra\nv\u00e1ltoztatta meg az \u00e9ves zar\u00e1ndoklat\u00e1t, amelynek az \u00fati c\u00e9lja v\u00e1ltozatlan: Keszthely,\nEgregy \u00e9s Zalaegerszeg szakr\u00e1lis \u00e9rt\u00e9keinek a megtekint\u00e9se. Jelentkezni m\u00e9g korl\u00e1tozott\nsz\u00e1mban S\u00e1voly Andre\u00e1n\u00e1l lehet. Az \u00fatik\u00f6lts\u00e9g 3.000- Ft szem\u00e9lyenk\u00e9nt, a K\u00c9SZ\ntagoknak ingyenes.<\/li><\/ol>\n","protected":false},"excerpt":{"rendered":"<p>Keddt\u0151l szombatig est\u00e9nk\u00e9nt 18 \u00f3rakor vannak a szentmis\u00e9k a pl\u00e9b\u00e1niatemplomban. P\u00e9nteken 17.30-t\u00f3l szents\u00e9gim\u00e1d\u00e1s, 18 \u00f3rakor szentmise a pl\u00e9b\u00e1niatemplomban. Szeptember 17-\u00e9n, vas\u00e1rnap a 9 \u00f3rai Veni Sancte mis\u00e9ben k\u00e9rj\u00fck a Szentl\u00e9lek seg\u00edts\u00e9g\u00e9t az \u00faj tan\u00e9vre. Szeretettel h\u00edvjuk az iskol\u00e1sokat, sz\u00fcl\u0151ket, tan\u00e1rokat \u00e9s k\u00f6z\u00f6ss\u00e9g\u00fcnk minden tagj\u00e1t. A hitoktat\u00f3kn\u00e1l vagy a pl\u00e9b\u00e1ni\u00e1n lehet jelentkezni az els\u0151\u00e1ldoz\u00e1si \u00e9s b\u00e9rm\u00e1l\u00e1si felk\u00e9sz\u00edt\u0151re. A K\u00c9SZ Marcali Csoportja szeptember 23-\u00e1ra v\u00e1ltoztatta meg az \u00e9ves zar\u00e1ndoklat\u00e1t, amelynek az \u00fati c\u00e9lja v\u00e1ltozatlan: Keszthely, Egregy \u00e9s Zalaegerszeg szakr\u00e1lis \u00e9rt\u00e9keinek a megtekint\u00e9se&#8230;.<\/p>\n<p class=\"read-more\"><a class=\"btn btn-default\" href=\"https:\/\/marcali.plebania.hu\/?p=4913\"> Read More<span class=\"screen-reader-text\">  Read More<\/span><\/a><\/p>\n","protected":false},"author":2,"featured_media":0,"comment_status":"closed","ping_status":"open","sticky":false,"template":"","format":"standard","meta":{"footnotes":""},"categories":[1],"tags":[],"class_list":["post-4913","post","type-post","status-publish","format-standard","hentry","category-egyeb"],"_links":{"self":[{"href":"https:\/\/marcali.plebania.hu\/index.php?rest_route=\/wp\/v2\/posts\/4913","targetHints":{"allow":["GET"]}}],"collection":[{"href":"https:\/\/marcali.plebania.hu\/index.php?rest_route=\/wp\/v2\/posts"}],"about":[{"href":"https:\/\/marcali.plebania.hu\/index.php?rest_route=\/wp\/v2\/types\/post"}],"author":[{"embeddable":true,"href":"https:\/\/marcali.plebania.hu\/index.php?rest_route=\/wp\/v2\/users\/2"}],"replies":[{"embeddable":true,"href":"https:\/\/marcali.plebania.hu\/index.php?rest_route=%2Fwp%2Fv2%2Fcomments&post=4913"}],"version-history":[{"count":1,"href":"https:\/\/marcali.plebania.hu\/index.php?rest_route=\/wp\/v2\/posts\/4913\/revisions"}],"predecessor-version":[{"id":4914,"href":"https:\/\/marcali.plebania.hu\/index.php?rest_route=\/wp\/v2\/posts\/4913\/revisions\/4914"}],"wp:attachment":[{"href":"https:\/\/marcali.plebania.hu\/index.php?rest_route=%2Fwp%2Fv2%2Fmedia&parent=4913"}],"wp:term":[{"taxonomy":"category","embeddable":true,"href":"https:\/\/marcali.plebania.hu\/index.php?rest_route=%2Fwp%2Fv2%2Fcategories&post=4913"},{"taxonomy":"post_tag","embeddable":true,"href":"https:\/\/marcali.plebania.hu\/index.php?rest_route=%2Fwp%2Fv2%2Ftags&post=4913"}],"curies":[{"name":"wp","href":"https:\/\/api.w.org\/{rel}","templated":true}]}}