{"id":4916,"date":"2023-09-08T09:45:52","date_gmt":"2023-09-08T09:45:52","guid":{"rendered":"https:\/\/marcali.plebania.hu\/?p=4916"},"modified":"2023-09-08T09:45:52","modified_gmt":"2023-09-08T09:45:52","slug":"hirdetesek-2023-09-10-evkozi-23-vasarnap","status":"publish","type":"post","link":"https:\/\/marcali.plebania.hu\/?p=4916","title":{"rendered":"Hirdet\u00e9sek, 2023. 09. 10. \u00c9vk\u00f6zi 23. vas\u00e1rnap"},"content":{"rendered":"\n<ol class=\"wp-block-list\"><li>A\nt\u00e9li id\u0151sz\u00e1m\u00edt\u00e1s kezdet\u00e9ig minden h\u00e9ten keddt\u0151l szombatig est\u00e9nk\u00e9nt 18 \u00f3rakor\nvannak a szentmis\u00e9k a pl\u00e9b\u00e1niatemplomban. A p\u00e9nteki szentmis\u00e9k el\u0151tt f\u00e9l \u00f3r\u00e1s\nszents\u00e9gim\u00e1d\u00e1st v\u00e9gz\u00fcnk, k\u00f6zben lehet\u0151s\u00e9g van a szentgy\u00f3n\u00e1s elv\u00e9gz\u00e9s\u00e9re is.<\/li><li>Kedden\n16.45-kor az X-h\u00e1zban a K\u00c9SZ tiszt\u00faj\u00edt\u00f3 taggy\u0171l\u00e9st tart, melyre a tagokat h\u00edvj\u00e1k\n\u00e9s v\u00e1rj\u00e1k a szervez\u0151k.<\/li><li>Szerd\u00e1n\n17 \u00f3rakor fatimai ima\u00f3ra, 18 \u00f3rakor szentmise a pl\u00e9b\u00e1niatemplomban.<\/li><li>J\u00f6v\u0151\nvas\u00e1rnap a 9 \u00f3rai Veni Sancte mis\u00e9ben k\u00e9rj\u00fck a Szentl\u00e9lek seg\u00edts\u00e9g\u00e9t az \u00faj\ntan\u00e9vre \u00e9s ennek r\u00e9szek\u00e9nt a szentmis\u00e9ben meg\u00e1ldjuk az iskolat\u00e1sk\u00e1kat.\nSzeretettel h\u00edvjuk a di\u00e1kokat iskolat\u00e1sk\u00e1jukkal egy\u00fctt, a sz\u00fcl\u0151ket, tan\u00e1rokat\n\u00e9s k\u00f6z\u00f6ss\u00e9g\u00fcnk minden tagj\u00e1t.<\/li><li>Aznap\n11 \u00f3rakor igeliturgia lesz a gombai templomban.<\/li><li>A\nK\u00c9SZ Marcali Csoport szeptember 23-i zar\u00e1ndoklat\u00e1ra minden hely betelt.<\/li><\/ol>\n","protected":false},"excerpt":{"rendered":"<p>A t\u00e9li id\u0151sz\u00e1m\u00edt\u00e1s kezdet\u00e9ig minden h\u00e9ten keddt\u0151l szombatig est\u00e9nk\u00e9nt 18 \u00f3rakor vannak a szentmis\u00e9k a pl\u00e9b\u00e1niatemplomban. A p\u00e9nteki szentmis\u00e9k el\u0151tt f\u00e9l \u00f3r\u00e1s szents\u00e9gim\u00e1d\u00e1st v\u00e9gz\u00fcnk, k\u00f6zben lehet\u0151s\u00e9g van a szentgy\u00f3n\u00e1s elv\u00e9gz\u00e9s\u00e9re is. Kedden 16.45-kor az X-h\u00e1zban a K\u00c9SZ tiszt\u00faj\u00edt\u00f3 taggy\u0171l\u00e9st tart, melyre a tagokat h\u00edvj\u00e1k \u00e9s v\u00e1rj\u00e1k a szervez\u0151k. Szerd\u00e1n 17 \u00f3rakor fatimai ima\u00f3ra, 18 \u00f3rakor szentmise a pl\u00e9b\u00e1niatemplomban. J\u00f6v\u0151 vas\u00e1rnap a 9 \u00f3rai Veni Sancte mis\u00e9ben k\u00e9rj\u00fck a Szentl\u00e9lek seg\u00edts\u00e9g\u00e9t az \u00faj tan\u00e9vre \u00e9s ennek r\u00e9szek\u00e9nt a szentmis\u00e9ben meg\u00e1ldjuk az&#8230;<\/p>\n<p class=\"read-more\"><a class=\"btn btn-default\" href=\"https:\/\/marcali.plebania.hu\/?p=4916\"> Read More<span class=\"screen-reader-text\">  Read More<\/span><\/a><\/p>\n","protected":false},"author":2,"featured_media":0,"comment_status":"closed","ping_status":"open","sticky":false,"template":"","format":"standard","meta":{"footnotes":""},"categories":[1],"tags":[],"class_list":["post-4916","post","type-post","status-publish","format-standard","hentry","category-egyeb"],"_links":{"self":[{"href":"https:\/\/marcali.plebania.hu\/index.php?rest_route=\/wp\/v2\/posts\/4916","targetHints":{"allow":["GET"]}}],"collection":[{"href":"https:\/\/marcali.plebania.hu\/index.php?rest_route=\/wp\/v2\/posts"}],"about":[{"href":"https:\/\/marcali.plebania.hu\/index.php?rest_route=\/wp\/v2\/types\/post"}],"author":[{"embeddable":true,"href":"https:\/\/marcali.plebania.hu\/index.php?rest_route=\/wp\/v2\/users\/2"}],"replies":[{"embeddable":true,"href":"https:\/\/marcali.plebania.hu\/index.php?rest_route=%2Fwp%2Fv2%2Fcomments&post=4916"}],"version-history":[{"count":1,"href":"https:\/\/marcali.plebania.hu\/index.php?rest_route=\/wp\/v2\/posts\/4916\/revisions"}],"predecessor-version":[{"id":4917,"href":"https:\/\/marcali.plebania.hu\/index.php?rest_route=\/wp\/v2\/posts\/4916\/revisions\/4917"}],"wp:attachment":[{"href":"https:\/\/marcali.plebania.hu\/index.php?rest_route=%2Fwp%2Fv2%2Fmedia&parent=4916"}],"wp:term":[{"taxonomy":"category","embeddable":true,"href":"https:\/\/marcali.plebania.hu\/index.php?rest_route=%2Fwp%2Fv2%2Fcategories&post=4916"},{"taxonomy":"post_tag","embeddable":true,"href":"https:\/\/marcali.plebania.hu\/index.php?rest_route=%2Fwp%2Fv2%2Ftags&post=4916"}],"curies":[{"name":"wp","href":"https:\/\/api.w.org\/{rel}","templated":true}]}}