{"id":4919,"date":"2023-09-14T08:10:46","date_gmt":"2023-09-14T08:10:46","guid":{"rendered":"https:\/\/marcali.plebania.hu\/?p=4919"},"modified":"2023-09-14T08:10:46","modified_gmt":"2023-09-14T08:10:46","slug":"tisztujito-taggyulest-tartott-a-kesz-marcali-csoport-ujabb-ot-ev-bizalmat-kaptak-a-tisztsegviselok","status":"publish","type":"post","link":"https:\/\/marcali.plebania.hu\/?p=4919","title":{"rendered":"Tiszt\u00faj\u00edt\u00f3 taggy\u0171l\u00e9st tartott a K\u00c9SZ Marcali Csoport \u2013 \u00dajabb \u00f6t \u00e9v bizalmat kaptak a tiszts\u00e9gvisel\u0151k"},"content":{"rendered":"\n<p>2023. szeptember 12-\u00e9n (kedden) 17 \u00f3rakor a Kereszt\u00e9ny\n\u00c9rtelmis\u00e9giek Sz\u00f6vets\u00e9ge (K\u00c9SZ) Marcali Csoportja tiszt\u00faj\u00edt\u00f3 taggy\u0171l\u00e9st tartott\naz X-h\u00e1z nagyterm\u00e9ben (Marcali, D\u00f3zsa Gy. u. 3.), melyre az\u00e9rt volt sz\u00fcks\u00e9g,\nmert lej\u00e1rt a helyi csoport tiszts\u00e9gvisel\u0151inek a mand\u00e1tuma.<\/p>\n\n\n\n<p>A levezet\u0151 eln\u00f6k meg\u00e1llap\u00edtotta, hogy a gy\u0171l\u00e9s\nhat\u00e1rozatk\u00e9pes, majd a k\u00f6vetkez\u0151 napirendi pontok t\u00e1rgyal\u00e1sa k\u00f6vetkezett.<\/p>\n\n\n\n<p>Els\u0151k\u00e9nt k\u00f6sz\u00f6nt\u00f6tt\u00e9k az \u00faj pl\u00e9b\u00e1nost, Tomanek Ferenc\n\u00c1ron aty\u00e1t, aki r\u00f6viden bemutatkozott a jelenl\u00e9v\u0151 tags\u00e1gnak. Majd V\u00e1laszt\u00e1si \u00e9s\nSzavazatsz\u00e1ml\u00e1l\u00f3 Bizotts\u00e1got v\u00e1lasztottak: Gelencs\u00e9r R\u00f3bert, Vida Endr\u00e9n\u00e9 \u00e9s\nS\u00e1voly Andrea szem\u00e9ly\u00e9ben. Ezut\u00e1n javaslatok hangzottak el az eln\u00f6k, a titk\u00e1r,\na p\u00e9nzt\u00e1ros, valamint a p\u00f3tk\u00fcld\u00f6tt szem\u00e9ly\u00e9re. A jelenl\u00e9v\u0151 tags\u00e1g v\u00e9g\u00fcl a r\u00e9gi\ntiszts\u00e9gvisel\u0151knek szavazott bizalmat, \u00edgy 5 \u00e9vre p\u00f3tk\u00fcld\u00f6ttnek \u00fajra: G\u00e1ln\u00e9\nV\u00e9gh Editet, p\u00e9nzt\u00e1rosnak: Hossz\u00fa Zolt\u00e1nn\u00e9t, titk\u00e1rnak: Horv\u00e1th Zsolt L\u00e1szl\u00f3t,\neln\u00f6knek pedig Kiss K\u00e1lm\u00e1nt v\u00e1lasztott\u00e1k meg. (Az 50 f\u0151t meghalad\u00f3 tagl\u00e9tsz\u00e1m\nmiatt a tavaly v\u00e1lasztott k\u00fcld\u00f6tt \u00e9s a 2. p\u00f3tk\u00fcld\u00f6tt szem\u00e9ly\u00e9t nem \u00e9rintette a\nvoksol\u00e1s, ugyanis nekik majd csak 2027-ben j\u00e1r le a mand\u00e1tumuk.)<\/p>\n\n\n\n<p>A k\u00f6vetkez\u0151 napirendi pontban az eln\u00f6k besz\u00e1molt a 2022. \u00e9v\ngazd\u00e1lkod\u00e1s\u00e1r\u00f3l: ismertette a bev\u00e9teleket \u00e9s a kiad\u00e1sokat, valamint r\u00e9szletesen\nbesz\u00e1molt a megval\u00f3sult programokr\u00f3l. Majd ezut\u00e1n r\u00f6viden besz\u00e9lt a K\u00c9SZ\nk\u00f6zpont \u00e1ltal ki\u00edrt \u00e9s a helyi csoport \u00e1ltal megnyert p\u00e1ly\u00e1zatr\u00f3l, mely t\u00e1mogat\u00e1st\naz idei \u00e9vben is zar\u00e1ndoklatra ford\u00edtj\u00e1k. 2023. szeptember 23-\u00e1n ugyanis Keszthely,\nH\u00e9v\u00edz, Egregy \u00e9s Zalaegerszeg szakr\u00e1lis \u00e9rt\u00e9keinek a megtekint\u00e9se lesz a f\u0151 \u00fati\nc\u00e9l, mik\u00f6zben Ferenc atya Zalaegerszegen szentmis\u00e9t is fog celebr\u00e1lni a\nzar\u00e1ndokoknak. V\u00e9g\u00fcl az egyebek napirendi pontban sz\u00f3 esett m\u00e9g a tagd\u00edjakr\u00f3l\n\u00e9s a j\u00f6v\u0151beli programtervekr\u0151l is.<\/p>\n\n\n\n<p>\u00cdrta: K\u00c9SZ Marcali Csoport<\/p>\n","protected":false},"excerpt":{"rendered":"<p>2023. szeptember 12-\u00e9n (kedden) 17 \u00f3rakor a Kereszt\u00e9ny \u00c9rtelmis\u00e9giek Sz\u00f6vets\u00e9ge (K\u00c9SZ) Marcali Csoportja tiszt\u00faj\u00edt\u00f3 taggy\u0171l\u00e9st tartott az X-h\u00e1z nagyterm\u00e9ben (Marcali, D\u00f3zsa Gy. u. 3.), melyre az\u00e9rt volt sz\u00fcks\u00e9g, mert lej\u00e1rt a helyi csoport tiszts\u00e9gvisel\u0151inek a mand\u00e1tuma. A levezet\u0151 eln\u00f6k meg\u00e1llap\u00edtotta, hogy a gy\u0171l\u00e9s hat\u00e1rozatk\u00e9pes, majd a k\u00f6vetkez\u0151 napirendi pontok t\u00e1rgyal\u00e1sa k\u00f6vetkezett. Els\u0151k\u00e9nt k\u00f6sz\u00f6nt\u00f6tt\u00e9k az \u00faj pl\u00e9b\u00e1nost, Tomanek Ferenc \u00c1ron aty\u00e1t, aki r\u00f6viden bemutatkozott a jelenl\u00e9v\u0151 tags\u00e1gnak. Majd V\u00e1laszt\u00e1si \u00e9s Szavazatsz\u00e1ml\u00e1l\u00f3 Bizotts\u00e1got v\u00e1lasztottak: Gelencs\u00e9r R\u00f3bert, Vida Endr\u00e9n\u00e9 \u00e9s S\u00e1voly Andrea szem\u00e9ly\u00e9ben&#8230;.<\/p>\n<p class=\"read-more\"><a class=\"btn btn-default\" href=\"https:\/\/marcali.plebania.hu\/?p=4919\"> Read More<span class=\"screen-reader-text\">  Read More<\/span><\/a><\/p>\n","protected":false},"author":2,"featured_media":0,"comment_status":"closed","ping_status":"open","sticky":false,"template":"","format":"standard","meta":{"footnotes":""},"categories":[1],"tags":[],"class_list":["post-4919","post","type-post","status-publish","format-standard","hentry","category-egyeb"],"_links":{"self":[{"href":"https:\/\/marcali.plebania.hu\/index.php?rest_route=\/wp\/v2\/posts\/4919","targetHints":{"allow":["GET"]}}],"collection":[{"href":"https:\/\/marcali.plebania.hu\/index.php?rest_route=\/wp\/v2\/posts"}],"about":[{"href":"https:\/\/marcali.plebania.hu\/index.php?rest_route=\/wp\/v2\/types\/post"}],"author":[{"embeddable":true,"href":"https:\/\/marcali.plebania.hu\/index.php?rest_route=\/wp\/v2\/users\/2"}],"replies":[{"embeddable":true,"href":"https:\/\/marcali.plebania.hu\/index.php?rest_route=%2Fwp%2Fv2%2Fcomments&post=4919"}],"version-history":[{"count":1,"href":"https:\/\/marcali.plebania.hu\/index.php?rest_route=\/wp\/v2\/posts\/4919\/revisions"}],"predecessor-version":[{"id":4920,"href":"https:\/\/marcali.plebania.hu\/index.php?rest_route=\/wp\/v2\/posts\/4919\/revisions\/4920"}],"wp:attachment":[{"href":"https:\/\/marcali.plebania.hu\/index.php?rest_route=%2Fwp%2Fv2%2Fmedia&parent=4919"}],"wp:term":[{"taxonomy":"category","embeddable":true,"href":"https:\/\/marcali.plebania.hu\/index.php?rest_route=%2Fwp%2Fv2%2Fcategories&post=4919"},{"taxonomy":"post_tag","embeddable":true,"href":"https:\/\/marcali.plebania.hu\/index.php?rest_route=%2Fwp%2Fv2%2Ftags&post=4919"}],"curies":[{"name":"wp","href":"https:\/\/api.w.org\/{rel}","templated":true}]}}