{"id":4922,"date":"2023-09-15T10:26:23","date_gmt":"2023-09-15T10:26:23","guid":{"rendered":"https:\/\/marcali.plebania.hu\/?p=4922"},"modified":"2023-09-15T10:26:23","modified_gmt":"2023-09-15T10:26:23","slug":"hirdetesek-2023-09-17-evkozi-24-vasarnap","status":"publish","type":"post","link":"https:\/\/marcali.plebania.hu\/?p=4922","title":{"rendered":"Hirdet\u00e9sek, 2023. 09. 17. \u00c9vk\u00f6zi 24. vas\u00e1rnap."},"content":{"rendered":"\n<ol class=\"wp-block-list\"><li>Szerd\u00e1n (szeptember 20-\u00e1n) 17 \u00f3rakor az X-h\u00e1zban sz\u00fcl\u0151i \u00e9rtekezletet tartunk az els\u0151\u00e1ldoz\u00f3k \u00e9s a b\u00e9rm\u00e1lkoz\u00f3k sz\u00fcleinek.<\/li><li>Szombaton reggel 7 \u00f3rakor a pl\u00e9b\u00e1niatemplom el\u0151tti parkol\u00f3b\u00f3l indul a K\u00c9SZ zar\u00e1ndoklata Keszthely-H\u00e9v\u00edz-Egregy \u00e9s Zalaegerszeg \u00fati c\u00e9lokkal. A vissza\u00e9rkez\u00e9s a k\u00e9s\u0151 esti \u00f3r\u00e1kban v\u00e1rhat\u00f3. A bel\u00e9p\u0151jegyek \u00e1r\u00e1t mindenki maga fizeti.<\/li><li>Okt\u00f3ber 1-\u00e9n 11 \u00f3rakor az Orb\u00e1n k\u00e1poln\u00e1ban term\u00e9nybetakar\u00edt\u00f3 h\u00e1laad\u00f3 szentmis\u00e9t \u00fcnnepl\u00fcnk. A szentmise ut\u00e1ni agap\u00e9hoz, k\u00e9rj\u00fck, aki tud, s\u00fctem\u00e9nnyel, pog\u00e1cs\u00e1val j\u00e1ruljon hozz\u00e1.<\/li><\/ol>\n","protected":false},"excerpt":{"rendered":"<p>Szerd\u00e1n (szeptember 20-\u00e1n) 17 \u00f3rakor az X-h\u00e1zban sz\u00fcl\u0151i \u00e9rtekezletet tartunk az els\u0151\u00e1ldoz\u00f3k \u00e9s a b\u00e9rm\u00e1lkoz\u00f3k sz\u00fcleinek. Szombaton reggel 7 \u00f3rakor a pl\u00e9b\u00e1niatemplom el\u0151tti parkol\u00f3b\u00f3l indul a K\u00c9SZ zar\u00e1ndoklata Keszthely-H\u00e9v\u00edz-Egregy \u00e9s Zalaegerszeg \u00fati c\u00e9lokkal. A vissza\u00e9rkez\u00e9s a k\u00e9s\u0151 esti \u00f3r\u00e1kban v\u00e1rhat\u00f3. A bel\u00e9p\u0151jegyek \u00e1r\u00e1t mindenki maga fizeti. Okt\u00f3ber 1-\u00e9n 11 \u00f3rakor az Orb\u00e1n k\u00e1poln\u00e1ban term\u00e9nybetakar\u00edt\u00f3 h\u00e1laad\u00f3 szentmis\u00e9t \u00fcnnepl\u00fcnk. A szentmise ut\u00e1ni agap\u00e9hoz, k\u00e9rj\u00fck, aki tud, s\u00fctem\u00e9nnyel, pog\u00e1cs\u00e1val j\u00e1ruljon hozz\u00e1.<\/p>\n","protected":false},"author":2,"featured_media":0,"comment_status":"closed","ping_status":"open","sticky":false,"template":"","format":"standard","meta":{"footnotes":""},"categories":[1],"tags":[],"class_list":["post-4922","post","type-post","status-publish","format-standard","hentry","category-egyeb"],"_links":{"self":[{"href":"https:\/\/marcali.plebania.hu\/index.php?rest_route=\/wp\/v2\/posts\/4922","targetHints":{"allow":["GET"]}}],"collection":[{"href":"https:\/\/marcali.plebania.hu\/index.php?rest_route=\/wp\/v2\/posts"}],"about":[{"href":"https:\/\/marcali.plebania.hu\/index.php?rest_route=\/wp\/v2\/types\/post"}],"author":[{"embeddable":true,"href":"https:\/\/marcali.plebania.hu\/index.php?rest_route=\/wp\/v2\/users\/2"}],"replies":[{"embeddable":true,"href":"https:\/\/marcali.plebania.hu\/index.php?rest_route=%2Fwp%2Fv2%2Fcomments&post=4922"}],"version-history":[{"count":1,"href":"https:\/\/marcali.plebania.hu\/index.php?rest_route=\/wp\/v2\/posts\/4922\/revisions"}],"predecessor-version":[{"id":4923,"href":"https:\/\/marcali.plebania.hu\/index.php?rest_route=\/wp\/v2\/posts\/4922\/revisions\/4923"}],"wp:attachment":[{"href":"https:\/\/marcali.plebania.hu\/index.php?rest_route=%2Fwp%2Fv2%2Fmedia&parent=4922"}],"wp:term":[{"taxonomy":"category","embeddable":true,"href":"https:\/\/marcali.plebania.hu\/index.php?rest_route=%2Fwp%2Fv2%2Fcategories&post=4922"},{"taxonomy":"post_tag","embeddable":true,"href":"https:\/\/marcali.plebania.hu\/index.php?rest_route=%2Fwp%2Fv2%2Ftags&post=4922"}],"curies":[{"name":"wp","href":"https:\/\/api.w.org\/{rel}","templated":true}]}}