{"id":4925,"date":"2023-09-21T13:50:48","date_gmt":"2023-09-21T13:50:48","guid":{"rendered":"https:\/\/marcali.plebania.hu\/?p=4925"},"modified":"2023-09-21T13:50:48","modified_gmt":"2023-09-21T13:50:48","slug":"tanevkezdo-szentmise-a-plebaniatemplomban-2","status":"publish","type":"post","link":"https:\/\/marcali.plebania.hu\/?p=4925","title":{"rendered":"Tan\u00e9vkezd\u0151 szentmise a pl\u00e9b\u00e1niatemplomban"},"content":{"rendered":"\n<p> 2023. szeptember 17-\u00e9n vas\u00e1rnap, 9 \u00f3rakor tan\u00e9vkezd\u0151 szentmis\u00e9t (Veni Sancte) tartottak Marcaliban, a pl\u00e9b\u00e1niatemplomban. Az istentiszteleteket Tomanek Ferenc \u00c1ron pl\u00e9b\u00e1nos celebr\u00e1lta.<\/p>\n\n\n\n<figure class=\"wp-block-gallery columns-3 is-cropped wp-block-gallery-1 is-layout-flex wp-block-gallery-is-layout-flex\"><ul class=\"blocks-gallery-grid\"><li class=\"blocks-gallery-item\"><figure><img loading=\"lazy\" decoding=\"async\" width=\"1024\" height=\"683\" src=\"https:\/\/marcali.plebania.hu\/wp-content\/uploads\/2023\/09\/01-1024x683.jpg\" alt=\"\" data-id=\"4926\" data-full-url=\"https:\/\/marcali.plebania.hu\/wp-content\/uploads\/2023\/09\/01-scaled.jpg\" data-link=\"https:\/\/marcali.plebania.hu\/?attachment_id=4926\" class=\"wp-image-4926\" srcset=\"https:\/\/marcali.plebania.hu\/wp-content\/uploads\/2023\/09\/01-1024x683.jpg 1024w, https:\/\/marcali.plebania.hu\/wp-content\/uploads\/2023\/09\/01-300x200.jpg 300w, https:\/\/marcali.plebania.hu\/wp-content\/uploads\/2023\/09\/01-768x512.jpg 768w, https:\/\/marcali.plebania.hu\/wp-content\/uploads\/2023\/09\/01-1536x1024.jpg 1536w, https:\/\/marcali.plebania.hu\/wp-content\/uploads\/2023\/09\/01-2048x1365.jpg 2048w, https:\/\/marcali.plebania.hu\/wp-content\/uploads\/2023\/09\/01-405x270.jpg 405w\" sizes=\"auto, (max-width: 1024px) 100vw, 1024px\" \/><\/figure><\/li><li class=\"blocks-gallery-item\"><figure><img loading=\"lazy\" decoding=\"async\" width=\"1024\" height=\"683\" src=\"https:\/\/marcali.plebania.hu\/wp-content\/uploads\/2023\/09\/02-1024x683.jpg\" alt=\"\" data-id=\"4927\" data-full-url=\"https:\/\/marcali.plebania.hu\/wp-content\/uploads\/2023\/09\/02-scaled.jpg\" data-link=\"https:\/\/marcali.plebania.hu\/?attachment_id=4927\" class=\"wp-image-4927\" srcset=\"https:\/\/marcali.plebania.hu\/wp-content\/uploads\/2023\/09\/02-1024x683.jpg 1024w, https:\/\/marcali.plebania.hu\/wp-content\/uploads\/2023\/09\/02-300x200.jpg 300w, https:\/\/marcali.plebania.hu\/wp-content\/uploads\/2023\/09\/02-768x512.jpg 768w, https:\/\/marcali.plebania.hu\/wp-content\/uploads\/2023\/09\/02-1536x1024.jpg 1536w, https:\/\/marcali.plebania.hu\/wp-content\/uploads\/2023\/09\/02-2048x1365.jpg 2048w, https:\/\/marcali.plebania.hu\/wp-content\/uploads\/2023\/09\/02-405x270.jpg 405w\" sizes=\"auto, (max-width: 1024px) 100vw, 1024px\" \/><\/figure><\/li><li class=\"blocks-gallery-item\"><figure><img loading=\"lazy\" decoding=\"async\" width=\"1024\" height=\"683\" src=\"https:\/\/marcali.plebania.hu\/wp-content\/uploads\/2023\/09\/03-1024x683.jpg\" alt=\"\" data-id=\"4928\" data-full-url=\"https:\/\/marcali.plebania.hu\/wp-content\/uploads\/2023\/09\/03-scaled.jpg\" data-link=\"https:\/\/marcali.plebania.hu\/?attachment_id=4928\" class=\"wp-image-4928\" srcset=\"https:\/\/marcali.plebania.hu\/wp-content\/uploads\/2023\/09\/03-1024x683.jpg 1024w, https:\/\/marcali.plebania.hu\/wp-content\/uploads\/2023\/09\/03-300x200.jpg 300w, https:\/\/marcali.plebania.hu\/wp-content\/uploads\/2023\/09\/03-768x512.jpg 768w, https:\/\/marcali.plebania.hu\/wp-content\/uploads\/2023\/09\/03-1536x1024.jpg 1536w, https:\/\/marcali.plebania.hu\/wp-content\/uploads\/2023\/09\/03-2048x1365.jpg 2048w, https:\/\/marcali.plebania.hu\/wp-content\/uploads\/2023\/09\/03-405x270.jpg 405w\" sizes=\"auto, (max-width: 1024px) 100vw, 1024px\" \/><\/figure><\/li><li class=\"blocks-gallery-item\"><figure><img loading=\"lazy\" decoding=\"async\" width=\"1024\" height=\"683\" src=\"https:\/\/marcali.plebania.hu\/wp-content\/uploads\/2023\/09\/04-1024x683.jpg\" alt=\"\" data-id=\"4929\" data-full-url=\"https:\/\/marcali.plebania.hu\/wp-content\/uploads\/2023\/09\/04-scaled.jpg\" data-link=\"https:\/\/marcali.plebania.hu\/?attachment_id=4929\" class=\"wp-image-4929\" srcset=\"https:\/\/marcali.plebania.hu\/wp-content\/uploads\/2023\/09\/04-1024x683.jpg 1024w, https:\/\/marcali.plebania.hu\/wp-content\/uploads\/2023\/09\/04-300x200.jpg 300w, https:\/\/marcali.plebania.hu\/wp-content\/uploads\/2023\/09\/04-768x512.jpg 768w, https:\/\/marcali.plebania.hu\/wp-content\/uploads\/2023\/09\/04-1536x1024.jpg 1536w, https:\/\/marcali.plebania.hu\/wp-content\/uploads\/2023\/09\/04-2048x1365.jpg 2048w, https:\/\/marcali.plebania.hu\/wp-content\/uploads\/2023\/09\/04-405x270.jpg 405w\" sizes=\"auto, (max-width: 1024px) 100vw, 1024px\" \/><\/figure><\/li><\/ul><\/figure>\n\n\n\n<p> A hittanos di\u00e1kok k\u00f6z\u00f6sen im\u00e1dkoztak sz\u00fcleikkel, nagysz\u00fcleikkel, hitoktat\u00f3ikkal, valamint a h\u00edvekkel egy\u00fctt, \u00e9s k\u00e9rt\u00e9k a Szentl\u00e9lek seg\u00edts\u00e9g\u00e9t, k\u00f6zbenj\u00e1r\u00e1s\u00e1t az idei \u00faj tan\u00e9vre, term\u00e9szetesen di\u00e1kt\u00e1rsaikra \u00e9s tan\u00e1raikra is. A mis\u00e9n, a gyerekek k\u00e9pviselet\u00e9ben h\u00e1rman egy kis m\u0171sorral kedveskedtek, majd pedig a pl\u00e9b\u00e1nos atya meg\u00e1ldotta a gyermekeket \u00e9s az iskolat\u00e1sk\u00e1ikat is.<\/p>\n\n\n\n<figure class=\"wp-block-gallery columns-3 is-cropped wp-block-gallery-2 is-layout-flex wp-block-gallery-is-layout-flex\"><ul class=\"blocks-gallery-grid\"><li class=\"blocks-gallery-item\"><figure><img loading=\"lazy\" decoding=\"async\" width=\"1024\" height=\"683\" src=\"https:\/\/marcali.plebania.hu\/wp-content\/uploads\/2023\/09\/07-1024x683.jpg\" alt=\"\" data-id=\"4930\" data-link=\"https:\/\/marcali.plebania.hu\/?attachment_id=4930\" class=\"wp-image-4930\" srcset=\"https:\/\/marcali.plebania.hu\/wp-content\/uploads\/2023\/09\/07-1024x683.jpg 1024w, https:\/\/marcali.plebania.hu\/wp-content\/uploads\/2023\/09\/07-300x200.jpg 300w, https:\/\/marcali.plebania.hu\/wp-content\/uploads\/2023\/09\/07-768x512.jpg 768w, https:\/\/marcali.plebania.hu\/wp-content\/uploads\/2023\/09\/07-1536x1024.jpg 1536w, https:\/\/marcali.plebania.hu\/wp-content\/uploads\/2023\/09\/07-2048x1365.jpg 2048w, https:\/\/marcali.plebania.hu\/wp-content\/uploads\/2023\/09\/07-405x270.jpg 405w\" sizes=\"auto, (max-width: 1024px) 100vw, 1024px\" \/><\/figure><\/li><li class=\"blocks-gallery-item\"><figure><img loading=\"lazy\" decoding=\"async\" width=\"1024\" height=\"683\" src=\"https:\/\/marcali.plebania.hu\/wp-content\/uploads\/2023\/09\/08-1024x683.jpg\" alt=\"\" data-id=\"4931\" data-link=\"https:\/\/marcali.plebania.hu\/?attachment_id=4931\" class=\"wp-image-4931\" srcset=\"https:\/\/marcali.plebania.hu\/wp-content\/uploads\/2023\/09\/08-1024x683.jpg 1024w, https:\/\/marcali.plebania.hu\/wp-content\/uploads\/2023\/09\/08-300x200.jpg 300w, https:\/\/marcali.plebania.hu\/wp-content\/uploads\/2023\/09\/08-768x512.jpg 768w, https:\/\/marcali.plebania.hu\/wp-content\/uploads\/2023\/09\/08-1536x1024.jpg 1536w, https:\/\/marcali.plebania.hu\/wp-content\/uploads\/2023\/09\/08-2048x1365.jpg 2048w, https:\/\/marcali.plebania.hu\/wp-content\/uploads\/2023\/09\/08-405x270.jpg 405w\" sizes=\"auto, (max-width: 1024px) 100vw, 1024px\" \/><\/figure><\/li><li class=\"blocks-gallery-item\"><figure><img loading=\"lazy\" decoding=\"async\" width=\"1024\" height=\"683\" src=\"https:\/\/marcali.plebania.hu\/wp-content\/uploads\/2023\/09\/20-1024x683.jpg\" alt=\"\" data-id=\"4932\" data-link=\"https:\/\/marcali.plebania.hu\/?attachment_id=4932\" class=\"wp-image-4932\" srcset=\"https:\/\/marcali.plebania.hu\/wp-content\/uploads\/2023\/09\/20-1024x683.jpg 1024w, https:\/\/marcali.plebania.hu\/wp-content\/uploads\/2023\/09\/20-300x200.jpg 300w, https:\/\/marcali.plebania.hu\/wp-content\/uploads\/2023\/09\/20-768x512.jpg 768w, https:\/\/marcali.plebania.hu\/wp-content\/uploads\/2023\/09\/20-1536x1024.jpg 1536w, https:\/\/marcali.plebania.hu\/wp-content\/uploads\/2023\/09\/20-2048x1365.jpg 2048w, https:\/\/marcali.plebania.hu\/wp-content\/uploads\/2023\/09\/20-405x270.jpg 405w\" sizes=\"auto, (max-width: 1024px) 100vw, 1024px\" \/><\/figure><\/li><li class=\"blocks-gallery-item\"><figure><img loading=\"lazy\" decoding=\"async\" width=\"1024\" height=\"683\" src=\"https:\/\/marcali.plebania.hu\/wp-content\/uploads\/2023\/09\/17-1024x683.jpg\" alt=\"\" data-id=\"4933\" data-full-url=\"https:\/\/marcali.plebania.hu\/wp-content\/uploads\/2023\/09\/17-scaled.jpg\" data-link=\"https:\/\/marcali.plebania.hu\/?attachment_id=4933\" class=\"wp-image-4933\" srcset=\"https:\/\/marcali.plebania.hu\/wp-content\/uploads\/2023\/09\/17-1024x683.jpg 1024w, https:\/\/marcali.plebania.hu\/wp-content\/uploads\/2023\/09\/17-300x200.jpg 300w, https:\/\/marcali.plebania.hu\/wp-content\/uploads\/2023\/09\/17-768x512.jpg 768w, https:\/\/marcali.plebania.hu\/wp-content\/uploads\/2023\/09\/17-1536x1024.jpg 1536w, https:\/\/marcali.plebania.hu\/wp-content\/uploads\/2023\/09\/17-2048x1365.jpg 2048w, https:\/\/marcali.plebania.hu\/wp-content\/uploads\/2023\/09\/17-405x270.jpg 405w\" sizes=\"auto, (max-width: 1024px) 100vw, 1024px\" \/><\/figure><\/li><\/ul><\/figure>\n\n\n\n<p> Az idei tan\u00e9vben, Marcali iskol\u00e1iban, szeptember 1-j\u00e9vel h\u00e1rom iskol\u00e1ban (Noszlopy, Miksz\u00e1th, H\u00e9tsz\u00ednvir\u00e1g) \u00f6sszesen 396 f\u0151vel, 42 csoportban kezd\u0151d\u00f6tt meg a katolikus hit- \u00e9s erk\u00f6lcstan oktat\u00e1s. (A fakultat\u00edv- \u00e9s a felk\u00e9sz\u00edt\u0151kkel egy\u00fctt mind\u00f6sszesen: 421 gyermek, 47 csoportban.) A hitoktat\u00f3k Bojtorn\u00e9 Kir\u00e1ly M\u00e1rta (megb\u00edz\u00e1sos munkaviszony), dr. Gyulain\u00e9 Domj\u00e1n Zsuzsanna (f\u0151\u00e1ll\u00e1s\u00fa), \u00e9s Pozsonyin\u00e9 Kiss M\u00e1ria (r\u00e9szmunkaid\u0151s), akik a szentmise v\u00e9g\u00e9n kiosztott\u00e1k a jelenl\u00e9v\u0151 tanul\u00f3k szentmisenapl\u00f3it is. Rajtuk k\u00edv\u00fcl T\u00f6lgyesi D\u00e1vid somogys\u00e1msoni pl\u00e9b\u00e1niai korm\u00e1nyz\u00f3 is tan\u00edt hittant Marcaliban, valamint \u2013 sokr\u00e9t\u0171 lelkip\u00e1sztori munk\u00e1ja mellett \u2013 Ferenc atya pedig a b\u00e9rm\u00e1lkoz\u00f3k k\u00fcl\u00f6n felk\u00e9sz\u00edt\u00e9s\u00e9vel szem\u00e9lyesen is foglalkozik.<\/p>\n\n\n\n<figure class=\"wp-block-gallery columns-3 is-cropped wp-block-gallery-3 is-layout-flex wp-block-gallery-is-layout-flex\"><ul class=\"blocks-gallery-grid\"><li class=\"blocks-gallery-item\"><figure><img loading=\"lazy\" decoding=\"async\" width=\"1024\" height=\"683\" src=\"https:\/\/marcali.plebania.hu\/wp-content\/uploads\/2023\/09\/24-1024x683.jpg\" alt=\"\" data-id=\"4934\" data-link=\"https:\/\/marcali.plebania.hu\/?attachment_id=4934\" class=\"wp-image-4934\" srcset=\"https:\/\/marcali.plebania.hu\/wp-content\/uploads\/2023\/09\/24-1024x683.jpg 1024w, https:\/\/marcali.plebania.hu\/wp-content\/uploads\/2023\/09\/24-300x200.jpg 300w, https:\/\/marcali.plebania.hu\/wp-content\/uploads\/2023\/09\/24-768x512.jpg 768w, https:\/\/marcali.plebania.hu\/wp-content\/uploads\/2023\/09\/24-1536x1024.jpg 1536w, https:\/\/marcali.plebania.hu\/wp-content\/uploads\/2023\/09\/24-2048x1365.jpg 2048w, https:\/\/marcali.plebania.hu\/wp-content\/uploads\/2023\/09\/24-405x270.jpg 405w\" sizes=\"auto, (max-width: 1024px) 100vw, 1024px\" \/><\/figure><\/li><li class=\"blocks-gallery-item\"><figure><img loading=\"lazy\" decoding=\"async\" width=\"1024\" height=\"683\" src=\"https:\/\/marcali.plebania.hu\/wp-content\/uploads\/2023\/09\/26-1024x683.jpg\" alt=\"\" data-id=\"4935\" data-link=\"https:\/\/marcali.plebania.hu\/?attachment_id=4935\" class=\"wp-image-4935\" srcset=\"https:\/\/marcali.plebania.hu\/wp-content\/uploads\/2023\/09\/26-1024x683.jpg 1024w, https:\/\/marcali.plebania.hu\/wp-content\/uploads\/2023\/09\/26-300x200.jpg 300w, https:\/\/marcali.plebania.hu\/wp-content\/uploads\/2023\/09\/26-768x512.jpg 768w, https:\/\/marcali.plebania.hu\/wp-content\/uploads\/2023\/09\/26-1536x1024.jpg 1536w, https:\/\/marcali.plebania.hu\/wp-content\/uploads\/2023\/09\/26-2048x1365.jpg 2048w, https:\/\/marcali.plebania.hu\/wp-content\/uploads\/2023\/09\/26-405x270.jpg 405w\" sizes=\"auto, (max-width: 1024px) 100vw, 1024px\" \/><\/figure><\/li><li class=\"blocks-gallery-item\"><figure><img loading=\"lazy\" decoding=\"async\" width=\"1024\" height=\"683\" src=\"https:\/\/marcali.plebania.hu\/wp-content\/uploads\/2023\/09\/29-1024x683.jpg\" alt=\"\" data-id=\"4936\" data-link=\"https:\/\/marcali.plebania.hu\/?attachment_id=4936\" class=\"wp-image-4936\" srcset=\"https:\/\/marcali.plebania.hu\/wp-content\/uploads\/2023\/09\/29-1024x683.jpg 1024w, https:\/\/marcali.plebania.hu\/wp-content\/uploads\/2023\/09\/29-300x200.jpg 300w, https:\/\/marcali.plebania.hu\/wp-content\/uploads\/2023\/09\/29-768x512.jpg 768w, https:\/\/marcali.plebania.hu\/wp-content\/uploads\/2023\/09\/29-1536x1024.jpg 1536w, https:\/\/marcali.plebania.hu\/wp-content\/uploads\/2023\/09\/29-2048x1365.jpg 2048w, https:\/\/marcali.plebania.hu\/wp-content\/uploads\/2023\/09\/29-405x270.jpg 405w\" sizes=\"auto, (max-width: 1024px) 100vw, 1024px\" \/><\/figure><\/li><li class=\"blocks-gallery-item\"><figure><img loading=\"lazy\" decoding=\"async\" width=\"1024\" height=\"683\" src=\"https:\/\/marcali.plebania.hu\/wp-content\/uploads\/2023\/09\/27-1024x683.jpg\" alt=\"\" data-id=\"4937\" data-full-url=\"https:\/\/marcali.plebania.hu\/wp-content\/uploads\/2023\/09\/27-scaled.jpg\" data-link=\"https:\/\/marcali.plebania.hu\/?attachment_id=4937\" class=\"wp-image-4937\" srcset=\"https:\/\/marcali.plebania.hu\/wp-content\/uploads\/2023\/09\/27-1024x683.jpg 1024w, https:\/\/marcali.plebania.hu\/wp-content\/uploads\/2023\/09\/27-300x200.jpg 300w, https:\/\/marcali.plebania.hu\/wp-content\/uploads\/2023\/09\/27-768x512.jpg 768w, https:\/\/marcali.plebania.hu\/wp-content\/uploads\/2023\/09\/27-1536x1024.jpg 1536w, https:\/\/marcali.plebania.hu\/wp-content\/uploads\/2023\/09\/27-2048x1365.jpg 2048w, https:\/\/marcali.plebania.hu\/wp-content\/uploads\/2023\/09\/27-405x270.jpg 405w\" sizes=\"auto, (max-width: 1024px) 100vw, 1024px\" \/><\/figure><\/li><\/ul><\/figure>\n\n\n\n<p> Az \u00fcnnepi szentmis\u00e9n Balogh B\u00e1lint k\u00e1ntor \u00e9s a F\u00e9ny Gyermekei Zenekar m\u0171k\u00f6d\u00f6tt k\u00f6zre orgon\u00e1s-git\u00e1ros \u00e9nekekkel.<\/p>\n\n\n\n<figure class=\"wp-block-gallery columns-1 is-cropped wp-block-gallery-4 is-layout-flex wp-block-gallery-is-layout-flex\"><ul class=\"blocks-gallery-grid\"><li class=\"blocks-gallery-item\"><figure><img loading=\"lazy\" decoding=\"async\" width=\"1024\" height=\"683\" src=\"https:\/\/marcali.plebania.hu\/wp-content\/uploads\/2023\/09\/22-1024x683.jpg\" alt=\"\" data-id=\"4938\" data-full-url=\"https:\/\/marcali.plebania.hu\/wp-content\/uploads\/2023\/09\/22-scaled.jpg\" data-link=\"https:\/\/marcali.plebania.hu\/?attachment_id=4938\" class=\"wp-image-4938\" srcset=\"https:\/\/marcali.plebania.hu\/wp-content\/uploads\/2023\/09\/22-1024x683.jpg 1024w, https:\/\/marcali.plebania.hu\/wp-content\/uploads\/2023\/09\/22-300x200.jpg 300w, https:\/\/marcali.plebania.hu\/wp-content\/uploads\/2023\/09\/22-768x512.jpg 768w, https:\/\/marcali.plebania.hu\/wp-content\/uploads\/2023\/09\/22-1536x1024.jpg 1536w, https:\/\/marcali.plebania.hu\/wp-content\/uploads\/2023\/09\/22-2048x1365.jpg 2048w, https:\/\/marcali.plebania.hu\/wp-content\/uploads\/2023\/09\/22-405x270.jpg 405w\" sizes=\"auto, (max-width: 1024px) 100vw, 1024px\" \/><\/figure><\/li><\/ul><\/figure>\n","protected":false},"excerpt":{"rendered":"<p>2023. szeptember 17-\u00e9n vas\u00e1rnap, 9 \u00f3rakor tan\u00e9vkezd\u0151 szentmis\u00e9t (Veni Sancte) tartottak Marcaliban, a pl\u00e9b\u00e1niatemplomban. Az istentiszteleteket Tomanek Ferenc \u00c1ron pl\u00e9b\u00e1nos celebr\u00e1lta. A hittanos di\u00e1kok k\u00f6z\u00f6sen im\u00e1dkoztak sz\u00fcleikkel, nagysz\u00fcleikkel, hitoktat\u00f3ikkal, valamint a h\u00edvekkel egy\u00fctt, \u00e9s k\u00e9rt\u00e9k a Szentl\u00e9lek seg\u00edts\u00e9g\u00e9t, k\u00f6zbenj\u00e1r\u00e1s\u00e1t az idei \u00faj tan\u00e9vre, term\u00e9szetesen di\u00e1kt\u00e1rsaikra \u00e9s tan\u00e1raikra is. A mis\u00e9n, a gyerekek k\u00e9pviselet\u00e9ben h\u00e1rman egy kis m\u0171sorral kedveskedtek, majd pedig a pl\u00e9b\u00e1nos atya meg\u00e1ldotta a gyermekeket \u00e9s az iskolat\u00e1sk\u00e1ikat is. Az idei tan\u00e9vben, Marcali iskol\u00e1iban, szeptember 1-j\u00e9vel h\u00e1rom iskol\u00e1ban (Noszlopy,&#8230;<\/p>\n<p class=\"read-more\"><a class=\"btn btn-default\" href=\"https:\/\/marcali.plebania.hu\/?p=4925\"> Read More<span class=\"screen-reader-text\">  Read More<\/span><\/a><\/p>\n","protected":false},"author":2,"featured_media":0,"comment_status":"closed","ping_status":"open","sticky":false,"template":"","format":"standard","meta":{"footnotes":""},"categories":[1],"tags":[],"class_list":["post-4925","post","type-post","status-publish","format-standard","hentry","category-egyeb"],"_links":{"self":[{"href":"https:\/\/marcali.plebania.hu\/index.php?rest_route=\/wp\/v2\/posts\/4925","targetHints":{"allow":["GET"]}}],"collection":[{"href":"https:\/\/marcali.plebania.hu\/index.php?rest_route=\/wp\/v2\/posts"}],"about":[{"href":"https:\/\/marcali.plebania.hu\/index.php?rest_route=\/wp\/v2\/types\/post"}],"author":[{"embeddable":true,"href":"https:\/\/marcali.plebania.hu\/index.php?rest_route=\/wp\/v2\/users\/2"}],"replies":[{"embeddable":true,"href":"https:\/\/marcali.plebania.hu\/index.php?rest_route=%2Fwp%2Fv2%2Fcomments&post=4925"}],"version-history":[{"count":1,"href":"https:\/\/marcali.plebania.hu\/index.php?rest_route=\/wp\/v2\/posts\/4925\/revisions"}],"predecessor-version":[{"id":4939,"href":"https:\/\/marcali.plebania.hu\/index.php?rest_route=\/wp\/v2\/posts\/4925\/revisions\/4939"}],"wp:attachment":[{"href":"https:\/\/marcali.plebania.hu\/index.php?rest_route=%2Fwp%2Fv2%2Fmedia&parent=4925"}],"wp:term":[{"taxonomy":"category","embeddable":true,"href":"https:\/\/marcali.plebania.hu\/index.php?rest_route=%2Fwp%2Fv2%2Fcategories&post=4925"},{"taxonomy":"post_tag","embeddable":true,"href":"https:\/\/marcali.plebania.hu\/index.php?rest_route=%2Fwp%2Fv2%2Ftags&post=4925"}],"curies":[{"name":"wp","href":"https:\/\/api.w.org\/{rel}","templated":true}]}}