{"id":493,"date":"2018-12-14T08:42:57","date_gmt":"2018-12-14T08:42:57","guid":{"rendered":"https:\/\/marcali.plebania.hu\/?p=493"},"modified":"2018-12-14T08:42:57","modified_gmt":"2018-12-14T08:42:57","slug":"hirdetesek-2018-12-16","status":"publish","type":"post","link":"https:\/\/marcali.plebania.hu\/?p=493","title":{"rendered":"Hirdet\u00e9sek, 2018. 12. 16."},"content":{"rendered":"<ol>\n<li>Ma van \u00e1dvent 3. vas\u00e1rnapja.<\/li>\n<li>A j\u00f6v\u0151 h\u00e9ten, szerd\u00e1n d\u00e9lel\u0151tt megyek el a h\u00e1zi betegekhez, akik nem tudnak elj\u00f6nni a templomba szentgy\u00f3n\u00e1sukat \u00e9s \u00e1ldoz\u00e1sukat elv\u00e9gezni.<\/li>\n<li>Cs\u00fct\u00f6rt\u00f6k\u00f6n 15 \u00f3rakor k\u00f3rh\u00e1zkar\u00e1csony lesz a Marcali K\u00f3rh\u00e1z kr\u00f3nikus \u00e9s \u00e1pol\u00e1si oszt\u00e1ly\u00e1n. Egy r\u00f6vid igeliturgia, majd a betegeke \u00e1ldoztat\u00e1sa \u00e9s megaj\u00e1nd\u00e9koz\u00e1sa k\u00f6vetkezik. Aki seg\u00edteni tud, az 15 \u00f3r\u00e1ra a k\u00f3rh\u00e1z ment\u0151k bej\u00e1rat\u00e1n\u00e1l gy\u00fclekezzen.<\/li>\n<li>Szombaton d\u00e9lel\u0151tt 9 \u00f3r\u00e1t\u00f3l \u00e1ll\u00edtjuk fel a k\u00fcls\u0151 szabadt\u00e9ri betlehem\u00fcnket. F\u00e9rfi seg\u00edt\u0151ket k\u00e9r\u00fcnk a nem k\u00f6nny\u0171 munk\u00e1ra.<\/li>\n<li>Szombaton este 17 \u00f3rakor lesz az 4. \u00e1dventi gyertyagy\u00fajt\u00e1s, melyen k\u00f6zrem\u0171k\u00f6dnek a mi hittanosaink.<\/li>\n<li>J\u00f6v\u0151 vas\u00e1rnap, \u00e1dvent 4. vas\u00e1rnapj\u00e1n, Gomb\u00e1n nem lesz szentmise.<\/li>\n<li>Kar\u00e1csonyi vir\u00e1gp\u00e9nzt a sekresty\u00e9snek k\u00e9rj\u00fck leadni.<\/li>\n<li>Megk\u00f6sz\u00f6nj\u00fck mindazoknak a munk\u00e1j\u00e1t, akik megszervezt\u00e9k az egyh\u00e1zk\u00f6zs\u00e9g els\u0151 \u00e1dventi v\u00e1s\u00e1r\u00e1t, vagy r\u00e9sztvev\u0151k\u00e9nt voltak jelen a v\u00e1s\u00e1ron.<\/li>\n<li>A megy\u00e9sp\u00fcsp\u00f6k k\u00e9r\u00e9semre \u00e1ldoztat\u00e1si enged\u00e9lyt adott dr. Gyulai Botondnak. Szolg\u00e1lat\u00e1t fogadjuk szeretettel.<\/li>\n<li>Napt\u00e1rak, kalend\u00e1riumok, k\u00e9peslapok \u00e9s a Sz\u00edvem els\u0151 gondolata c\u00edm\u0171 k\u00f6nyv kaphat\u00f3 a sekresty\u00e9ben \u00e9s a pl\u00e9b\u00e1ni\u00e1n.<\/li>\n<\/ol>\n","protected":false},"excerpt":{"rendered":"<p>Ma van \u00e1dvent 3. vas\u00e1rnapja. A j\u00f6v\u0151 h\u00e9ten, szerd\u00e1n d\u00e9lel\u0151tt megyek el a h\u00e1zi betegekhez, akik nem tudnak elj\u00f6nni a templomba szentgy\u00f3n\u00e1sukat \u00e9s \u00e1ldoz\u00e1sukat elv\u00e9gezni. Cs\u00fct\u00f6rt\u00f6k\u00f6n 15 \u00f3rakor k\u00f3rh\u00e1zkar\u00e1csony lesz a Marcali K\u00f3rh\u00e1z kr\u00f3nikus \u00e9s \u00e1pol\u00e1si oszt\u00e1ly\u00e1n. Egy r\u00f6vid igeliturgia, majd a betegeke \u00e1ldoztat\u00e1sa \u00e9s megaj\u00e1nd\u00e9koz\u00e1sa k\u00f6vetkezik. Aki seg\u00edteni tud, az 15 \u00f3r\u00e1ra a k\u00f3rh\u00e1z ment\u0151k bej\u00e1rat\u00e1n\u00e1l gy\u00fclekezzen. Szombaton d\u00e9lel\u0151tt 9 \u00f3r\u00e1t\u00f3l \u00e1ll\u00edtjuk fel a k\u00fcls\u0151 szabadt\u00e9ri betlehem\u00fcnket. F\u00e9rfi seg\u00edt\u0151ket k\u00e9r\u00fcnk a nem k\u00f6nny\u0171 munk\u00e1ra. Szombaton este 17 \u00f3rakor lesz&#8230;<\/p>\n<p class=\"read-more\"><a class=\"btn btn-default\" href=\"https:\/\/marcali.plebania.hu\/?p=493\"> Read More<span class=\"screen-reader-text\">  Read More<\/span><\/a><\/p>\n","protected":false},"author":2,"featured_media":0,"comment_status":"closed","ping_status":"open","sticky":false,"template":"","format":"standard","meta":{"footnotes":""},"categories":[1],"tags":[],"class_list":["post-493","post","type-post","status-publish","format-standard","hentry","category-egyeb"],"_links":{"self":[{"href":"https:\/\/marcali.plebania.hu\/index.php?rest_route=\/wp\/v2\/posts\/493","targetHints":{"allow":["GET"]}}],"collection":[{"href":"https:\/\/marcali.plebania.hu\/index.php?rest_route=\/wp\/v2\/posts"}],"about":[{"href":"https:\/\/marcali.plebania.hu\/index.php?rest_route=\/wp\/v2\/types\/post"}],"author":[{"embeddable":true,"href":"https:\/\/marcali.plebania.hu\/index.php?rest_route=\/wp\/v2\/users\/2"}],"replies":[{"embeddable":true,"href":"https:\/\/marcali.plebania.hu\/index.php?rest_route=%2Fwp%2Fv2%2Fcomments&post=493"}],"version-history":[{"count":1,"href":"https:\/\/marcali.plebania.hu\/index.php?rest_route=\/wp\/v2\/posts\/493\/revisions"}],"predecessor-version":[{"id":494,"href":"https:\/\/marcali.plebania.hu\/index.php?rest_route=\/wp\/v2\/posts\/493\/revisions\/494"}],"wp:attachment":[{"href":"https:\/\/marcali.plebania.hu\/index.php?rest_route=%2Fwp%2Fv2%2Fmedia&parent=493"}],"wp:term":[{"taxonomy":"category","embeddable":true,"href":"https:\/\/marcali.plebania.hu\/index.php?rest_route=%2Fwp%2Fv2%2Fcategories&post=493"},{"taxonomy":"post_tag","embeddable":true,"href":"https:\/\/marcali.plebania.hu\/index.php?rest_route=%2Fwp%2Fv2%2Ftags&post=493"}],"curies":[{"name":"wp","href":"https:\/\/api.w.org\/{rel}","templated":true}]}}