{"id":4941,"date":"2023-09-22T10:43:02","date_gmt":"2023-09-22T10:43:02","guid":{"rendered":"https:\/\/marcali.plebania.hu\/?p=4941"},"modified":"2023-09-22T10:43:02","modified_gmt":"2023-09-22T10:43:02","slug":"hirdetesek-2023-szeptember-24-evkozi-25-vasarnap","status":"publish","type":"post","link":"https:\/\/marcali.plebania.hu\/?p=4941","title":{"rendered":"Hirdet\u00e9sek 2023. szeptember 24. &#8211; \u00c9vk\u00f6zi 25. vas\u00e1rnap"},"content":{"rendered":"\n<ol class=\"wp-block-list\"><li>J\u00f6v\u0151 vas\u00e1rnap 11 \u00f3rakor az Orb\u00e1n k\u00e1poln\u00e1ban term\u00e9nybetakar\u00edt\u00f3 h\u00e1laad\u00f3 szentmis\u00e9t \u00fcnnepl\u00fcnk. K\u00e9rj\u00fck, aki tud, s\u00fctem\u00e9nnyel vagy pog\u00e1cs\u00e1val j\u00e1ruljon hozz\u00e1 a szentmise ut\u00e1ni agap\u00e9hoz.<\/li><li>Szeretettel h\u00edvjuk az \u00e9rdekl\u0151d\u0151 gimnazist\u00e1kat \u00e9s egyetemist\u00e1kat pl\u00e9b\u00e1niai tal\u00e1lkoz\u00f3ra a szombat esti mise ut\u00e1n, kb. 19 \u00f3r\u00e1t\u00f3l az X-h\u00e1zba (D\u00f3zsa Gy. u. 3.).<\/li><li>Okt\u00f3ber 7-\u00e9n (szombaton) 16 \u00f3rakor meg\u00e1ldjuk a Szigetv\u00e1ri utc\u00e1ban fel\u00faj\u00edtott Bene-eml\u00e9kkeresztet, melyre mindenkit szeretettel h\u00edvunk \u00e9s v\u00e1runk. <\/li><li>Aznap (okt\u00f3ber 7-\u00e9n) 17 \u00f3rakor kezd\u0151dik a pl\u00e9b\u00e1niatemplomban a R\u00f3zsaf\u00fcz\u00e9r T\u00e1rsulat \u00e9ves gy\u0171l\u00e9se, ahol Borsos Mikl\u00f3sn\u00e9 vezet\u0151 besz\u00e1mol\u00f3t tart a tags\u00e1gnak.<\/li><\/ol>\n","protected":false},"excerpt":{"rendered":"<p>J\u00f6v\u0151 vas\u00e1rnap 11 \u00f3rakor az Orb\u00e1n k\u00e1poln\u00e1ban term\u00e9nybetakar\u00edt\u00f3 h\u00e1laad\u00f3 szentmis\u00e9t \u00fcnnepl\u00fcnk. K\u00e9rj\u00fck, aki tud, s\u00fctem\u00e9nnyel vagy pog\u00e1cs\u00e1val j\u00e1ruljon hozz\u00e1 a szentmise ut\u00e1ni agap\u00e9hoz. Szeretettel h\u00edvjuk az \u00e9rdekl\u0151d\u0151 gimnazist\u00e1kat \u00e9s egyetemist\u00e1kat pl\u00e9b\u00e1niai tal\u00e1lkoz\u00f3ra a szombat esti mise ut\u00e1n, kb. 19 \u00f3r\u00e1t\u00f3l az X-h\u00e1zba (D\u00f3zsa Gy. u. 3.). Okt\u00f3ber 7-\u00e9n (szombaton) 16 \u00f3rakor meg\u00e1ldjuk a Szigetv\u00e1ri utc\u00e1ban fel\u00faj\u00edtott Bene-eml\u00e9kkeresztet, melyre mindenkit szeretettel h\u00edvunk \u00e9s v\u00e1runk. Aznap (okt\u00f3ber 7-\u00e9n) 17 \u00f3rakor kezd\u0151dik a pl\u00e9b\u00e1niatemplomban a R\u00f3zsaf\u00fcz\u00e9r T\u00e1rsulat \u00e9ves gy\u0171l\u00e9se, ahol Borsos Mikl\u00f3sn\u00e9 vezet\u0151&#8230;<\/p>\n<p class=\"read-more\"><a class=\"btn btn-default\" href=\"https:\/\/marcali.plebania.hu\/?p=4941\"> Read More<span class=\"screen-reader-text\">  Read More<\/span><\/a><\/p>\n","protected":false},"author":2,"featured_media":0,"comment_status":"closed","ping_status":"open","sticky":false,"template":"","format":"standard","meta":{"footnotes":""},"categories":[1],"tags":[],"class_list":["post-4941","post","type-post","status-publish","format-standard","hentry","category-egyeb"],"_links":{"self":[{"href":"https:\/\/marcali.plebania.hu\/index.php?rest_route=\/wp\/v2\/posts\/4941","targetHints":{"allow":["GET"]}}],"collection":[{"href":"https:\/\/marcali.plebania.hu\/index.php?rest_route=\/wp\/v2\/posts"}],"about":[{"href":"https:\/\/marcali.plebania.hu\/index.php?rest_route=\/wp\/v2\/types\/post"}],"author":[{"embeddable":true,"href":"https:\/\/marcali.plebania.hu\/index.php?rest_route=\/wp\/v2\/users\/2"}],"replies":[{"embeddable":true,"href":"https:\/\/marcali.plebania.hu\/index.php?rest_route=%2Fwp%2Fv2%2Fcomments&post=4941"}],"version-history":[{"count":1,"href":"https:\/\/marcali.plebania.hu\/index.php?rest_route=\/wp\/v2\/posts\/4941\/revisions"}],"predecessor-version":[{"id":4942,"href":"https:\/\/marcali.plebania.hu\/index.php?rest_route=\/wp\/v2\/posts\/4941\/revisions\/4942"}],"wp:attachment":[{"href":"https:\/\/marcali.plebania.hu\/index.php?rest_route=%2Fwp%2Fv2%2Fmedia&parent=4941"}],"wp:term":[{"taxonomy":"category","embeddable":true,"href":"https:\/\/marcali.plebania.hu\/index.php?rest_route=%2Fwp%2Fv2%2Fcategories&post=4941"},{"taxonomy":"post_tag","embeddable":true,"href":"https:\/\/marcali.plebania.hu\/index.php?rest_route=%2Fwp%2Fv2%2Ftags&post=4941"}],"curies":[{"name":"wp","href":"https:\/\/api.w.org\/{rel}","templated":true}]}}