{"id":4943,"date":"2023-09-27T14:44:10","date_gmt":"2023-09-27T14:44:10","guid":{"rendered":"https:\/\/marcali.plebania.hu\/?p=4943"},"modified":"2023-09-27T14:47:37","modified_gmt":"2023-09-27T14:47:37","slug":"a-kesz-zalaegerszegi-csoportjaval-egyutt-kozos-szentmisen-vettek-reszt-a-marcali-testverszervezet-tagjai-a-2023-evi-zarandoklaton","status":"publish","type":"post","link":"https:\/\/marcali.plebania.hu\/?p=4943","title":{"rendered":"A K\u00c9SZ Zalaegerszegi Csoportj\u00e1val egy\u00fctt k\u00f6z\u00f6s szentmis\u00e9n vettek r\u00e9szt a Marcali testv\u00e9rszervezet tagjai a 2023. \u00e9vi zar\u00e1ndoklaton"},"content":{"rendered":"\n<p>\n2023.\nszeptember 23-\u00e1n, szombaton a Kereszt\u00e9ny \u00c9rtelmis\u00e9giek Sz\u00f6vets\u00e9ge\n(K\u00c9SZ) Marcali Csoportja Keszthely-H\u00e9v\u00edz-Egregy-Zalaegerszeg \u00fati\nc\u00e9lokkal tartotta meg az idei \u00e9vi zar\u00e1ndoklat\u00e1t. Az es\u0151s\nid\u0151j\u00e1r\u00e1s ellen\u00e9re \u00f6sszesen 38 f\u0151 \u2013 t\u00f6bbs\u00e9g\u00e9ben a K\u00c9SZ\ntagjai \u2013 v\u00e1llalkoztak az \u00fatra, hogy megismerj\u00e9k az \u00e9rintett\nter\u00fclet egyes vall\u00e1si, szakr\u00e1lis, \u00e9p\u00edt\u00e9szeti, \u00e9s\nkult\u00fart\u00f6rt\u00e9neti \u00e9rt\u00e9keit, a Mindszentyneum \u00e1lland\u00f3 \u00e9s\nid\u0151szaki ki\u00e1ll\u00edt\u00e1sait; valamint tal\u00e1lkozzanak az Ill\u00e9s Csaba\nvezette K\u00c9SZ-testv\u00e9rszervezettel, akikkel egy\u00fctt k\u00f6z\u00f6s\nszentmis\u00e9n vettek r\u00e9szt a zalai megyesz\u00e9khelyen.\nA\nzar\u00e1ndoklatot ez\u00fattal is \u2013 az eddigi szok\u00e1soknak megfelel\u0151en \u2013\nS\u00e1voly Andrea \u00e9s jelen sorok \u00edr\u00f3ja szervezt\u00e9k \u00e9s vezett\u00e9k.<\/p>\n\n\n\n<p> A k\u00fcl\u00f6nj\u00e1rati aut\u00f3buszos utaz\u00e1s els\u0151 \u00e1llom\u00e1sa Keszthely volt, ahol a Szendrey-eml\u00e9km\u00fazeumot dr. Luk\u00e1cs G\u00e1bor, a MATE Agr\u00e1r- \u00e9s \u00c9lelmiszergazdas\u00e1gi Int\u00e9zet Georgikon Campus\u00e1nak egyetemi docense nagyszer\u0171 vezet\u00e9s\u00e9vel tekintett\u00e9k meg.<\/p>\n\n\n\n<figure class=\"wp-block-gallery columns-3 is-cropped wp-block-gallery-1 is-layout-flex wp-block-gallery-is-layout-flex\"><ul class=\"blocks-gallery-grid\"><li class=\"blocks-gallery-item\"><figure><img loading=\"lazy\" decoding=\"async\" width=\"1024\" height=\"683\" src=\"https:\/\/marcali.plebania.hu\/wp-content\/uploads\/2023\/09\/05-1024x683.jpg\" alt=\"\" data-id=\"4944\" data-link=\"https:\/\/marcali.plebania.hu\/?attachment_id=4944\" class=\"wp-image-4944\" srcset=\"https:\/\/marcali.plebania.hu\/wp-content\/uploads\/2023\/09\/05-1024x683.jpg 1024w, https:\/\/marcali.plebania.hu\/wp-content\/uploads\/2023\/09\/05-300x200.jpg 300w, https:\/\/marcali.plebania.hu\/wp-content\/uploads\/2023\/09\/05-768x512.jpg 768w, https:\/\/marcali.plebania.hu\/wp-content\/uploads\/2023\/09\/05-1536x1024.jpg 1536w, https:\/\/marcali.plebania.hu\/wp-content\/uploads\/2023\/09\/05-2048x1365.jpg 2048w, https:\/\/marcali.plebania.hu\/wp-content\/uploads\/2023\/09\/05-405x270.jpg 405w\" sizes=\"auto, (max-width: 1024px) 100vw, 1024px\" \/><\/figure><\/li><li class=\"blocks-gallery-item\"><figure><img loading=\"lazy\" decoding=\"async\" width=\"1024\" height=\"683\" src=\"https:\/\/marcali.plebania.hu\/wp-content\/uploads\/2023\/09\/06-1024x683.jpg\" alt=\"\" data-id=\"4945\" data-link=\"https:\/\/marcali.plebania.hu\/?attachment_id=4945\" class=\"wp-image-4945\" srcset=\"https:\/\/marcali.plebania.hu\/wp-content\/uploads\/2023\/09\/06-1024x683.jpg 1024w, https:\/\/marcali.plebania.hu\/wp-content\/uploads\/2023\/09\/06-300x200.jpg 300w, https:\/\/marcali.plebania.hu\/wp-content\/uploads\/2023\/09\/06-768x512.jpg 768w, https:\/\/marcali.plebania.hu\/wp-content\/uploads\/2023\/09\/06-1536x1024.jpg 1536w, https:\/\/marcali.plebania.hu\/wp-content\/uploads\/2023\/09\/06-2048x1365.jpg 2048w, https:\/\/marcali.plebania.hu\/wp-content\/uploads\/2023\/09\/06-405x270.jpg 405w\" sizes=\"auto, (max-width: 1024px) 100vw, 1024px\" \/><\/figure><\/li><li class=\"blocks-gallery-item\"><figure><img loading=\"lazy\" decoding=\"async\" width=\"1024\" height=\"683\" src=\"https:\/\/marcali.plebania.hu\/wp-content\/uploads\/2023\/09\/07-1-1024x683.jpg\" alt=\"\" data-id=\"4946\" data-link=\"https:\/\/marcali.plebania.hu\/?attachment_id=4946\" class=\"wp-image-4946\" srcset=\"https:\/\/marcali.plebania.hu\/wp-content\/uploads\/2023\/09\/07-1-1024x683.jpg 1024w, https:\/\/marcali.plebania.hu\/wp-content\/uploads\/2023\/09\/07-1-300x200.jpg 300w, https:\/\/marcali.plebania.hu\/wp-content\/uploads\/2023\/09\/07-1-768x512.jpg 768w, https:\/\/marcali.plebania.hu\/wp-content\/uploads\/2023\/09\/07-1-1536x1024.jpg 1536w, https:\/\/marcali.plebania.hu\/wp-content\/uploads\/2023\/09\/07-1-2048x1365.jpg 2048w, https:\/\/marcali.plebania.hu\/wp-content\/uploads\/2023\/09\/07-1-405x270.jpg 405w\" sizes=\"auto, (max-width: 1024px) 100vw, 1024px\" \/><\/figure><\/li><li class=\"blocks-gallery-item\"><figure><img loading=\"lazy\" decoding=\"async\" width=\"1024\" height=\"683\" src=\"https:\/\/marcali.plebania.hu\/wp-content\/uploads\/2023\/09\/20-1-1024x683.jpg\" alt=\"\" data-id=\"4948\" data-full-url=\"https:\/\/marcali.plebania.hu\/wp-content\/uploads\/2023\/09\/20-1-scaled.jpg\" data-link=\"https:\/\/marcali.plebania.hu\/?attachment_id=4948\" class=\"wp-image-4948\" srcset=\"https:\/\/marcali.plebania.hu\/wp-content\/uploads\/2023\/09\/20-1-1024x683.jpg 1024w, https:\/\/marcali.plebania.hu\/wp-content\/uploads\/2023\/09\/20-1-300x200.jpg 300w, https:\/\/marcali.plebania.hu\/wp-content\/uploads\/2023\/09\/20-1-768x512.jpg 768w, https:\/\/marcali.plebania.hu\/wp-content\/uploads\/2023\/09\/20-1-1536x1024.jpg 1536w, https:\/\/marcali.plebania.hu\/wp-content\/uploads\/2023\/09\/20-1-2048x1365.jpg 2048w, https:\/\/marcali.plebania.hu\/wp-content\/uploads\/2023\/09\/20-1-405x270.jpg 405w\" sizes=\"auto, (max-width: 1024px) 100vw, 1024px\" \/><\/figure><\/li><\/ul><\/figure>\n\n\n\n<p> A keszthelyi \u00dajmajorban (ma Szendrey-telepen) tal\u00e1lhat\u00f3 a Szendrey J\u00falia Eml\u00e9kh\u00e1z, mely a Pannon Egyetem Georgikon Kar\u00e1nak a kezel\u00e9s\u00e9ben \u00e1ll. Itt sz\u00fcletett 1828-ban Szendrey J\u00falia. \u00c9desapja a Festetics uradalom tiszttart\u00f3ja volt. Szendrey J\u00falia kiv\u00e1l\u00f3 \u00edr\u00f3n\u0151, k\u00f6lt\u0151 volt, neve m\u00e9gis Pet\u0151fi S\u00e1ndor m\u00fazs\u00e1jak\u00e9nt, a vil\u00e1girodalom tal\u00e1n legszebb szerelmes verseinek ihlet\u0151jek\u00e9nt maradt fenn. Az eml\u00e9kszob\u00e1ban J\u00fali\u00e1val kapcsolatos relikvi\u00e1kat, eredeti k\u00f6nyveket, portr\u00e9j\u00e1nak egy m\u00e1solat\u00e1t, k\u00e9pet Pet\u0151fi Zolt\u00e1nr\u00f3l \u00e9s a korabeli Keszthelyr\u0151l, valamint Andersen ford\u00edt\u00e1sai l\u00e1that\u00f3k. A keszthelyi \u00f6nkorm\u00e1nyzat 2009-ben \u00faj\u00edttatta fel a h\u00e1zat, a Pannon Egyetem Georgikon Kara pedig \u2013 a Pet\u0151fi Irodalmi M\u00fazeum k\u00f6zrem\u0171k\u00f6d\u00e9s\u00e9vel \u2013 berendezte az eml\u00e9kszob\u00e1t \u00e9s v\u00e1llalta annak ki\u00e1ll\u00edt\u00e1sk\u00e9nt val\u00f3 fenntart\u00e1s\u00e1t.<\/p>\n\n\n\n<figure class=\"wp-block-gallery columns-3 is-cropped wp-block-gallery-2 is-layout-flex wp-block-gallery-is-layout-flex\"><ul class=\"blocks-gallery-grid\"><li class=\"blocks-gallery-item\"><figure><img loading=\"lazy\" decoding=\"async\" width=\"1024\" height=\"683\" src=\"https:\/\/marcali.plebania.hu\/wp-content\/uploads\/2023\/09\/27-1-1024x683.jpg\" alt=\"\" data-id=\"4949\" data-link=\"https:\/\/marcali.plebania.hu\/?attachment_id=4949\" class=\"wp-image-4949\" srcset=\"https:\/\/marcali.plebania.hu\/wp-content\/uploads\/2023\/09\/27-1-1024x683.jpg 1024w, https:\/\/marcali.plebania.hu\/wp-content\/uploads\/2023\/09\/27-1-300x200.jpg 300w, https:\/\/marcali.plebania.hu\/wp-content\/uploads\/2023\/09\/27-1-768x512.jpg 768w, https:\/\/marcali.plebania.hu\/wp-content\/uploads\/2023\/09\/27-1-1536x1024.jpg 1536w, https:\/\/marcali.plebania.hu\/wp-content\/uploads\/2023\/09\/27-1-2048x1365.jpg 2048w, https:\/\/marcali.plebania.hu\/wp-content\/uploads\/2023\/09\/27-1-405x270.jpg 405w\" sizes=\"auto, (max-width: 1024px) 100vw, 1024px\" \/><\/figure><\/li><li class=\"blocks-gallery-item\"><figure><img loading=\"lazy\" decoding=\"async\" width=\"1024\" height=\"683\" src=\"https:\/\/marcali.plebania.hu\/wp-content\/uploads\/2023\/09\/32-1024x683.jpg\" alt=\"\" data-id=\"4950\" data-link=\"https:\/\/marcali.plebania.hu\/?attachment_id=4950\" class=\"wp-image-4950\" srcset=\"https:\/\/marcali.plebania.hu\/wp-content\/uploads\/2023\/09\/32-1024x683.jpg 1024w, https:\/\/marcali.plebania.hu\/wp-content\/uploads\/2023\/09\/32-300x200.jpg 300w, https:\/\/marcali.plebania.hu\/wp-content\/uploads\/2023\/09\/32-768x512.jpg 768w, https:\/\/marcali.plebania.hu\/wp-content\/uploads\/2023\/09\/32-1536x1024.jpg 1536w, https:\/\/marcali.plebania.hu\/wp-content\/uploads\/2023\/09\/32-2048x1365.jpg 2048w, https:\/\/marcali.plebania.hu\/wp-content\/uploads\/2023\/09\/32-405x270.jpg 405w\" sizes=\"auto, (max-width: 1024px) 100vw, 1024px\" \/><\/figure><\/li><li class=\"blocks-gallery-item\"><figure><img loading=\"lazy\" decoding=\"async\" width=\"1024\" height=\"683\" src=\"https:\/\/marcali.plebania.hu\/wp-content\/uploads\/2023\/09\/37-1024x683.jpg\" alt=\"\" data-id=\"4951\" data-link=\"https:\/\/marcali.plebania.hu\/?attachment_id=4951\" class=\"wp-image-4951\" srcset=\"https:\/\/marcali.plebania.hu\/wp-content\/uploads\/2023\/09\/37-1024x683.jpg 1024w, https:\/\/marcali.plebania.hu\/wp-content\/uploads\/2023\/09\/37-300x200.jpg 300w, https:\/\/marcali.plebania.hu\/wp-content\/uploads\/2023\/09\/37-768x512.jpg 768w, https:\/\/marcali.plebania.hu\/wp-content\/uploads\/2023\/09\/37-1536x1024.jpg 1536w, https:\/\/marcali.plebania.hu\/wp-content\/uploads\/2023\/09\/37-2048x1365.jpg 2048w, https:\/\/marcali.plebania.hu\/wp-content\/uploads\/2023\/09\/37-405x270.jpg 405w\" sizes=\"auto, (max-width: 1024px) 100vw, 1024px\" \/><\/figure><\/li><li class=\"blocks-gallery-item\"><figure><img loading=\"lazy\" decoding=\"async\" width=\"1024\" height=\"683\" src=\"https:\/\/marcali.plebania.hu\/wp-content\/uploads\/2023\/09\/42-1024x683.jpg\" alt=\"\" data-id=\"4952\" data-full-url=\"https:\/\/marcali.plebania.hu\/wp-content\/uploads\/2023\/09\/42-scaled.jpg\" data-link=\"https:\/\/marcali.plebania.hu\/?attachment_id=4952\" class=\"wp-image-4952\" srcset=\"https:\/\/marcali.plebania.hu\/wp-content\/uploads\/2023\/09\/42-1024x683.jpg 1024w, https:\/\/marcali.plebania.hu\/wp-content\/uploads\/2023\/09\/42-300x200.jpg 300w, https:\/\/marcali.plebania.hu\/wp-content\/uploads\/2023\/09\/42-768x512.jpg 768w, https:\/\/marcali.plebania.hu\/wp-content\/uploads\/2023\/09\/42-1536x1024.jpg 1536w, https:\/\/marcali.plebania.hu\/wp-content\/uploads\/2023\/09\/42-2048x1365.jpg 2048w, https:\/\/marcali.plebania.hu\/wp-content\/uploads\/2023\/09\/42-405x270.jpg 405w\" sizes=\"auto, (max-width: 1024px) 100vw, 1024px\" \/><\/figure><\/li><\/ul><\/figure>\n\n\n\n<p> A d\u00e9lel\u0151tti program m\u00e1sik, ez\u00fattal m\u00e1r az egyik szakr\u00e1lis c\u00e9lpontja az egregyi k\u00e1lv\u00e1ria volt. Az akkor m\u00e9g csak alig szemerk\u00e9l\u0151 es\u0151ben Tomanek Ferenc \u00c1ron marcali pl\u00e9b\u00e1nos atya vezet\u00e9s\u00e9vel a zar\u00e1ndokok elv\u00e9gezt\u00e9k a keresztutat, majd ennek befejez\u00e9se ut\u00e1n kiss\u00e9 meg\u00e1ztak a lefel\u00e9 vezet\u0151 \u00faton, a z\u00e1pores\u0151ben, am\u00edg le\u00e9rtek az aut\u00f3buszhoz. Ez a k\u00e1lv\u00e1ria, mint a legt\u00f6bb kereszt\u00fat, a domb alj\u00e1n indul, \u00e9s Krisztus szenved\u00e9seinek tizenn\u00e9gy st\u00e1ci\u00f3j\u00e1t felvonultatva kanyarog fel egy magaslaton \u00e1ll\u00edtott keresztig. A s\u00e9t\u00e1ny hossza kb. 300 m\u00e9ter, a szintk\u00fcl\u00f6nbs\u00e9g a kiindul\u00e1si pontj\u00e1t\u00f3l a keresztig pedig 23,5 m\u00e9ter. A k\u00e1lv\u00e1ria \u00fatja az \u00c1rp\u00e1d-kori templom ir\u00e1ny\u00e1ba kanyarog. Egyszer\u0171 kialak\u00edt\u00e1s\u00e1ra a m\u00e9rt\u00e9ktart\u00e1s a jellemz\u0151. A s\u00e9t\u00e1ny elemei term\u00e9szetes anyagokb\u00f3l k\u00e9sz\u00fcltek, a k\u00f6rnyezet\u00e9ben \u00e1ll\u00f3 f\u00e1k \u00e1rny\u00e9kot k\u00edn\u00e1lnak, n\u00e9h\u00e1ny szakasz\u00e1n pedig lehet\u0151s\u00e9g van megpihenni, elm\u00e9ly\u00fclni. A k\u00e1lv\u00e1ria k\u00e9sz\u00edt\u00e9s\u00e9n\u00e9l felhaszn\u00e1lt anyagok \u00e9s a t\u00e9r kialak\u00edt\u00e1sa j\u00f3l illeszkedik a t\u00e1jba. A st\u00e1ci\u00f3k m\u0171v\u00e9szi alkot\u00e1sait T\u00fari T\u00f6r\u00f6k Tibor k\u00e9sz\u00edtette. Az \u00fcnnep\u00e9lyes \u00e1tad\u00e1sa 2022. j\u00falius 8-\u00e1n t\u00f6rt\u00e9nt, melyet Udvardy Gy\u00f6rgy veszpr\u00e9mi \u00e9rsek \u00e1ldott meg \u00e9s szentelt fel.<\/p>\n\n\n\n<figure class=\"wp-block-gallery columns-3 is-cropped wp-block-gallery-3 is-layout-flex wp-block-gallery-is-layout-flex\"><ul class=\"blocks-gallery-grid\"><li class=\"blocks-gallery-item\"><figure><img loading=\"lazy\" decoding=\"async\" width=\"1024\" height=\"683\" src=\"https:\/\/marcali.plebania.hu\/wp-content\/uploads\/2023\/09\/53-1024x683.jpg\" alt=\"\" data-id=\"4953\" data-link=\"https:\/\/marcali.plebania.hu\/?attachment_id=4953\" class=\"wp-image-4953\" srcset=\"https:\/\/marcali.plebania.hu\/wp-content\/uploads\/2023\/09\/53-1024x683.jpg 1024w, https:\/\/marcali.plebania.hu\/wp-content\/uploads\/2023\/09\/53-300x200.jpg 300w, https:\/\/marcali.plebania.hu\/wp-content\/uploads\/2023\/09\/53-768x512.jpg 768w, https:\/\/marcali.plebania.hu\/wp-content\/uploads\/2023\/09\/53-1536x1024.jpg 1536w, https:\/\/marcali.plebania.hu\/wp-content\/uploads\/2023\/09\/53-2048x1365.jpg 2048w, https:\/\/marcali.plebania.hu\/wp-content\/uploads\/2023\/09\/53-405x270.jpg 405w\" sizes=\"auto, (max-width: 1024px) 100vw, 1024px\" \/><\/figure><\/li><li class=\"blocks-gallery-item\"><figure><img loading=\"lazy\" decoding=\"async\" width=\"1024\" height=\"683\" src=\"https:\/\/marcali.plebania.hu\/wp-content\/uploads\/2023\/09\/44-1024x683.jpg\" alt=\"\" data-id=\"4954\" data-link=\"https:\/\/marcali.plebania.hu\/?attachment_id=4954\" class=\"wp-image-4954\" srcset=\"https:\/\/marcali.plebania.hu\/wp-content\/uploads\/2023\/09\/44-1024x683.jpg 1024w, https:\/\/marcali.plebania.hu\/wp-content\/uploads\/2023\/09\/44-300x200.jpg 300w, https:\/\/marcali.plebania.hu\/wp-content\/uploads\/2023\/09\/44-768x512.jpg 768w, https:\/\/marcali.plebania.hu\/wp-content\/uploads\/2023\/09\/44-1536x1024.jpg 1536w, https:\/\/marcali.plebania.hu\/wp-content\/uploads\/2023\/09\/44-2048x1365.jpg 2048w, https:\/\/marcali.plebania.hu\/wp-content\/uploads\/2023\/09\/44-405x270.jpg 405w\" sizes=\"auto, (max-width: 1024px) 100vw, 1024px\" \/><\/figure><\/li><li class=\"blocks-gallery-item\"><figure><img loading=\"lazy\" decoding=\"async\" width=\"1024\" height=\"683\" src=\"https:\/\/marcali.plebania.hu\/wp-content\/uploads\/2023\/09\/51-1024x683.jpg\" alt=\"\" data-id=\"4955\" data-link=\"https:\/\/marcali.plebania.hu\/?attachment_id=4955\" class=\"wp-image-4955\" srcset=\"https:\/\/marcali.plebania.hu\/wp-content\/uploads\/2023\/09\/51-1024x683.jpg 1024w, https:\/\/marcali.plebania.hu\/wp-content\/uploads\/2023\/09\/51-300x200.jpg 300w, https:\/\/marcali.plebania.hu\/wp-content\/uploads\/2023\/09\/51-768x512.jpg 768w, https:\/\/marcali.plebania.hu\/wp-content\/uploads\/2023\/09\/51-1536x1024.jpg 1536w, https:\/\/marcali.plebania.hu\/wp-content\/uploads\/2023\/09\/51-2048x1365.jpg 2048w, https:\/\/marcali.plebania.hu\/wp-content\/uploads\/2023\/09\/51-405x270.jpg 405w\" sizes=\"auto, (max-width: 1024px) 100vw, 1024px\" \/><\/figure><\/li><li class=\"blocks-gallery-item\"><figure><img loading=\"lazy\" decoding=\"async\" width=\"1024\" height=\"683\" src=\"https:\/\/marcali.plebania.hu\/wp-content\/uploads\/2023\/09\/64-1024x683.jpg\" alt=\"\" data-id=\"4957\" data-full-url=\"https:\/\/marcali.plebania.hu\/wp-content\/uploads\/2023\/09\/64-scaled.jpg\" data-link=\"https:\/\/marcali.plebania.hu\/?attachment_id=4957\" class=\"wp-image-4957\" srcset=\"https:\/\/marcali.plebania.hu\/wp-content\/uploads\/2023\/09\/64-1024x683.jpg 1024w, https:\/\/marcali.plebania.hu\/wp-content\/uploads\/2023\/09\/64-300x200.jpg 300w, https:\/\/marcali.plebania.hu\/wp-content\/uploads\/2023\/09\/64-768x512.jpg 768w, https:\/\/marcali.plebania.hu\/wp-content\/uploads\/2023\/09\/64-1536x1024.jpg 1536w, https:\/\/marcali.plebania.hu\/wp-content\/uploads\/2023\/09\/64-2048x1365.jpg 2048w, https:\/\/marcali.plebania.hu\/wp-content\/uploads\/2023\/09\/64-405x270.jpg 405w\" sizes=\"auto, (max-width: 1024px) 100vw, 1024px\" \/><\/figure><\/li><\/ul><\/figure>\n\n\n\n<p> A marcali zar\u00e1ndokok k\u00f6vetkez\u0151 \u00e1llom\u00e1sa Zalaegerszeg volt, ahol a Szent M\u00e1ria Magdolna f\u0151pl\u00e9b\u00e1nia-templom bej\u00e1rat\u00e1n\u00e1l Str\u00f3ber L\u00e1szl\u00f3 kanonok, esperes, ap\u00e1t-pl\u00e9b\u00e1nos \u00e9s Ill\u00e9s Csaba, a K\u00c9SZ Zalaegerszegi Csoportj\u00e1nak eln\u00f6ke nagy \u00f6r\u00f6mmel v\u00e1rta \u00e9s k\u00f6sz\u00f6nt\u00f6tte a somogyi csapatot. Els\u0151k\u00e9nt a pl\u00e9b\u00e1nos \u00far elmondta az impoz\u00e1ns templom t\u00f6rt\u00e9net\u00e9t, majd pedig k\u00f6z\u00f6s szentmis\u00e9n vettek r\u00e9szt a k\u00e9t testv\u00e9rszervezet k\u00e9pvisel\u0151i, melyet Tomanek Ferenc \u00c1ron marcali pl\u00e9b\u00e1nos celebr\u00e1lt. Az \u00fcnnepi istentisztelet \u00e9s a tal\u00e1lkoz\u00e1s j\u00f3 alkalom volt arra, hogy a K\u00c9SZ vid\u00e9ki csoportjai megismerj\u00e9k egym\u00e1st, \u00e9s eszmecser\u00e9t folytassanak egym\u00e1ssal a tev\u00e9kenys\u00e9g\u00fckr\u0151l, c\u00e9lkit\u0171z\u00e9seikr\u0151l, valamint a j\u00f6v\u0151beli egy\u00fcttm\u0171k\u00f6d\u00e9s lehet\u0151s\u00e9g\u00e9r\u0151l. K\u00f6sz\u00f6nj\u00fck sz\u00e9pen Ill\u00e9s Csaba eln\u00f6k \u00farnak, \u00e9s szervezete k\u00e9pvisel\u0151inek a sz\u00edv\u00e9lyes fogadtat\u00e1s\u00e1t, tov\u00e1bbi \u00e1ld\u00e1sos munk\u00e1t k\u00edv\u00e1nunk nekik.<\/p>\n\n\n\n<figure class=\"wp-block-gallery columns-3 is-cropped wp-block-gallery-4 is-layout-flex wp-block-gallery-is-layout-flex\"><ul class=\"blocks-gallery-grid\"><li class=\"blocks-gallery-item\"><figure><img loading=\"lazy\" decoding=\"async\" width=\"1024\" height=\"683\" src=\"https:\/\/marcali.plebania.hu\/wp-content\/uploads\/2023\/09\/67-1024x683.jpg\" alt=\"\" data-id=\"4958\" data-link=\"https:\/\/marcali.plebania.hu\/?attachment_id=4958\" class=\"wp-image-4958\" srcset=\"https:\/\/marcali.plebania.hu\/wp-content\/uploads\/2023\/09\/67-1024x683.jpg 1024w, https:\/\/marcali.plebania.hu\/wp-content\/uploads\/2023\/09\/67-300x200.jpg 300w, https:\/\/marcali.plebania.hu\/wp-content\/uploads\/2023\/09\/67-768x512.jpg 768w, https:\/\/marcali.plebania.hu\/wp-content\/uploads\/2023\/09\/67-1536x1024.jpg 1536w, https:\/\/marcali.plebania.hu\/wp-content\/uploads\/2023\/09\/67-2048x1365.jpg 2048w, https:\/\/marcali.plebania.hu\/wp-content\/uploads\/2023\/09\/67-405x270.jpg 405w\" sizes=\"auto, (max-width: 1024px) 100vw, 1024px\" \/><\/figure><\/li><li class=\"blocks-gallery-item\"><figure><img loading=\"lazy\" decoding=\"async\" width=\"1024\" height=\"683\" src=\"https:\/\/marcali.plebania.hu\/wp-content\/uploads\/2023\/09\/58-1024x683.jpg\" alt=\"\" data-id=\"4960\" data-link=\"https:\/\/marcali.plebania.hu\/?attachment_id=4960\" class=\"wp-image-4960\" srcset=\"https:\/\/marcali.plebania.hu\/wp-content\/uploads\/2023\/09\/58-1024x683.jpg 1024w, https:\/\/marcali.plebania.hu\/wp-content\/uploads\/2023\/09\/58-300x200.jpg 300w, https:\/\/marcali.plebania.hu\/wp-content\/uploads\/2023\/09\/58-768x512.jpg 768w, https:\/\/marcali.plebania.hu\/wp-content\/uploads\/2023\/09\/58-1536x1024.jpg 1536w, https:\/\/marcali.plebania.hu\/wp-content\/uploads\/2023\/09\/58-2048x1365.jpg 2048w, https:\/\/marcali.plebania.hu\/wp-content\/uploads\/2023\/09\/58-405x270.jpg 405w\" sizes=\"auto, (max-width: 1024px) 100vw, 1024px\" \/><\/figure><\/li><li class=\"blocks-gallery-item\"><figure><img loading=\"lazy\" decoding=\"async\" width=\"1024\" height=\"766\" src=\"https:\/\/marcali.plebania.hu\/wp-content\/uploads\/2023\/09\/IMG_20230923_105508-1024x766.jpg\" alt=\"\" data-id=\"4961\" data-link=\"https:\/\/marcali.plebania.hu\/?attachment_id=4961\" class=\"wp-image-4961\" srcset=\"https:\/\/marcali.plebania.hu\/wp-content\/uploads\/2023\/09\/IMG_20230923_105508-1024x766.jpg 1024w, https:\/\/marcali.plebania.hu\/wp-content\/uploads\/2023\/09\/IMG_20230923_105508-300x224.jpg 300w, https:\/\/marcali.plebania.hu\/wp-content\/uploads\/2023\/09\/IMG_20230923_105508-768x574.jpg 768w, https:\/\/marcali.plebania.hu\/wp-content\/uploads\/2023\/09\/IMG_20230923_105508-1536x1149.jpg 1536w, https:\/\/marcali.plebania.hu\/wp-content\/uploads\/2023\/09\/IMG_20230923_105508-2048x1532.jpg 2048w, https:\/\/marcali.plebania.hu\/wp-content\/uploads\/2023\/09\/IMG_20230923_105508-361x270.jpg 361w\" sizes=\"auto, (max-width: 1024px) 100vw, 1024px\" \/><\/figure><\/li><li class=\"blocks-gallery-item\"><figure><img loading=\"lazy\" decoding=\"async\" width=\"1024\" height=\"683\" src=\"https:\/\/marcali.plebania.hu\/wp-content\/uploads\/2023\/09\/66-1024x683.jpg\" alt=\"\" data-id=\"4962\" data-full-url=\"https:\/\/marcali.plebania.hu\/wp-content\/uploads\/2023\/09\/66-scaled.jpg\" data-link=\"https:\/\/marcali.plebania.hu\/?attachment_id=4962\" class=\"wp-image-4962\" srcset=\"https:\/\/marcali.plebania.hu\/wp-content\/uploads\/2023\/09\/66-1024x683.jpg 1024w, https:\/\/marcali.plebania.hu\/wp-content\/uploads\/2023\/09\/66-300x200.jpg 300w, https:\/\/marcali.plebania.hu\/wp-content\/uploads\/2023\/09\/66-768x512.jpg 768w, https:\/\/marcali.plebania.hu\/wp-content\/uploads\/2023\/09\/66-1536x1024.jpg 1536w, https:\/\/marcali.plebania.hu\/wp-content\/uploads\/2023\/09\/66-2048x1365.jpg 2048w, https:\/\/marcali.plebania.hu\/wp-content\/uploads\/2023\/09\/66-405x270.jpg 405w\" sizes=\"auto, (max-width: 1024px) 100vw, 1024px\" \/><\/figure><\/li><\/ul><\/figure>\n\n\n\n<p> Zalaegerszeg els\u0151 pl\u00e9b\u00e1niatemploma a XIII. sz\u00e1zad els\u0151 fel\u00e9ben \u00e9p\u00fclhetett. A kis rom\u00e1n kori \u00e9p\u00fcletet azt\u00e1n a XIV.-XV. sz\u00e1zadban g\u00f3tikus st\u00edlusban \u00e9p\u00edtett\u00e9k \u00e1t. Val\u00f3sz\u00edn\u0171leg ugyanekkor emelt\u00e9k mellette azt a szint\u00e9n g\u00f3tikus temet\u0151k\u00e1poln\u00e1t, melynek alapfalait 1976-ban a mai templom d\u00e9li oldal\u00e1n t\u00e1rtak fel. A t\u00f6r\u00f6kkel folytatott harcok idej\u00e9n ezek az \u00e9p\u00fcletek megs\u00e9r\u00fcltek, a XVIII. sz\u00e1zad els\u0151 \u00e9vtizedeiben azonban m\u00e9g kisebb-nagyobb jav\u00edt\u00e1sok ut\u00e1n egy ideig haszn\u00e1lt\u00e1k. Majd Pad\u00e1nyi B\u00edr\u00f3 M\u00e1rton (1696-1762) veszpr\u00e9mi p\u00fcsp\u00f6k munk\u00e1lkod\u00e1sa k\u00f6vetkezt\u00e9ben 1747-ben tett\u00e9k le az \u00faj templom alapk\u00f6v\u00e9t, b\u00e1r a munk\u00e1k csak lassan haladtak. 1757-ben m\u00e9g mindig csak a szent\u00e9ly volt tet\u0151 alatt. 1769-ben m\u00e1r Koller Ign\u00e1c p\u00fcsp\u00f6k rendelte meg a bels\u0151 fresk\u00f3dekor\u00e1ci\u00f3t Johann Ignaz Cimbal b\u00e9csi mestert\u0151l. 1777-ben M\u00e1ria Ter\u00e9zia apostoli kir\u00e1lyn\u0151 megalap\u00edtotta a Szombathelyi Egyh\u00e1zmegy\u00e9t, ahova Zalaegerszeg v\u00e1rosa is oda ker\u00fclt. 1803. j\u00falius 9-\u00e9n Harrasi Herzan Ferenc b\u00edboros, szombathelyi p\u00fcsp\u00f6k szentelte fel a templomot. 1826-ban t\u0171zv\u00e9sz rong\u00e1lta meg az \u00faj templomot, de a puszt\u00edt\u00e1s jeleit hamar elt\u00fcntett\u00e9k. A k\u00fcls\u0151leg meg\u00fajult templom a v\u00e1ros egyik legnagyobb \u00e9kess\u00e9ge. A templom alaprajza a r\u00f3mai jezsuita Il Gesu templom n\u00e9pszer\u0171 t\u00edpus\u00e1t k\u00f6veti. A k\u00e9t torony k\u00f6z\u00f6tt k\u00e9t pill\u00e9ren nyugszik az orgonakarzat, a haj\u00f3t h\u00e1rom-h\u00e1rom oldalk\u00e1polna b\u0151v\u00edti. A kiss\u00e9 megny\u00fajtott egyenes z\u00e1r\u00f3d\u00e1s\u00fa szent\u00e9ly \u00e9szaki oldal\u00e1n a keresztel\u0151k\u00e1polna, a d\u00e9li oldalon a sekrestye tal\u00e1lhat\u00f3, mindkett\u0151 felett egy orat\u00f3rium van, szent\u00e9lybe ny\u00edl\u00f3 ablakokkal. A templom k\u00fcls\u0151 homlokzat\u00e1n a fels\u0151 szoborf\u00fclk\u00e9ben helyzkedik el Szent Mih\u00e1ly szobra. K\u00e9t als\u00f3 f\u00fclk\u00e9ben \u2013 a templom \u00e9s a v\u00e1ros v\u00e9d\u0151szentje \u2013 Szent M\u00e1ria Magdolna, illetve a felt\u00e1madt Krisztus szobra l\u00e1that\u00f3. H\u00e1rom k\u0151faragv\u00e1ny is d\u00edsz\u00edti a homlokzatot: k\u00f6z\u00e9pen Isten szeme, k\u00e9toldalt Pad\u00e1nyi \u00e9s Koller p\u00fcsp\u00f6k\u00f6k c\u00edmere l\u00e1that\u00f3. A templombels\u0151ben a v\u00e9d\u0151szent \u00e9let\u00e9b\u0151l vett jeleneteket \u00e1br\u00e1zolj\u00e1k a fresk\u00f3k. A mell\u00e9kolt\u00e1rok festm\u00e9nyei k\u00f6z\u00fcl kiemelkedik a Szepl\u0151telen Fogantat\u00e1s gy\u00f6ny\u00f6r\u0171 \u00e1br\u00e1zol\u00e1sa. A templom hangs\u00falyos eleme az \u00fan. Aranyos M\u00e1ria olt\u00e1ra. A templom d\u00e9li oldal\u00e1n ker\u00fclt 1998-ban elhelyez\u00e9sre a templom egykori pl\u00e9b\u00e1nos\u00e1nak, Mindszenty J\u00f3zsef hercegpr\u00edm\u00e1snak a bronzszobra.<\/p>\n\n\n\n<figure class=\"wp-block-gallery columns-3 is-cropped wp-block-gallery-5 is-layout-flex wp-block-gallery-is-layout-flex\"><ul class=\"blocks-gallery-grid\"><li class=\"blocks-gallery-item\"><figure><img loading=\"lazy\" decoding=\"async\" width=\"1024\" height=\"683\" src=\"https:\/\/marcali.plebania.hu\/wp-content\/uploads\/2023\/09\/96-1024x683.jpg\" alt=\"\" data-id=\"4964\" data-link=\"https:\/\/marcali.plebania.hu\/?attachment_id=4964\" class=\"wp-image-4964\" srcset=\"https:\/\/marcali.plebania.hu\/wp-content\/uploads\/2023\/09\/96-1024x683.jpg 1024w, https:\/\/marcali.plebania.hu\/wp-content\/uploads\/2023\/09\/96-300x200.jpg 300w, https:\/\/marcali.plebania.hu\/wp-content\/uploads\/2023\/09\/96-768x512.jpg 768w, https:\/\/marcali.plebania.hu\/wp-content\/uploads\/2023\/09\/96-1536x1024.jpg 1536w, https:\/\/marcali.plebania.hu\/wp-content\/uploads\/2023\/09\/96-2048x1365.jpg 2048w, https:\/\/marcali.plebania.hu\/wp-content\/uploads\/2023\/09\/96-405x270.jpg 405w\" sizes=\"auto, (max-width: 1024px) 100vw, 1024px\" \/><\/figure><\/li><li class=\"blocks-gallery-item\"><figure><img loading=\"lazy\" decoding=\"async\" width=\"1024\" height=\"683\" src=\"https:\/\/marcali.plebania.hu\/wp-content\/uploads\/2023\/09\/101-1024x683.jpg\" alt=\"\" data-id=\"4965\" data-link=\"https:\/\/marcali.plebania.hu\/?attachment_id=4965\" class=\"wp-image-4965\" srcset=\"https:\/\/marcali.plebania.hu\/wp-content\/uploads\/2023\/09\/101-1024x683.jpg 1024w, https:\/\/marcali.plebania.hu\/wp-content\/uploads\/2023\/09\/101-300x200.jpg 300w, https:\/\/marcali.plebania.hu\/wp-content\/uploads\/2023\/09\/101-768x512.jpg 768w, https:\/\/marcali.plebania.hu\/wp-content\/uploads\/2023\/09\/101-1536x1024.jpg 1536w, https:\/\/marcali.plebania.hu\/wp-content\/uploads\/2023\/09\/101-2048x1365.jpg 2048w, https:\/\/marcali.plebania.hu\/wp-content\/uploads\/2023\/09\/101-405x270.jpg 405w\" sizes=\"auto, (max-width: 1024px) 100vw, 1024px\" \/><\/figure><\/li><li class=\"blocks-gallery-item\"><figure><img loading=\"lazy\" decoding=\"async\" width=\"1024\" height=\"683\" src=\"https:\/\/marcali.plebania.hu\/wp-content\/uploads\/2023\/09\/99-1024x683.jpg\" alt=\"\" data-id=\"4966\" data-link=\"https:\/\/marcali.plebania.hu\/?attachment_id=4966\" class=\"wp-image-4966\" srcset=\"https:\/\/marcali.plebania.hu\/wp-content\/uploads\/2023\/09\/99-1024x683.jpg 1024w, https:\/\/marcali.plebania.hu\/wp-content\/uploads\/2023\/09\/99-300x200.jpg 300w, https:\/\/marcali.plebania.hu\/wp-content\/uploads\/2023\/09\/99-768x512.jpg 768w, https:\/\/marcali.plebania.hu\/wp-content\/uploads\/2023\/09\/99-1536x1024.jpg 1536w, https:\/\/marcali.plebania.hu\/wp-content\/uploads\/2023\/09\/99-2048x1365.jpg 2048w, https:\/\/marcali.plebania.hu\/wp-content\/uploads\/2023\/09\/99-405x270.jpg 405w\" sizes=\"auto, (max-width: 1024px) 100vw, 1024px\" \/><\/figure><\/li><li class=\"blocks-gallery-item\"><figure><img loading=\"lazy\" decoding=\"async\" width=\"1024\" height=\"683\" src=\"https:\/\/marcali.plebania.hu\/wp-content\/uploads\/2023\/09\/103-1024x683.jpg\" alt=\"\" data-id=\"4967\" data-full-url=\"https:\/\/marcali.plebania.hu\/wp-content\/uploads\/2023\/09\/103-scaled.jpg\" data-link=\"https:\/\/marcali.plebania.hu\/?attachment_id=4967\" class=\"wp-image-4967\" srcset=\"https:\/\/marcali.plebania.hu\/wp-content\/uploads\/2023\/09\/103-1024x683.jpg 1024w, https:\/\/marcali.plebania.hu\/wp-content\/uploads\/2023\/09\/103-300x200.jpg 300w, https:\/\/marcali.plebania.hu\/wp-content\/uploads\/2023\/09\/103-768x512.jpg 768w, https:\/\/marcali.plebania.hu\/wp-content\/uploads\/2023\/09\/103-1536x1024.jpg 1536w, https:\/\/marcali.plebania.hu\/wp-content\/uploads\/2023\/09\/103-2048x1365.jpg 2048w, https:\/\/marcali.plebania.hu\/wp-content\/uploads\/2023\/09\/103-405x270.jpg 405w\" sizes=\"auto, (max-width: 1024px) 100vw, 1024px\" \/><\/figure><\/li><\/ul><\/figure>\n\n\n\n<p> A K\u00c9SZ Marcali Csoport zar\u00e1ndoklat\u00e1nak d\u00e9lut\u00e1ni f\u0151 programja a Mindszentyneum megtekint\u00e9se volt. Az ism\u00e9t szakszer\u0171 t\u00e1rlatvezet\u00e9s mellett az els\u0151 emeleten Mindszenty J\u00f3zsef b\u00edboros, hercegpr\u00edm\u00e1s, esztergomi \u00e9rsek \u00e9let\u00fatj\u00e1t bemutat\u00f3 ki\u00e1ll\u00edt\u00e1s l\u00e1thatt\u00e1k, melynek legf\u0151bb c\u00e9lja \u00e9s \u00fczenete megismertetni a b\u00edboros szem\u00e9ly\u00e9t, a 20. sz\u00e1zad magyar t\u00f6rt\u00e9nelm\u00e9nek \u00e9s egyh\u00e1zt\u00f6rt\u00e9net\u00e9nek egyik legmeghat\u00e1roz\u00f3bb, ikonikus alakj\u00e1t, akinek \u00e1ldozatv\u00e1llal\u00e1s\u00e1t az elm\u00falt \u00e9vtizedek politikai be\u00e1gyazotts\u00e1g\u00e1nak f\u00fcggv\u00e9ny\u00e9ben meglehet\u0151sen v\u00e1ltozatosan \u00e9rt\u00e9kelt\u00e9k. A ki\u00e1ll\u00edt\u00e1sban ezt a rendszerv\u00e1lt\u00e1s el\u0151tti \u00e9s k\u00f6r\u00fcli egys\u00edk\u00fabb, elvont kateg\u00f3ri\u00e1kban gondolkod\u00f3 Mindszenty-k\u00e1nont \u00e1rnyalj\u00e1k; a f\u0151pap t\u00f6rt\u00e9neti szerepv\u00e1llal\u00e1s\u00e1nak sokr\u00e9t\u0171 \u00e9rz\u00e9keltet\u00e9s\u00e9n t\u00fal teh\u00e1t az EMBER bemutat\u00e1s\u00e1ra is f\u00f3kusz\u00e1lnak. Mindszenty nem csup\u00e1n az elm\u00falt \u00e9vsz\u00e1zad k\u00e9pvisel\u0151je \u2013a fiatalabb gener\u00e1ci\u00f3kat is \u00e9pp\u00fagy megsz\u00f3l\u00edthatja. Mindszenty J\u00f3zsef \u00e9let\u00fatj\u00e1t, illetve tisztelet\u00e9t a legkorszer\u0171bb egyedi install\u00e1ci\u00f3s eszk\u00f6z\u00f6kkel \u00e9s technikai h\u00e1tt\u00e9rrel t\u00e1rj\u00e1k a l\u00e1togat\u00f3k el\u00e9. A ki\u00e1ll\u00edt\u00e1s kev\u00e9sb\u00e9 t\u00e1rgy-, mint ink\u00e1bb \u00e9lm\u00e9nyk\u00f6zpont\u00fa; c\u00e9lja, hogy a megfelel\u0151 m\u00e9lys\u00e9g\u0171 inform\u00e1ci\u00f3-\u00e1tad\u00e1son t\u00fal a l\u00e1togat\u00f3t tov\u00e1bbi egy\u00e9ni kutat\u00e1sra, olvas\u00e1sra sarkallja \u00e9letkort\u00f3l \u00e9s iskol\u00e1zotts\u00e1gt\u00f3l f\u00fcggetlen\u00fcl. Mivel a ki\u00e1ll\u00edt\u00e1s t\u00f6bb \u2013 egym\u00e1st\u00f3l r\u00e9szben elt\u00e9r\u0151 ig\u00e9nyszint\u0171 \u00e9s tud\u00e1s\u00fa \u2013 gener\u00e1ci\u00f3t sz\u00f3l\u00edt meg, a multim\u00e9di\u00e1s tartalmak is ehhez igazodnak majd: egy fiatalosabb, lend\u00fcletesebb tud\u00e1sanyagot, valamint elm\u00e9ly\u00fcltebb, gazdagabb b\u00e1zis\u00fa, esetleges probl\u00e9mafelvet\u00e9seket is tartalmaz\u00f3 inform\u00e1ci\u00f3egys\u00e9geket egyar\u00e1nt magukban foglalnak.<\/p>\n\n\n\n<figure class=\"wp-block-gallery columns-3 is-cropped wp-block-gallery-6 is-layout-flex wp-block-gallery-is-layout-flex\"><ul class=\"blocks-gallery-grid\"><li class=\"blocks-gallery-item\"><figure><img loading=\"lazy\" decoding=\"async\" width=\"1024\" height=\"683\" src=\"https:\/\/marcali.plebania.hu\/wp-content\/uploads\/2023\/09\/79-1-1024x683.jpg\" alt=\"\" data-id=\"4968\" data-link=\"https:\/\/marcali.plebania.hu\/?attachment_id=4968\" class=\"wp-image-4968\" srcset=\"https:\/\/marcali.plebania.hu\/wp-content\/uploads\/2023\/09\/79-1-1024x683.jpg 1024w, https:\/\/marcali.plebania.hu\/wp-content\/uploads\/2023\/09\/79-1-300x200.jpg 300w, https:\/\/marcali.plebania.hu\/wp-content\/uploads\/2023\/09\/79-1-768x512.jpg 768w, https:\/\/marcali.plebania.hu\/wp-content\/uploads\/2023\/09\/79-1-1536x1024.jpg 1536w, https:\/\/marcali.plebania.hu\/wp-content\/uploads\/2023\/09\/79-1-2048x1365.jpg 2048w, https:\/\/marcali.plebania.hu\/wp-content\/uploads\/2023\/09\/79-1-405x270.jpg 405w\" sizes=\"auto, (max-width: 1024px) 100vw, 1024px\" \/><\/figure><\/li><li class=\"blocks-gallery-item\"><figure><img loading=\"lazy\" decoding=\"async\" width=\"1024\" height=\"683\" src=\"https:\/\/marcali.plebania.hu\/wp-content\/uploads\/2023\/09\/84-1024x683.jpg\" alt=\"\" data-id=\"4969\" data-link=\"https:\/\/marcali.plebania.hu\/?attachment_id=4969\" class=\"wp-image-4969\" srcset=\"https:\/\/marcali.plebania.hu\/wp-content\/uploads\/2023\/09\/84-1024x683.jpg 1024w, https:\/\/marcali.plebania.hu\/wp-content\/uploads\/2023\/09\/84-300x200.jpg 300w, https:\/\/marcali.plebania.hu\/wp-content\/uploads\/2023\/09\/84-768x512.jpg 768w, https:\/\/marcali.plebania.hu\/wp-content\/uploads\/2023\/09\/84-1536x1024.jpg 1536w, https:\/\/marcali.plebania.hu\/wp-content\/uploads\/2023\/09\/84-2048x1365.jpg 2048w, https:\/\/marcali.plebania.hu\/wp-content\/uploads\/2023\/09\/84-405x270.jpg 405w\" sizes=\"auto, (max-width: 1024px) 100vw, 1024px\" \/><\/figure><\/li><li class=\"blocks-gallery-item\"><figure><img loading=\"lazy\" decoding=\"async\" width=\"1024\" height=\"683\" src=\"https:\/\/marcali.plebania.hu\/wp-content\/uploads\/2023\/09\/93-1024x683.jpg\" alt=\"\" data-id=\"4971\" data-link=\"https:\/\/marcali.plebania.hu\/?attachment_id=4971\" class=\"wp-image-4971\" srcset=\"https:\/\/marcali.plebania.hu\/wp-content\/uploads\/2023\/09\/93-1024x683.jpg 1024w, https:\/\/marcali.plebania.hu\/wp-content\/uploads\/2023\/09\/93-300x200.jpg 300w, https:\/\/marcali.plebania.hu\/wp-content\/uploads\/2023\/09\/93-768x512.jpg 768w, https:\/\/marcali.plebania.hu\/wp-content\/uploads\/2023\/09\/93-1536x1024.jpg 1536w, https:\/\/marcali.plebania.hu\/wp-content\/uploads\/2023\/09\/93-2048x1365.jpg 2048w, https:\/\/marcali.plebania.hu\/wp-content\/uploads\/2023\/09\/93-405x270.jpg 405w\" sizes=\"auto, (max-width: 1024px) 100vw, 1024px\" \/><\/figure><\/li><li class=\"blocks-gallery-item\"><figure><img loading=\"lazy\" decoding=\"async\" width=\"1024\" height=\"683\" src=\"https:\/\/marcali.plebania.hu\/wp-content\/uploads\/2023\/09\/106-1024x683.jpg\" alt=\"\" data-id=\"4980\" data-full-url=\"https:\/\/marcali.plebania.hu\/wp-content\/uploads\/2023\/09\/106-scaled.jpg\" data-link=\"https:\/\/marcali.plebania.hu\/?attachment_id=4980\" class=\"wp-image-4980\" srcset=\"https:\/\/marcali.plebania.hu\/wp-content\/uploads\/2023\/09\/106-1024x683.jpg 1024w, https:\/\/marcali.plebania.hu\/wp-content\/uploads\/2023\/09\/106-300x200.jpg 300w, https:\/\/marcali.plebania.hu\/wp-content\/uploads\/2023\/09\/106-768x512.jpg 768w, https:\/\/marcali.plebania.hu\/wp-content\/uploads\/2023\/09\/106-1536x1024.jpg 1536w, https:\/\/marcali.plebania.hu\/wp-content\/uploads\/2023\/09\/106-2048x1365.jpg 2048w, https:\/\/marcali.plebania.hu\/wp-content\/uploads\/2023\/09\/106-405x270.jpg 405w\" sizes=\"auto, (max-width: 1024px) 100vw, 1024px\" \/><\/figure><\/li><\/ul><\/figure>\n\n\n\n<p> A 2. emeleten az \u201eEgyh\u00e1z\u00fcld\u00f6z\u00e9s a kommunista diktat\u00fara alatt (1945\u20131990)\u201d c\u00edm\u0171 t\u00e1rlat legf\u0151bb c\u00e9lja \u00e9s \u00fczenete bemutatni azt, hogy a korszak egyh\u00e1zakhoz k\u00f6t\u0151d\u0151 \u00e1ldozatai hogyan \u00e9lt\u00e9k t\u00fal a megpr\u00f3b\u00e1ltat\u00e1sokat, a j\u00f3l fel\u00e9p\u00edtett ellen\u00fck sz\u0151tt \u201eharcban\u201d hogyan tudtak talpon maradni, emellett \u00e9rz\u00e9keltetni azt, hogy \u0151k is emberek voltak, k\u00fcl\u00f6nb\u00f6z\u0151 emberek, akik k\u00fcl\u00f6nb\u00f6z\u0151 m\u00f3dokon viszonyultak a diktat\u00fara egyh\u00e1zellenes tilt\u00e1saihoz. A megk\u00f6zel\u00edt\u00e9s egy \u00f6kumenikus jelleg\u0171 bemutat\u00e1s, szubjekt\u00edv n\u00e9z\u0151pontb\u00f3l, mintha egy t\u00fal\u00e9l\u0151 egyh\u00e1zi szem\u00e9ly napl\u00f3j\u00e1b\u00f3l olvasn\u00e1nk a t\u00f6rt\u00e9netet. A ki\u00e1ll\u00edt\u00e1s fel\u00e9p\u00edt\u00e9se a bevezet\u0151 objekt\u00edv ismeret\u00e1tad\u00e1st\u00f3l az egyre kevesebb, szubjekt\u00edvebb, \u00e1t\u00e9lhet\u0151 t\u00f6rt\u00e9n\u00e9sek bemutat\u00e1sa fel\u00e9 halad, eg\u00e9szen addig, am\u00edg m\u00e1r az ismeret\u00e1tad\u00e1s h\u00e1tt\u00e9rbe szorul, maradnak csak a \u201ebesz\u00e9des\u201d t\u00e1rgyi eml\u00e9kek, arcok, sugalmazott \u00e9rz\u00e9sek. A bevezet\u0151 t\u00f6rt\u00e9neti \u00e1ttekint\u00e9st h\u00e1rom olyan terem k\u00f6vet, amely a j\u00f3l fel\u00e9p\u00edtett propaganda, megfigyel\u00e9s majd kirakatperbe \u00e1ll\u00edt\u00e1s l\u00e9p\u00e9seit id\u00e9zi meg. Az azt k\u00f6vet\u0151 h\u00e1rom t\u00e9r pedig m\u00e1r egy bens\u0151s\u00e9ges megny\u00edl\u00e1st \u00e9s visszatekint\u00e9st eredm\u00e9nyez, egyben eml\u00e9ket \u00e1ll\u00edtva az \u00e1ldozatoknak \u00e9s vallom\u00e1soknak, \u00e1t\u00e9lve a k\u00fcl\u00f6nb\u00f6z\u0151 b\u00fcntet\u00e9si form\u00e1kban meg\u00e9lt, z\u00e1rt \u00e9s titkolt hit alap\u00fa vil\u00e1got. A ki\u00e1ll\u00edt\u00e1s legv\u00e9g\u00e9n a l\u00e1togat\u00f3 \u00e1t\u00e9lheti a s\u00f6t\u00e9ts\u00e9gb\u0151l \u00e9s bez\u00e1rts\u00e1gb\u00f3l val\u00f3 szabadul\u00e1st, kijut\u00e1st \u00e9s az \u00e1ldozatok kapaszkod\u00f3j\u00e1val egy\u00fctt ki\u00e9rkezzen. A pinceszinten \u201eT\u00e9gl\u00e1t\u00f3l templomig \u2013 V\u00e1logat\u00e1s Zala v\u00e1rmegye k\u00f6z\u00e9pkori eml\u00e9keib\u0151l\u201d c\u00edm\u0171 ki\u00e1ll\u00edt\u00e1s legf\u0151bb c\u00e9lja \u00e9s \u00fczenete bemutatni a Mindszentyneum \u00e9p\u00edt\u00e9s\u00e9t megel\u0151z\u0151 r\u00e9g\u00e9szeti felt\u00e1r\u00e1s sor\u00e1n el\u0151ker\u00fclt, a k\u00f6z\u00e9pkori t\u00e9gla\u00e9get\u00e9s eml\u00e9k\u00e9t \u0151rz\u0151 kemenc\u00e9ket, amelyeknek jelent\u0151s szerep\u00fck lehetett Zalaegerszeg \u00e9p\u00edt\u00e9st\u00f6rt\u00e9net\u00e9ben. A tulajdonk\u00e9ppeni megtal\u00e1l\u00e1suk hely\u00e9n l\u00e1that\u00f3 t\u00e9gla\u00e9get\u0151k sors\u00e1ban valamelyest az egykori egerszegi v\u00e1r is szerepet j\u00e1tszott, amelynek nyomait szint\u00e9n fellelt\u00e9k az itt \u00e1sat\u00e1st v\u00e9gz\u0151 r\u00e9g\u00e9szek. Ezen telep\u00fcl\u00e9st\u00f6rt\u00e9neti jelent\u0151s\u00e9ggel b\u00edr\u00f3 objektumok vizsg\u00e1lati eredm\u00e9nyei alapj\u00e1n k\u00e9sz\u00fclt anim\u00e1ci\u00f3s film seg\u00edts\u00e9g\u00e9vel a l\u00e1togat\u00f3k szeme el\u0151tt is megelevenedik a \u201em\u00faltra \u00e9p\u00fcl\u0151 j\u00f6v\u0151\u201d. Ugyanis a t\u00e1rlatban l\u00e1that\u00f3 t\u00e9gla\u00e9get\u0151k vir\u00e1gkora a 14-15. sz\u00e1zadi \u00e9p\u00edtkez\u00e9sekhez k\u00f6thet\u0151, m\u00edg feled\u00e9sbe mer\u00fcl\u00e9s\u00fckh\u00f6z az egykori egerszegi v\u00e1r t\u00f6r\u00f6k id\u0151szakban \u00e9p\u00edtett pal\u00e1nkfala is hozz\u00e1j\u00e1rult, amikor annak c\u00f6l\u00f6psora \u00e9s a v\u00e1r\u00e1rok \u00e1tv\u00e1gta az egyik kemenc\u00e9t. Emellett a ki\u00e1ll\u00edt\u00e1s mes\u00e9l m\u00e1s, Zala megye ter\u00fclet\u00e9n el\u0151ker\u00fclt \u2013 els\u0151sorban vall\u00e1si vonatkoz\u00e1s\u00fa \u2013 kincsekr\u0151l, \u00e9p\u00fcletekr\u0151l \u00e9s izgalmas helysz\u00ednekr\u0151l is, amelyek ment\u00e9n a k\u00f6z\u00e9pkor vil\u00e1g\u00e1ba pillanthatnak be a l\u00e1togat\u00f3k. A megye szerzetes- \u00e9s lovagrendi eml\u00e9keinek bemutat\u00e1sa jelent\u0151s r\u00e9szben t\u00e1maszkodik az elm\u00falt \u00e9vekben folytatott r\u00e9g\u00e9szeti kutat\u00e1sok eredm\u00e9nyeire, \u00e9s ezen id\u0151szer\u0171s\u00e9get folyamatosan fent k\u00edv\u00e1nja tartani az aktu\u00e1lis felt\u00e1r\u00e1si eredm\u00e9nyek hozz\u00e1f\u0171z\u00e9s\u00e9vel a bemutatott anyaghoz. A t\u00e1rlat igyekszik minden koroszt\u00e1lyt megsz\u00f3l\u00edtani, interaktivit\u00e1sra \u00f6szt\u00f6n\u00f6zni, amelyhez a hagyom\u00e1nyos bemutat\u00e1si m\u00f3dok mellett a modern technol\u00f3gi\u00e1t is seg\u00edts\u00e9g\u00fcl h\u00edvja, illetve tapinthat\u00f3, lapozhat\u00f3 elemeket is k\u00edn\u00e1l.<\/p>\n\n\n\n<figure class=\"wp-block-gallery columns-3 is-cropped wp-block-gallery-7 is-layout-flex wp-block-gallery-is-layout-flex\"><ul class=\"blocks-gallery-grid\"><li class=\"blocks-gallery-item\"><figure><img loading=\"lazy\" decoding=\"async\" width=\"1024\" height=\"683\" src=\"https:\/\/marcali.plebania.hu\/wp-content\/uploads\/2023\/09\/116-1024x683.jpg\" alt=\"\" data-id=\"4972\" data-link=\"https:\/\/marcali.plebania.hu\/?attachment_id=4972\" class=\"wp-image-4972\" srcset=\"https:\/\/marcali.plebania.hu\/wp-content\/uploads\/2023\/09\/116-1024x683.jpg 1024w, https:\/\/marcali.plebania.hu\/wp-content\/uploads\/2023\/09\/116-300x200.jpg 300w, https:\/\/marcali.plebania.hu\/wp-content\/uploads\/2023\/09\/116-768x512.jpg 768w, https:\/\/marcali.plebania.hu\/wp-content\/uploads\/2023\/09\/116-1536x1024.jpg 1536w, https:\/\/marcali.plebania.hu\/wp-content\/uploads\/2023\/09\/116-2048x1365.jpg 2048w, https:\/\/marcali.plebania.hu\/wp-content\/uploads\/2023\/09\/116-405x270.jpg 405w\" sizes=\"auto, (max-width: 1024px) 100vw, 1024px\" \/><\/figure><\/li><li class=\"blocks-gallery-item\"><figure><img loading=\"lazy\" decoding=\"async\" width=\"1024\" height=\"683\" src=\"https:\/\/marcali.plebania.hu\/wp-content\/uploads\/2023\/09\/118-1024x683.jpg\" alt=\"\" data-id=\"4975\" data-full-url=\"https:\/\/marcali.plebania.hu\/wp-content\/uploads\/2023\/09\/118-scaled.jpg\" data-link=\"https:\/\/marcali.plebania.hu\/?attachment_id=4975\" class=\"wp-image-4975\" srcset=\"https:\/\/marcali.plebania.hu\/wp-content\/uploads\/2023\/09\/118-1024x683.jpg 1024w, https:\/\/marcali.plebania.hu\/wp-content\/uploads\/2023\/09\/118-300x200.jpg 300w, https:\/\/marcali.plebania.hu\/wp-content\/uploads\/2023\/09\/118-768x512.jpg 768w, https:\/\/marcali.plebania.hu\/wp-content\/uploads\/2023\/09\/118-1536x1024.jpg 1536w, https:\/\/marcali.plebania.hu\/wp-content\/uploads\/2023\/09\/118-2048x1365.jpg 2048w, https:\/\/marcali.plebania.hu\/wp-content\/uploads\/2023\/09\/118-405x270.jpg 405w\" sizes=\"auto, (max-width: 1024px) 100vw, 1024px\" \/><\/figure><\/li><li class=\"blocks-gallery-item\"><figure><img loading=\"lazy\" decoding=\"async\" width=\"1024\" height=\"683\" src=\"https:\/\/marcali.plebania.hu\/wp-content\/uploads\/2023\/09\/124-1024x683.jpg\" alt=\"\" data-id=\"4974\" data-link=\"https:\/\/marcali.plebania.hu\/?attachment_id=4974\" class=\"wp-image-4974\" srcset=\"https:\/\/marcali.plebania.hu\/wp-content\/uploads\/2023\/09\/124-1024x683.jpg 1024w, https:\/\/marcali.plebania.hu\/wp-content\/uploads\/2023\/09\/124-300x200.jpg 300w, https:\/\/marcali.plebania.hu\/wp-content\/uploads\/2023\/09\/124-768x512.jpg 768w, https:\/\/marcali.plebania.hu\/wp-content\/uploads\/2023\/09\/124-1536x1024.jpg 1536w, https:\/\/marcali.plebania.hu\/wp-content\/uploads\/2023\/09\/124-2048x1365.jpg 2048w, https:\/\/marcali.plebania.hu\/wp-content\/uploads\/2023\/09\/124-405x270.jpg 405w\" sizes=\"auto, (max-width: 1024px) 100vw, 1024px\" \/><\/figure><\/li><li class=\"blocks-gallery-item\"><figure><img loading=\"lazy\" decoding=\"async\" width=\"1024\" height=\"683\" src=\"https:\/\/marcali.plebania.hu\/wp-content\/uploads\/2023\/09\/122-1024x683.jpg\" alt=\"\" data-id=\"4973\" data-link=\"https:\/\/marcali.plebania.hu\/?attachment_id=4973\" class=\"wp-image-4973\" srcset=\"https:\/\/marcali.plebania.hu\/wp-content\/uploads\/2023\/09\/122-1024x683.jpg 1024w, https:\/\/marcali.plebania.hu\/wp-content\/uploads\/2023\/09\/122-300x200.jpg 300w, https:\/\/marcali.plebania.hu\/wp-content\/uploads\/2023\/09\/122-768x512.jpg 768w, https:\/\/marcali.plebania.hu\/wp-content\/uploads\/2023\/09\/122-1536x1024.jpg 1536w, https:\/\/marcali.plebania.hu\/wp-content\/uploads\/2023\/09\/122-2048x1365.jpg 2048w, https:\/\/marcali.plebania.hu\/wp-content\/uploads\/2023\/09\/122-405x270.jpg 405w\" sizes=\"auto, (max-width: 1024px) 100vw, 1024px\" \/><\/figure><\/li><\/ul><\/figure>\n\n\n\n<p> Az id\u0151szaki ki\u00e1ll\u00edt\u00e1s jelenleg a: \u201eSisit\u0151l az Erzs\u00e9bet-m\u00edtoszig\u201d c\u00edmmel a G\u00f6d\u00f6ll\u0151i Kir\u00e1lyi Kast\u00e9ly \u00e9s a Mindszentyneum k\u00f6z\u00f6s t\u00e1rlatak\u00e9nt december 31-ig Zalaegerszegen l\u00e1togathat\u00f3. Erzs\u00e9bet kir\u00e1lyn\u00e9t a vil\u00e1gon mindenhol ismerik, \u00e9s szinte mindenki szereti. Hogy hogyan v\u00e1lt egy b\u00e1jos bajor hercegkisasszonyb\u00f3l, Sisib\u0151l a f\u00f6ld\u00f6n minden\u00fctt ismert, Szent Erzs\u00e9bethez hasonl\u00edtott, mitikus alakk\u00e1? Megtanulta neh\u00e9z, de \u00e9rzelemd\u00fas nyelv\u00fcnket, udvartart\u00e1s\u00e1ba tudatosan v\u00e1lasztott magyarokat. Sz\u00edvesen \u00e9s sok id\u0151t t\u00f6lt\u00f6tt azokkal \u2013 politikusokkal, \u00edr\u00f3kkal, tud\u00f3sokkal \u2013, akiket Magyarorsz\u00e1g az\u00f3ta is tisztel. Hatott r\u00e1 Zala v\u00e1rmegye is Festetics M\u00e1ria gr\u00f3fn\u0151n, \u201eFestetics Mari\u201d udvarh\u00f6lgy\u00f6n kereszt\u00fcl, akinek napl\u00f3j\u00e1b\u00f3l sokat megismerhet\u00fcnk Sisir\u0151l. Vagy De\u00e1k Ferencen, a \u201eHaza b\u00f6lcs\u00e9n\u201d kereszt\u00fcl, aki a kiegyez\u00e9s atyjak\u00e9nt a b\u00e9ke \u00e9s fejl\u0151d\u00e9s alapj\u00e1t teremtette meg a kir\u00e1lyn\u00e9 f\u00e9rj\u00e9nek, Ferenc J\u00f3zsefnek a birodalm\u00e1ban. <em>A G\u00f6d\u00f6ll\u0151i Kir\u00e1lyi Kast\u00e9ly \u00e9s a Mindszentyneum k\u00f6z\u00f6s id\u0151szaki ki\u00e1ll\u00edt\u00e1s\u00e1ban megid\u00e9zik lakoszt\u00e1ly\u00e1t, valamint t\u00f6bb mint egy tucat portr\u00e9 \u00e9s a kir\u00e1lyi csal\u00e1d, a magyar k\u00f6rnyezet szem\u00e9lyes t\u00e1rgyain, feljegyz\u00e9sein kereszt\u00fcl ismerhetik meg a l\u00e1togat\u00f3k Erzs\u00e9bet m\u00edtossz\u00e1 v\u00e1l\u00e1s\u00e1nak \u00e1llom\u00e1sait.<\/em><\/p>\n\n\n\n<p> A marcali zar\u00e1ndokok ezut\u00e1n \u2013 az ism\u00e9t kedvez\u0151tlenre fordul\u00f3, es\u0151s-id\u0151j\u00e1r\u00e1s k\u00f6vetkezt\u00e9ben \u2013 lemondtak az eredetileg tervezett TV-torony (Bazitai-tet\u0151), az Az\u00e1le\u00e1s-v\u00f6lgy (Als\u00f3erd\u0151), valamint a G\u00e9b\u00e1rti-t\u00f3 megtekint\u00e9s\u00e9t\u0151l \u00e9s hazafel\u00e9 vett\u00e9k az ir\u00e1nyt.<\/p>\n\n\n\n<figure class=\"wp-block-gallery columns-3 is-cropped wp-block-gallery-8 is-layout-flex wp-block-gallery-is-layout-flex\"><ul class=\"blocks-gallery-grid\"><li class=\"blocks-gallery-item\"><figure><img loading=\"lazy\" decoding=\"async\" width=\"1024\" height=\"683\" src=\"https:\/\/marcali.plebania.hu\/wp-content\/uploads\/2023\/09\/137-1024x683.jpg\" alt=\"\" data-id=\"4976\" data-link=\"https:\/\/marcali.plebania.hu\/?attachment_id=4976\" class=\"wp-image-4976\" srcset=\"https:\/\/marcali.plebania.hu\/wp-content\/uploads\/2023\/09\/137-1024x683.jpg 1024w, https:\/\/marcali.plebania.hu\/wp-content\/uploads\/2023\/09\/137-300x200.jpg 300w, https:\/\/marcali.plebania.hu\/wp-content\/uploads\/2023\/09\/137-768x512.jpg 768w, https:\/\/marcali.plebania.hu\/wp-content\/uploads\/2023\/09\/137-1536x1024.jpg 1536w, https:\/\/marcali.plebania.hu\/wp-content\/uploads\/2023\/09\/137-2048x1365.jpg 2048w, https:\/\/marcali.plebania.hu\/wp-content\/uploads\/2023\/09\/137-405x270.jpg 405w\" sizes=\"auto, (max-width: 1024px) 100vw, 1024px\" \/><\/figure><\/li><li class=\"blocks-gallery-item\"><figure><img loading=\"lazy\" decoding=\"async\" width=\"1024\" height=\"683\" src=\"https:\/\/marcali.plebania.hu\/wp-content\/uploads\/2023\/09\/138-1024x683.jpg\" alt=\"\" data-id=\"4977\" data-link=\"https:\/\/marcali.plebania.hu\/?attachment_id=4977\" class=\"wp-image-4977\" srcset=\"https:\/\/marcali.plebania.hu\/wp-content\/uploads\/2023\/09\/138-1024x683.jpg 1024w, https:\/\/marcali.plebania.hu\/wp-content\/uploads\/2023\/09\/138-300x200.jpg 300w, https:\/\/marcali.plebania.hu\/wp-content\/uploads\/2023\/09\/138-768x512.jpg 768w, https:\/\/marcali.plebania.hu\/wp-content\/uploads\/2023\/09\/138-1536x1024.jpg 1536w, https:\/\/marcali.plebania.hu\/wp-content\/uploads\/2023\/09\/138-2048x1365.jpg 2048w, https:\/\/marcali.plebania.hu\/wp-content\/uploads\/2023\/09\/138-405x270.jpg 405w\" sizes=\"auto, (max-width: 1024px) 100vw, 1024px\" \/><\/figure><\/li><li class=\"blocks-gallery-item\"><figure><img loading=\"lazy\" decoding=\"async\" width=\"1024\" height=\"683\" src=\"https:\/\/marcali.plebania.hu\/wp-content\/uploads\/2023\/09\/136-1024x683.jpg\" alt=\"\" data-id=\"4978\" data-link=\"https:\/\/marcali.plebania.hu\/?attachment_id=4978\" class=\"wp-image-4978\" srcset=\"https:\/\/marcali.plebania.hu\/wp-content\/uploads\/2023\/09\/136-1024x683.jpg 1024w, https:\/\/marcali.plebania.hu\/wp-content\/uploads\/2023\/09\/136-300x200.jpg 300w, https:\/\/marcali.plebania.hu\/wp-content\/uploads\/2023\/09\/136-768x512.jpg 768w, https:\/\/marcali.plebania.hu\/wp-content\/uploads\/2023\/09\/136-1536x1024.jpg 1536w, https:\/\/marcali.plebania.hu\/wp-content\/uploads\/2023\/09\/136-2048x1365.jpg 2048w, https:\/\/marcali.plebania.hu\/wp-content\/uploads\/2023\/09\/136-405x270.jpg 405w\" sizes=\"auto, (max-width: 1024px) 100vw, 1024px\" \/><\/figure><\/li><li class=\"blocks-gallery-item\"><figure><img loading=\"lazy\" decoding=\"async\" width=\"1024\" height=\"683\" src=\"https:\/\/marcali.plebania.hu\/wp-content\/uploads\/2023\/09\/144-1024x683.jpg\" alt=\"\" data-id=\"4979\" data-full-url=\"https:\/\/marcali.plebania.hu\/wp-content\/uploads\/2023\/09\/144-scaled.jpg\" data-link=\"https:\/\/marcali.plebania.hu\/?attachment_id=4979\" class=\"wp-image-4979\" srcset=\"https:\/\/marcali.plebania.hu\/wp-content\/uploads\/2023\/09\/144-1024x683.jpg 1024w, https:\/\/marcali.plebania.hu\/wp-content\/uploads\/2023\/09\/144-300x200.jpg 300w, https:\/\/marcali.plebania.hu\/wp-content\/uploads\/2023\/09\/144-768x512.jpg 768w, https:\/\/marcali.plebania.hu\/wp-content\/uploads\/2023\/09\/144-1536x1024.jpg 1536w, https:\/\/marcali.plebania.hu\/wp-content\/uploads\/2023\/09\/144-2048x1365.jpg 2048w, https:\/\/marcali.plebania.hu\/wp-content\/uploads\/2023\/09\/144-405x270.jpg 405w\" sizes=\"auto, (max-width: 1024px) 100vw, 1024px\" \/><\/figure><\/li><\/ul><\/figure>\n\n\n\n<p>\nZ\u00e1r\u00e1sk\u00e9nt\na k\u00e9s\u0151 d\u00e9lut\u00e1ni \u00f3r\u00e1kban viszont, a hazafel\u00e9 vezet\u0151 \u00faton\nsiker\u00fclt m\u00e9g a h\u00e9v\u00edzi Szentl\u00e9lek templomot (\u201ek\u00e9k templomot\u201d)\nis megtekinteni\n\u00e9s im\u00e1dkozni. Az impoz\u00e1ns \u00e9p\u00fcletet 1999-ben szentelt\u00e9k fel,\nmegjelen\u00e9s\u00e9ben g\u00f3tikus \u00e9s modern st\u00edluselemeket \u00f6tv\u00f6z. A h\u00e9t\ntornya a n\u00e9vad\u00f3 h\u00e9t aj\u00e1nd\u00e9k\u00e1t jelk\u00e9pezi, fel\u00fcln\u00e9zetb\u0151l\npedig egy kit\u00e1rt sz\u00e1rny\u00fa galambra eml\u00e9keztet.<\/p>\n\n\n\n<p>\nA\nK\u00c9SZ\nMarcali Csoportj\u00e1nak idei tartalmas \u00e9s programban b\u0151velked\u0151\nzar\u00e1ndoklat\u00e1t a Nemzeti Egy\u00fcttm\u0171k\u00f6d\u00e9si Alap (NEA), a\nMinisztereln\u00f6ks\u00e9g \u00e9s a Bethlen G\u00e1bor Alapkezel\u0151 Zrt. t\u00e1mogatta.\nK\u00f6sz\u00f6net \u00e9rte!<\/p>\n\n\n\n<p>\n\u00cdrta\n\u00e9s fot\u00f3k: K\u00c9SZ Marcali Csoport\/Kiss K\u00e1lm\u00e1n<\/p>\n","protected":false},"excerpt":{"rendered":"<p>2023. szeptember 23-\u00e1n, szombaton a Kereszt\u00e9ny \u00c9rtelmis\u00e9giek Sz\u00f6vets\u00e9ge (K\u00c9SZ) Marcali Csoportja Keszthely-H\u00e9v\u00edz-Egregy-Zalaegerszeg \u00fati c\u00e9lokkal tartotta meg az idei \u00e9vi zar\u00e1ndoklat\u00e1t. Az es\u0151s id\u0151j\u00e1r\u00e1s ellen\u00e9re \u00f6sszesen 38 f\u0151 \u2013 t\u00f6bbs\u00e9g\u00e9ben a K\u00c9SZ tagjai \u2013 v\u00e1llalkoztak az \u00fatra, hogy megismerj\u00e9k az \u00e9rintett ter\u00fclet egyes vall\u00e1si, szakr\u00e1lis, \u00e9p\u00edt\u00e9szeti, \u00e9s kult\u00fart\u00f6rt\u00e9neti \u00e9rt\u00e9keit, a Mindszentyneum \u00e1lland\u00f3 \u00e9s id\u0151szaki ki\u00e1ll\u00edt\u00e1sait; valamint tal\u00e1lkozzanak az Ill\u00e9s Csaba vezette K\u00c9SZ-testv\u00e9rszervezettel, akikkel egy\u00fctt k\u00f6z\u00f6s szentmis\u00e9n vettek r\u00e9szt a zalai megyesz\u00e9khelyen. A zar\u00e1ndoklatot ez\u00fattal is \u2013 az eddigi szok\u00e1soknak megfelel\u0151en \u2013&#8230;<\/p>\n<p class=\"read-more\"><a class=\"btn btn-default\" href=\"https:\/\/marcali.plebania.hu\/?p=4943\"> Read More<span class=\"screen-reader-text\">  Read More<\/span><\/a><\/p>\n","protected":false},"author":2,"featured_media":0,"comment_status":"closed","ping_status":"open","sticky":false,"template":"","format":"standard","meta":{"footnotes":""},"categories":[1],"tags":[],"class_list":["post-4943","post","type-post","status-publish","format-standard","hentry","category-egyeb"],"_links":{"self":[{"href":"https:\/\/marcali.plebania.hu\/index.php?rest_route=\/wp\/v2\/posts\/4943","targetHints":{"allow":["GET"]}}],"collection":[{"href":"https:\/\/marcali.plebania.hu\/index.php?rest_route=\/wp\/v2\/posts"}],"about":[{"href":"https:\/\/marcali.plebania.hu\/index.php?rest_route=\/wp\/v2\/types\/post"}],"author":[{"embeddable":true,"href":"https:\/\/marcali.plebania.hu\/index.php?rest_route=\/wp\/v2\/users\/2"}],"replies":[{"embeddable":true,"href":"https:\/\/marcali.plebania.hu\/index.php?rest_route=%2Fwp%2Fv2%2Fcomments&post=4943"}],"version-history":[{"count":2,"href":"https:\/\/marcali.plebania.hu\/index.php?rest_route=\/wp\/v2\/posts\/4943\/revisions"}],"predecessor-version":[{"id":4988,"href":"https:\/\/marcali.plebania.hu\/index.php?rest_route=\/wp\/v2\/posts\/4943\/revisions\/4988"}],"wp:attachment":[{"href":"https:\/\/marcali.plebania.hu\/index.php?rest_route=%2Fwp%2Fv2%2Fmedia&parent=4943"}],"wp:term":[{"taxonomy":"category","embeddable":true,"href":"https:\/\/marcali.plebania.hu\/index.php?rest_route=%2Fwp%2Fv2%2Fcategories&post=4943"},{"taxonomy":"post_tag","embeddable":true,"href":"https:\/\/marcali.plebania.hu\/index.php?rest_route=%2Fwp%2Fv2%2Ftags&post=4943"}],"curies":[{"name":"wp","href":"https:\/\/api.w.org\/{rel}","templated":true}]}}