{"id":495,"date":"2018-12-17T15:51:30","date_gmt":"2018-12-17T15:51:30","guid":{"rendered":"https:\/\/marcali.plebania.hu\/?p=495"},"modified":"2018-12-17T15:51:30","modified_gmt":"2018-12-17T15:51:30","slug":"lelki-nap-zenes-ahitat-es-adventi-gyertyagyujtas","status":"publish","type":"post","link":"https:\/\/marcali.plebania.hu\/?p=495","title":{"rendered":"Lelki Nap, zen\u00e9s \u00e1h\u00edtat \u00e9s \u00e1dventi gyertyagy\u00fajt\u00e1s"},"content":{"rendered":"<p>2018. december 15-\u00e9n, szombaton eb\u00e9d ut\u00e1n tartott\u00e1k a Marcali R\u00f3mai Katolikus Egyh\u00e1zk\u00f6zs\u00e9g hagyom\u00e1nyos \u00e1dventi Lelki Napj\u00e1t.<\/p>\n<p><img loading=\"lazy\" decoding=\"async\" class=\"alignnone size-medium wp-image-496\" src=\"https:\/\/marcali.plebania.hu\/wp-content\/uploads\/2018\/12\/07-1-300x200.jpg\" alt=\"\" width=\"300\" height=\"200\" srcset=\"https:\/\/marcali.plebania.hu\/wp-content\/uploads\/2018\/12\/07-1-300x200.jpg 300w, https:\/\/marcali.plebania.hu\/wp-content\/uploads\/2018\/12\/07-1-768x512.jpg 768w, https:\/\/marcali.plebania.hu\/wp-content\/uploads\/2018\/12\/07-1-1024x683.jpg 1024w, https:\/\/marcali.plebania.hu\/wp-content\/uploads\/2018\/12\/07-1-405x270.jpg 405w\" sizes=\"auto, (max-width: 300px) 100vw, 300px\" \/><img loading=\"lazy\" decoding=\"async\" class=\"alignnone size-medium wp-image-499\" src=\"https:\/\/marcali.plebania.hu\/wp-content\/uploads\/2018\/12\/02-300x200.jpg\" alt=\"\" width=\"300\" height=\"200\" srcset=\"https:\/\/marcali.plebania.hu\/wp-content\/uploads\/2018\/12\/02-300x200.jpg 300w, https:\/\/marcali.plebania.hu\/wp-content\/uploads\/2018\/12\/02-768x512.jpg 768w, https:\/\/marcali.plebania.hu\/wp-content\/uploads\/2018\/12\/02-1024x683.jpg 1024w, https:\/\/marcali.plebania.hu\/wp-content\/uploads\/2018\/12\/02-405x270.jpg 405w\" sizes=\"auto, (max-width: 300px) 100vw, 300px\" \/><\/p>\n<p>A program 13 \u00f3rakor az X-h\u00e1zban kezd\u0151d\u00f6tt az als\u00f3 tagozatos hittanosoknak, majd 14 \u00f3r\u00e1t\u00f3l a fels\u0151s\u00f6k felk\u00e9sz\u00edt\u00e9s\u00e9vel folytat\u00f3dott Ungv\u00e1rszki Imre balatonszentgy\u00f6rgyi pl\u00e9b\u00e1nos \u00e1ltal. Ezt k\u00f6vet\u0151en a gyermekek, majd a feln\u0151ttek is elv\u00e9gezhett\u00e9k a kar\u00e1csonyi szentgy\u00f3n\u00e1sukat a pl\u00e9b\u00e1niatemplomban, mik\u00f6zben egy zalaegerszegi kegyt\u00e1rgy\u00e1rusn\u00e1l k\u00fcl\u00f6nb\u00f6z\u0151 kar\u00e1csonyi aj\u00e1nd\u00e9kokb\u00f3l is lehetett v\u00e1logatni \u00e9s v\u00e1s\u00e1rolni a b\u0151s\u00e9ges v\u00e1laszt\u00e9kb\u00f3l.<\/p>\n<p><img loading=\"lazy\" decoding=\"async\" class=\"alignnone size-medium wp-image-497\" src=\"https:\/\/marcali.plebania.hu\/wp-content\/uploads\/2018\/12\/27-300x200.jpg\" alt=\"\" width=\"300\" height=\"200\" srcset=\"https:\/\/marcali.plebania.hu\/wp-content\/uploads\/2018\/12\/27-300x200.jpg 300w, https:\/\/marcali.plebania.hu\/wp-content\/uploads\/2018\/12\/27-768x512.jpg 768w, https:\/\/marcali.plebania.hu\/wp-content\/uploads\/2018\/12\/27-1024x683.jpg 1024w, https:\/\/marcali.plebania.hu\/wp-content\/uploads\/2018\/12\/27-405x270.jpg 405w\" sizes=\"auto, (max-width: 300px) 100vw, 300px\" \/><img loading=\"lazy\" decoding=\"async\" class=\"alignnone size-medium wp-image-500\" src=\"https:\/\/marcali.plebania.hu\/wp-content\/uploads\/2018\/12\/12-300x200.jpg\" alt=\"\" width=\"300\" height=\"200\" srcset=\"https:\/\/marcali.plebania.hu\/wp-content\/uploads\/2018\/12\/12-300x200.jpg 300w, https:\/\/marcali.plebania.hu\/wp-content\/uploads\/2018\/12\/12-768x512.jpg 768w, https:\/\/marcali.plebania.hu\/wp-content\/uploads\/2018\/12\/12-1024x683.jpg 1024w, https:\/\/marcali.plebania.hu\/wp-content\/uploads\/2018\/12\/12-405x270.jpg 405w\" sizes=\"auto, (max-width: 300px) 100vw, 300px\" \/><\/p>\n<p>15 \u00f3ra 30-t\u00f3l a marcali F\u00e9ny Gyermekei Zenekar tartott zen\u00e9s \u00e1h\u00edtatot \u201eLegyen b\u00e9ke a sz\u00edvemben\u201d c\u00edmmel k\u00f6zismert \u00e9s kev\u00e9sb\u00e9 ismert git\u00e1ros \u00e9nekkel, mik\u00f6zben az \u00fcnnepre val\u00f3 r\u00e1hangol\u00f3d\u00e1s r\u00e9szek\u00e9nt k\u00fcl\u00f6nf\u00e9le elm\u00e9lked\u00e9sek is elhangzottak.<\/p>\n<p><img loading=\"lazy\" decoding=\"async\" class=\"alignnone size-medium wp-image-498\" src=\"https:\/\/marcali.plebania.hu\/wp-content\/uploads\/2018\/12\/31-300x200.jpg\" alt=\"\" width=\"300\" height=\"200\" srcset=\"https:\/\/marcali.plebania.hu\/wp-content\/uploads\/2018\/12\/31-300x200.jpg 300w, https:\/\/marcali.plebania.hu\/wp-content\/uploads\/2018\/12\/31-768x512.jpg 768w, https:\/\/marcali.plebania.hu\/wp-content\/uploads\/2018\/12\/31-1024x683.jpg 1024w, https:\/\/marcali.plebania.hu\/wp-content\/uploads\/2018\/12\/31-405x270.jpg 405w\" sizes=\"auto, (max-width: 300px) 100vw, 300px\" \/><img loading=\"lazy\" decoding=\"async\" class=\"alignnone size-medium wp-image-501\" src=\"https:\/\/marcali.plebania.hu\/wp-content\/uploads\/2018\/12\/38-300x200.jpg\" alt=\"\" width=\"300\" height=\"200\" srcset=\"https:\/\/marcali.plebania.hu\/wp-content\/uploads\/2018\/12\/38-300x200.jpg 300w, https:\/\/marcali.plebania.hu\/wp-content\/uploads\/2018\/12\/38-768x512.jpg 768w, https:\/\/marcali.plebania.hu\/wp-content\/uploads\/2018\/12\/38-1024x683.jpg 1024w, https:\/\/marcali.plebania.hu\/wp-content\/uploads\/2018\/12\/38-405x270.jpg 405w\" sizes=\"auto, (max-width: 300px) 100vw, 300px\" \/><\/p>\n<p>Ezut\u00e1n 17 \u00f3rakor \u2013 a havaz\u00e1s miatt ez\u00fattal a templomban \u2013 Kiss Iv\u00e1n c. pr\u00e9post, esperes-pl\u00e9b\u00e1nos k\u00f6sz\u00f6nt\u00f6tte a megjelenteket, majd a Miksz\u00e1th K\u00e1lm\u00e1n Utcai \u00c1ltal\u00e1nos Iskola tanul\u00f3inak verses-zen\u00e9s m\u0171sora k\u00f6vetkezett. A harmadik \u00e1dventi gyerty\u00e1t a Boldog II. J\u00e1nos P\u00e1l p\u00e1pa t\u00e9ren l\u00e9v\u0151 k\u00fclt\u00e9ri koszor\u00fan a m\u0171sorban k\u00f6zrem\u0171k\u00f6d\u0151 egyik kisl\u00e1ny gy\u00fajtotta meg Gy\u00f6rei Istv\u00e1n igazgat\u00f3 \u00e9s Iv\u00e1n atya k\u00eds\u00e9ret\u00e9ben.<\/p>\n<p><img loading=\"lazy\" decoding=\"async\" class=\"alignnone size-medium wp-image-502\" src=\"https:\/\/marcali.plebania.hu\/wp-content\/uploads\/2018\/12\/50-300x200.jpg\" alt=\"\" width=\"300\" height=\"200\" srcset=\"https:\/\/marcali.plebania.hu\/wp-content\/uploads\/2018\/12\/50-300x200.jpg 300w, https:\/\/marcali.plebania.hu\/wp-content\/uploads\/2018\/12\/50-768x512.jpg 768w, https:\/\/marcali.plebania.hu\/wp-content\/uploads\/2018\/12\/50-1024x683.jpg 1024w, https:\/\/marcali.plebania.hu\/wp-content\/uploads\/2018\/12\/50-405x270.jpg 405w\" sizes=\"auto, (max-width: 300px) 100vw, 300px\" \/><img loading=\"lazy\" decoding=\"async\" class=\"alignnone size-medium wp-image-503\" src=\"https:\/\/marcali.plebania.hu\/wp-content\/uploads\/2018\/12\/67-300x200.jpg\" alt=\"\" width=\"300\" height=\"200\" srcset=\"https:\/\/marcali.plebania.hu\/wp-content\/uploads\/2018\/12\/67-300x200.jpg 300w, https:\/\/marcali.plebania.hu\/wp-content\/uploads\/2018\/12\/67-768x512.jpg 768w, https:\/\/marcali.plebania.hu\/wp-content\/uploads\/2018\/12\/67-1024x683.jpg 1024w, https:\/\/marcali.plebania.hu\/wp-content\/uploads\/2018\/12\/67-405x270.jpg 405w\" sizes=\"auto, (max-width: 300px) 100vw, 300px\" \/><\/p>\n<p>Majd lelkigyakorlatos szentmise z\u00e1rta a tartalmas d\u00e9lut\u00e1nt, ahol Ungv\u00e1rszki Imre balatonszentgy\u00f6rgyi pl\u00e9b\u00e1nos mondott szentbesz\u00e9det, \u00e9s k\u00fcl\u00f6nb\u00f6z\u0151 t\u00f6rt\u00e9netek \u00e1ltal h\u00edvta fel a figyelmet \u00e1dvent idej\u00e9n, a szeretet fontoss\u00e1g\u00e1ra kar\u00e1csony k\u00f6zeledt\u00e9vel.<\/p>\n<p><img loading=\"lazy\" decoding=\"async\" class=\"alignnone size-medium wp-image-504\" src=\"https:\/\/marcali.plebania.hu\/wp-content\/uploads\/2018\/12\/73-300x200.jpg\" alt=\"\" width=\"300\" height=\"200\" srcset=\"https:\/\/marcali.plebania.hu\/wp-content\/uploads\/2018\/12\/73-300x200.jpg 300w, https:\/\/marcali.plebania.hu\/wp-content\/uploads\/2018\/12\/73-768x512.jpg 768w, https:\/\/marcali.plebania.hu\/wp-content\/uploads\/2018\/12\/73-1024x683.jpg 1024w, https:\/\/marcali.plebania.hu\/wp-content\/uploads\/2018\/12\/73-405x270.jpg 405w\" sizes=\"auto, (max-width: 300px) 100vw, 300px\" \/><img loading=\"lazy\" decoding=\"async\" class=\"alignnone size-medium wp-image-505\" src=\"https:\/\/marcali.plebania.hu\/wp-content\/uploads\/2018\/12\/80-300x200.jpg\" alt=\"\" width=\"300\" height=\"200\" srcset=\"https:\/\/marcali.plebania.hu\/wp-content\/uploads\/2018\/12\/80-300x200.jpg 300w, https:\/\/marcali.plebania.hu\/wp-content\/uploads\/2018\/12\/80-768x512.jpg 768w, https:\/\/marcali.plebania.hu\/wp-content\/uploads\/2018\/12\/80-1024x683.jpg 1024w, https:\/\/marcali.plebania.hu\/wp-content\/uploads\/2018\/12\/80-405x270.jpg 405w\" sizes=\"auto, (max-width: 300px) 100vw, 300px\" \/><\/p>\n<p>&nbsp;<\/p>\n","protected":false},"excerpt":{"rendered":"<p>2018. december 15-\u00e9n, szombaton eb\u00e9d ut\u00e1n tartott\u00e1k a Marcali R\u00f3mai Katolikus Egyh\u00e1zk\u00f6zs\u00e9g hagyom\u00e1nyos \u00e1dventi Lelki Napj\u00e1t. A program 13 \u00f3rakor az X-h\u00e1zban kezd\u0151d\u00f6tt az als\u00f3 tagozatos hittanosoknak, majd 14 \u00f3r\u00e1t\u00f3l a fels\u0151s\u00f6k felk\u00e9sz\u00edt\u00e9s\u00e9vel folytat\u00f3dott Ungv\u00e1rszki Imre balatonszentgy\u00f6rgyi pl\u00e9b\u00e1nos \u00e1ltal. Ezt k\u00f6vet\u0151en a gyermekek, majd a feln\u0151ttek is elv\u00e9gezhett\u00e9k a kar\u00e1csonyi szentgy\u00f3n\u00e1sukat a pl\u00e9b\u00e1niatemplomban, mik\u00f6zben egy zalaegerszegi kegyt\u00e1rgy\u00e1rusn\u00e1l k\u00fcl\u00f6nb\u00f6z\u0151 kar\u00e1csonyi aj\u00e1nd\u00e9kokb\u00f3l is lehetett v\u00e1logatni \u00e9s v\u00e1s\u00e1rolni a b\u0151s\u00e9ges v\u00e1laszt\u00e9kb\u00f3l. 15 \u00f3ra 30-t\u00f3l a marcali F\u00e9ny Gyermekei Zenekar tartott zen\u00e9s \u00e1h\u00edtatot \u201eLegyen&#8230;<\/p>\n<p class=\"read-more\"><a class=\"btn btn-default\" href=\"https:\/\/marcali.plebania.hu\/?p=495\"> Read More<span class=\"screen-reader-text\">  Read More<\/span><\/a><\/p>\n","protected":false},"author":2,"featured_media":0,"comment_status":"closed","ping_status":"open","sticky":false,"template":"","format":"standard","meta":{"footnotes":""},"categories":[1],"tags":[],"class_list":["post-495","post","type-post","status-publish","format-standard","hentry","category-egyeb"],"_links":{"self":[{"href":"https:\/\/marcali.plebania.hu\/index.php?rest_route=\/wp\/v2\/posts\/495","targetHints":{"allow":["GET"]}}],"collection":[{"href":"https:\/\/marcali.plebania.hu\/index.php?rest_route=\/wp\/v2\/posts"}],"about":[{"href":"https:\/\/marcali.plebania.hu\/index.php?rest_route=\/wp\/v2\/types\/post"}],"author":[{"embeddable":true,"href":"https:\/\/marcali.plebania.hu\/index.php?rest_route=\/wp\/v2\/users\/2"}],"replies":[{"embeddable":true,"href":"https:\/\/marcali.plebania.hu\/index.php?rest_route=%2Fwp%2Fv2%2Fcomments&post=495"}],"version-history":[{"count":1,"href":"https:\/\/marcali.plebania.hu\/index.php?rest_route=\/wp\/v2\/posts\/495\/revisions"}],"predecessor-version":[{"id":506,"href":"https:\/\/marcali.plebania.hu\/index.php?rest_route=\/wp\/v2\/posts\/495\/revisions\/506"}],"wp:attachment":[{"href":"https:\/\/marcali.plebania.hu\/index.php?rest_route=%2Fwp%2Fv2%2Fmedia&parent=495"}],"wp:term":[{"taxonomy":"category","embeddable":true,"href":"https:\/\/marcali.plebania.hu\/index.php?rest_route=%2Fwp%2Fv2%2Fcategories&post=495"},{"taxonomy":"post_tag","embeddable":true,"href":"https:\/\/marcali.plebania.hu\/index.php?rest_route=%2Fwp%2Fv2%2Ftags&post=495"}],"curies":[{"name":"wp","href":"https:\/\/api.w.org\/{rel}","templated":true}]}}