{"id":4982,"date":"2023-09-27T14:44:59","date_gmt":"2023-09-27T14:44:59","guid":{"rendered":"https:\/\/marcali.plebania.hu\/?p=4982"},"modified":"2023-09-27T14:44:59","modified_gmt":"2023-09-27T14:44:59","slug":"meghivo-termenybetakarito-halaado-szentmisere-2023","status":"publish","type":"post","link":"https:\/\/marcali.plebania.hu\/?p=4982","title":{"rendered":"Megh\u00edv\u00f3 term\u00e9nybetakar\u00edt\u00f3 h\u00e1laad\u00f3 szentmis\u00e9re 2023"},"content":{"rendered":"\n<figure class=\"wp-block-image size-large\"><img loading=\"lazy\" decoding=\"async\" width=\"1024\" height=\"768\" src=\"https:\/\/marcali.plebania.hu\/wp-content\/uploads\/2023\/09\/Megh\u00edv\u00f3-term\u00e9nybetakar\u00edt\u00e1si-h\u00e1laad\u00f3-szentmis\u00e9re-2023-1024x768.jpg\" alt=\"\" class=\"wp-image-4983\" srcset=\"https:\/\/marcali.plebania.hu\/wp-content\/uploads\/2023\/09\/Megh\u00edv\u00f3-term\u00e9nybetakar\u00edt\u00e1si-h\u00e1laad\u00f3-szentmis\u00e9re-2023-1024x768.jpg 1024w, https:\/\/marcali.plebania.hu\/wp-content\/uploads\/2023\/09\/Megh\u00edv\u00f3-term\u00e9nybetakar\u00edt\u00e1si-h\u00e1laad\u00f3-szentmis\u00e9re-2023-300x225.jpg 300w, https:\/\/marcali.plebania.hu\/wp-content\/uploads\/2023\/09\/Megh\u00edv\u00f3-term\u00e9nybetakar\u00edt\u00e1si-h\u00e1laad\u00f3-szentmis\u00e9re-2023-768x576.jpg 768w, https:\/\/marcali.plebania.hu\/wp-content\/uploads\/2023\/09\/Megh\u00edv\u00f3-term\u00e9nybetakar\u00edt\u00e1si-h\u00e1laad\u00f3-szentmis\u00e9re-2023-360x270.jpg 360w, https:\/\/marcali.plebania.hu\/wp-content\/uploads\/2023\/09\/Megh\u00edv\u00f3-term\u00e9nybetakar\u00edt\u00e1si-h\u00e1laad\u00f3-szentmis\u00e9re-2023.jpg 1200w\" sizes=\"auto, (max-width: 1024px) 100vw, 1024px\" \/><\/figure>\n","protected":false},"excerpt":{"rendered":"","protected":false},"author":2,"featured_media":0,"comment_status":"closed","ping_status":"open","sticky":false,"template":"","format":"standard","meta":{"footnotes":""},"categories":[1],"tags":[],"class_list":["post-4982","post","type-post","status-publish","format-standard","hentry","category-egyeb"],"_links":{"self":[{"href":"https:\/\/marcali.plebania.hu\/index.php?rest_route=\/wp\/v2\/posts\/4982","targetHints":{"allow":["GET"]}}],"collection":[{"href":"https:\/\/marcali.plebania.hu\/index.php?rest_route=\/wp\/v2\/posts"}],"about":[{"href":"https:\/\/marcali.plebania.hu\/index.php?rest_route=\/wp\/v2\/types\/post"}],"author":[{"embeddable":true,"href":"https:\/\/marcali.plebania.hu\/index.php?rest_route=\/wp\/v2\/users\/2"}],"replies":[{"embeddable":true,"href":"https:\/\/marcali.plebania.hu\/index.php?rest_route=%2Fwp%2Fv2%2Fcomments&post=4982"}],"version-history":[{"count":1,"href":"https:\/\/marcali.plebania.hu\/index.php?rest_route=\/wp\/v2\/posts\/4982\/revisions"}],"predecessor-version":[{"id":4984,"href":"https:\/\/marcali.plebania.hu\/index.php?rest_route=\/wp\/v2\/posts\/4982\/revisions\/4984"}],"wp:attachment":[{"href":"https:\/\/marcali.plebania.hu\/index.php?rest_route=%2Fwp%2Fv2%2Fmedia&parent=4982"}],"wp:term":[{"taxonomy":"category","embeddable":true,"href":"https:\/\/marcali.plebania.hu\/index.php?rest_route=%2Fwp%2Fv2%2Fcategories&post=4982"},{"taxonomy":"post_tag","embeddable":true,"href":"https:\/\/marcali.plebania.hu\/index.php?rest_route=%2Fwp%2Fv2%2Ftags&post=4982"}],"curies":[{"name":"wp","href":"https:\/\/api.w.org\/{rel}","templated":true}]}}