{"id":4989,"date":"2023-09-29T10:19:30","date_gmt":"2023-09-29T10:19:30","guid":{"rendered":"https:\/\/marcali.plebania.hu\/?p=4989"},"modified":"2023-09-29T10:19:30","modified_gmt":"2023-09-29T10:19:30","slug":"hirdetesek-2023-oktober-1-evkozi-26-vasarnap","status":"publish","type":"post","link":"https:\/\/marcali.plebania.hu\/?p=4989","title":{"rendered":"Hirdet\u00e9sek 2023. okt\u00f3ber 1. &#8211; \u00c9vk\u00f6zi 26. vas\u00e1rnap"},"content":{"rendered":"\n<ol class=\"wp-block-list\"><li>Szeretettel h\u00edvjuk az \u00e9rdekl\u0151d\u0151 k\u00f6z\u00e9piskol\u00e1sokat \u00e9s egyetemist\u00e1kat <strong>ifj\u00fas\u00e1gi pl\u00e9b\u00e1niai tal\u00e1lkoz\u00f3<\/strong>ra szombaton (szept. 30.) az esti szentmise ut\u00e1n, 19 \u00f3r\u00e1t\u00f3l az X-h\u00e1zba (D\u00f3zsa Gy. u. 3.).<\/li><li>Ma 11 \u00f3rakor az Orb\u00e1n k\u00e1poln\u00e1ban <strong>term\u00e9nybetakar\u00edt\u00f3 h\u00e1laad\u00f3 szentmis\u00e9<\/strong>t \u00fcnnepl\u00fcnk. K\u00e9rj\u00fck, aki tud, s\u00fctem\u00e9nnyel vagy pog\u00e1cs\u00e1val j\u00e1ruljon hozz\u00e1 a szentmise ut\u00e1ni agap\u00e9hoz.<\/li><li>A h\u00e9ten m\u00e9g v\u00e1rjuk azon <strong>feln\u0151ttek<\/strong> jelentkez\u00e9s\u00e9t, akik szeretn\u00e9nek valamelyik <strong>beavat\u00f3 szents\u00e9g<\/strong> (kereszts\u00e9g, els\u0151\u00e1ldoz\u00e1s, b\u00e9rm\u00e1l\u00e1s) felv\u00e9tel\u00e9re felk\u00e9sz\u00fclni.<\/li><li>P\u00e9nteken megl\u00e1togatjuk otthonukban azokat, akik &#8211; pl. eg\u00e9szs\u00e9gi \u00e1llapotuk miatt &#8211; nem tudnak elj\u00f6nni a templomba, hogy szents\u00e9gekhez j\u00e1ruljanak. Aki \u00e1llapota miatt <strong>otthon\u00e1ban<\/strong> szeretne <strong>szents\u00e9gekhez j\u00e1rulni<\/strong>, az iroda el\u00e9rhet\u0151s\u00e9gein jelezheti sz\u00e1nd\u00e9k\u00e1t, ha m\u00e9g nem tette meg.<\/li><li>Okt\u00f3ber h\u00f3napban <strong>r\u00f3zsaf\u00fcz\u00e9r<\/strong>t im\u00e1dkozunk 17:30-t\u00f3l h\u00e9tf\u0151t\u0151l szombatig a pl\u00e9b\u00e1niatemplomban, vas\u00e1rnap a Boldog Gizella-templomban. <\/li><li>Szombaton (okt. 7.) 17 \u00f3rakor kezd\u0151dik a pl\u00e9b\u00e1niatemplomban a <strong>R\u00f3zsaf\u00fcz\u00e9r T\u00e1rsulat ima\u00f3r\u00e1ja <\/strong>\u00e9s<strong> \u00e9ves gy\u0171l\u00e9se<\/strong>.<\/li><li>El\u0151tte 16 \u00f3rakor <strong>meg\u00e1ldjuk a<\/strong> Szigetv\u00e1ri utc\u00e1ban fel\u00faj\u00edtott <strong>Bene-eml\u00e9kkeresztet<\/strong>, melyre mindenkit szeretettel h\u00edvunk \u00e9s v\u00e1runk. <\/li><\/ol>\n","protected":false},"excerpt":{"rendered":"<p>Szeretettel h\u00edvjuk az \u00e9rdekl\u0151d\u0151 k\u00f6z\u00e9piskol\u00e1sokat \u00e9s egyetemist\u00e1kat ifj\u00fas\u00e1gi pl\u00e9b\u00e1niai tal\u00e1lkoz\u00f3ra szombaton (szept. 30.) az esti szentmise ut\u00e1n, 19 \u00f3r\u00e1t\u00f3l az X-h\u00e1zba (D\u00f3zsa Gy. u. 3.). Ma 11 \u00f3rakor az Orb\u00e1n k\u00e1poln\u00e1ban term\u00e9nybetakar\u00edt\u00f3 h\u00e1laad\u00f3 szentmis\u00e9t \u00fcnnepl\u00fcnk. K\u00e9rj\u00fck, aki tud, s\u00fctem\u00e9nnyel vagy pog\u00e1cs\u00e1val j\u00e1ruljon hozz\u00e1 a szentmise ut\u00e1ni agap\u00e9hoz. A h\u00e9ten m\u00e9g v\u00e1rjuk azon feln\u0151ttek jelentkez\u00e9s\u00e9t, akik szeretn\u00e9nek valamelyik beavat\u00f3 szents\u00e9g (kereszts\u00e9g, els\u0151\u00e1ldoz\u00e1s, b\u00e9rm\u00e1l\u00e1s) felv\u00e9tel\u00e9re felk\u00e9sz\u00fclni. P\u00e9nteken megl\u00e1togatjuk otthonukban azokat, akik &#8211; pl. eg\u00e9szs\u00e9gi \u00e1llapotuk miatt &#8211; nem tudnak elj\u00f6nni a templomba,&#8230;<\/p>\n<p class=\"read-more\"><a class=\"btn btn-default\" href=\"https:\/\/marcali.plebania.hu\/?p=4989\"> Read More<span class=\"screen-reader-text\">  Read More<\/span><\/a><\/p>\n","protected":false},"author":2,"featured_media":0,"comment_status":"closed","ping_status":"open","sticky":false,"template":"","format":"standard","meta":{"footnotes":""},"categories":[1],"tags":[],"class_list":["post-4989","post","type-post","status-publish","format-standard","hentry","category-egyeb"],"_links":{"self":[{"href":"https:\/\/marcali.plebania.hu\/index.php?rest_route=\/wp\/v2\/posts\/4989","targetHints":{"allow":["GET"]}}],"collection":[{"href":"https:\/\/marcali.plebania.hu\/index.php?rest_route=\/wp\/v2\/posts"}],"about":[{"href":"https:\/\/marcali.plebania.hu\/index.php?rest_route=\/wp\/v2\/types\/post"}],"author":[{"embeddable":true,"href":"https:\/\/marcali.plebania.hu\/index.php?rest_route=\/wp\/v2\/users\/2"}],"replies":[{"embeddable":true,"href":"https:\/\/marcali.plebania.hu\/index.php?rest_route=%2Fwp%2Fv2%2Fcomments&post=4989"}],"version-history":[{"count":1,"href":"https:\/\/marcali.plebania.hu\/index.php?rest_route=\/wp\/v2\/posts\/4989\/revisions"}],"predecessor-version":[{"id":4990,"href":"https:\/\/marcali.plebania.hu\/index.php?rest_route=\/wp\/v2\/posts\/4989\/revisions\/4990"}],"wp:attachment":[{"href":"https:\/\/marcali.plebania.hu\/index.php?rest_route=%2Fwp%2Fv2%2Fmedia&parent=4989"}],"wp:term":[{"taxonomy":"category","embeddable":true,"href":"https:\/\/marcali.plebania.hu\/index.php?rest_route=%2Fwp%2Fv2%2Fcategories&post=4989"},{"taxonomy":"post_tag","embeddable":true,"href":"https:\/\/marcali.plebania.hu\/index.php?rest_route=%2Fwp%2Fv2%2Ftags&post=4989"}],"curies":[{"name":"wp","href":"https:\/\/api.w.org\/{rel}","templated":true}]}}