{"id":4992,"date":"2023-10-05T15:17:51","date_gmt":"2023-10-05T15:17:51","guid":{"rendered":"https:\/\/marcali.plebania.hu\/?p=4992"},"modified":"2023-10-05T15:17:51","modified_gmt":"2023-10-05T15:17:51","slug":"halaadas-az-orban-kapolnaban-az-idei-termesert","status":"publish","type":"post","link":"https:\/\/marcali.plebania.hu\/?p=4992","title":{"rendered":"H\u00e1laad\u00e1s az Orb\u00e1n k\u00e1poln\u00e1ban az idei term\u00e9s\u00e9rt"},"content":{"rendered":"\n<p> 2023. okt\u00f3ber 1-\u00e9n, vas\u00e1rnap 11 \u00f3rakor az Orb\u00e1n k\u00e1poln\u00e1ban tartott\u00e1k a term\u00e9nybetakar\u00edt\u00f3 h\u00e1laad\u00f3 \u00fcnnepi szentmis\u00e9t.<\/p>\n\n\n\n<figure class=\"wp-block-gallery columns-3 is-cropped wp-block-gallery-1 is-layout-flex wp-block-gallery-is-layout-flex\"><ul class=\"blocks-gallery-grid\"><li class=\"blocks-gallery-item\"><figure><img loading=\"lazy\" decoding=\"async\" width=\"1024\" height=\"683\" src=\"https:\/\/marcali.plebania.hu\/wp-content\/uploads\/2023\/10\/01-1024x683.jpg\" alt=\"\" data-id=\"4993\" data-link=\"https:\/\/marcali.plebania.hu\/?attachment_id=4993\" class=\"wp-image-4993\" srcset=\"https:\/\/marcali.plebania.hu\/wp-content\/uploads\/2023\/10\/01-1024x683.jpg 1024w, https:\/\/marcali.plebania.hu\/wp-content\/uploads\/2023\/10\/01-300x200.jpg 300w, https:\/\/marcali.plebania.hu\/wp-content\/uploads\/2023\/10\/01-768x512.jpg 768w, https:\/\/marcali.plebania.hu\/wp-content\/uploads\/2023\/10\/01-1536x1024.jpg 1536w, https:\/\/marcali.plebania.hu\/wp-content\/uploads\/2023\/10\/01-2048x1365.jpg 2048w, https:\/\/marcali.plebania.hu\/wp-content\/uploads\/2023\/10\/01-405x270.jpg 405w\" sizes=\"auto, (max-width: 1024px) 100vw, 1024px\" \/><\/figure><\/li><li class=\"blocks-gallery-item\"><figure><img loading=\"lazy\" decoding=\"async\" width=\"1024\" height=\"683\" src=\"https:\/\/marcali.plebania.hu\/wp-content\/uploads\/2023\/10\/02-1024x683.jpg\" alt=\"\" data-id=\"4994\" data-link=\"https:\/\/marcali.plebania.hu\/?attachment_id=4994\" class=\"wp-image-4994\" srcset=\"https:\/\/marcali.plebania.hu\/wp-content\/uploads\/2023\/10\/02-1024x683.jpg 1024w, https:\/\/marcali.plebania.hu\/wp-content\/uploads\/2023\/10\/02-300x200.jpg 300w, https:\/\/marcali.plebania.hu\/wp-content\/uploads\/2023\/10\/02-768x512.jpg 768w, https:\/\/marcali.plebania.hu\/wp-content\/uploads\/2023\/10\/02-1536x1024.jpg 1536w, https:\/\/marcali.plebania.hu\/wp-content\/uploads\/2023\/10\/02-2048x1365.jpg 2048w, https:\/\/marcali.plebania.hu\/wp-content\/uploads\/2023\/10\/02-405x270.jpg 405w\" sizes=\"auto, (max-width: 1024px) 100vw, 1024px\" \/><\/figure><\/li><li class=\"blocks-gallery-item\"><figure><img loading=\"lazy\" decoding=\"async\" width=\"1024\" height=\"683\" src=\"https:\/\/marcali.plebania.hu\/wp-content\/uploads\/2023\/10\/04-1024x683.jpg\" alt=\"\" data-id=\"4996\" data-link=\"https:\/\/marcali.plebania.hu\/?attachment_id=4996\" class=\"wp-image-4996\" srcset=\"https:\/\/marcali.plebania.hu\/wp-content\/uploads\/2023\/10\/04-1024x683.jpg 1024w, https:\/\/marcali.plebania.hu\/wp-content\/uploads\/2023\/10\/04-300x200.jpg 300w, https:\/\/marcali.plebania.hu\/wp-content\/uploads\/2023\/10\/04-768x512.jpg 768w, https:\/\/marcali.plebania.hu\/wp-content\/uploads\/2023\/10\/04-1536x1024.jpg 1536w, https:\/\/marcali.plebania.hu\/wp-content\/uploads\/2023\/10\/04-2048x1365.jpg 2048w, https:\/\/marcali.plebania.hu\/wp-content\/uploads\/2023\/10\/04-405x270.jpg 405w\" sizes=\"auto, (max-width: 1024px) 100vw, 1024px\" \/><\/figure><\/li><li class=\"blocks-gallery-item\"><figure><img loading=\"lazy\" decoding=\"async\" width=\"1024\" height=\"683\" src=\"https:\/\/marcali.plebania.hu\/wp-content\/uploads\/2023\/10\/14-1024x683.jpg\" alt=\"\" data-id=\"4997\" data-full-url=\"https:\/\/marcali.plebania.hu\/wp-content\/uploads\/2023\/10\/14-scaled.jpg\" data-link=\"https:\/\/marcali.plebania.hu\/?attachment_id=4997\" class=\"wp-image-4997\" srcset=\"https:\/\/marcali.plebania.hu\/wp-content\/uploads\/2023\/10\/14-1024x683.jpg 1024w, https:\/\/marcali.plebania.hu\/wp-content\/uploads\/2023\/10\/14-300x200.jpg 300w, https:\/\/marcali.plebania.hu\/wp-content\/uploads\/2023\/10\/14-768x512.jpg 768w, https:\/\/marcali.plebania.hu\/wp-content\/uploads\/2023\/10\/14-1536x1024.jpg 1536w, https:\/\/marcali.plebania.hu\/wp-content\/uploads\/2023\/10\/14-2048x1365.jpg 2048w, https:\/\/marcali.plebania.hu\/wp-content\/uploads\/2023\/10\/14-405x270.jpg 405w\" sizes=\"auto, (max-width: 1024px) 100vw, 1024px\" \/><\/figure><\/li><\/ul><\/figure>\n\n\n\n<p>A R\u00f3mai Katolikus Egyh\u00e1zk\u00f6zs\u00e9g akt\u00edvabb tagjai a k\u00e1polna bej\u00e1rata el\u00e9 f\u00e9lk\u00f6r\u00edvben \u2013 a r\u00e9gi hagyom\u00e1nyok folytat\u00e1sak\u00e9nt \u2013 sz\u0151l\u0151lugast k\u00e9sz\u00edtettek a m\u00e9g fellelhet\u0151 z\u00f6lds\u00e9gekkel \u00e9s gy\u00fcm\u00f6lcs\u00f6kkel kieg\u00e9sz\u00edtve. A templom belsej\u00e9t szint\u00e9n \u00edzl\u00e9sesen, de egyszer\u0171en d\u00edsz\u00edtettek ki az idei \u00e9vben megtermelt term\u00e9nyekkel, melyeket sajnos a j\u00e9gver\u00e9s is s\u00fajtott. A szentmise keret\u00e9ben Tomanek Ferenc \u00c1ron pl\u00e9b\u00e1nos meg\u00e1ldotta a z\u00f6lds\u00e9g- \u00e9s gy\u00fcm\u00f6lcskosarakat, valamint h\u00e1l\u00e1t adott a jelenl\u00e9v\u0151 h\u00edvekkel egy\u00fctt Istennek az idei term\u00e9s\u00e9rt, valamint im\u00e1dkoztak a hegyi-, \u00e9s sz\u0151l\u0151s-gazd\u00e1k\u00e9rt is. A k\u00e1ntori feladatokat ez\u00fattal S\u00e1voly Andrea l\u00e1tta el, aki \u00e9nekekkel j\u00e1rult hozz\u00e1 a liturgi\u00e1hoz.<\/p>\n\n\n\n<figure class=\"wp-block-gallery columns-3 is-cropped wp-block-gallery-2 is-layout-flex wp-block-gallery-is-layout-flex\"><ul class=\"blocks-gallery-grid\"><li class=\"blocks-gallery-item\"><figure><img loading=\"lazy\" decoding=\"async\" width=\"1024\" height=\"683\" src=\"https:\/\/marcali.plebania.hu\/wp-content\/uploads\/2023\/10\/08-1024x683.jpg\" alt=\"\" data-id=\"4999\" data-full-url=\"https:\/\/marcali.plebania.hu\/wp-content\/uploads\/2023\/10\/08-scaled.jpg\" data-link=\"https:\/\/marcali.plebania.hu\/?attachment_id=4999\" class=\"wp-image-4999\" srcset=\"https:\/\/marcali.plebania.hu\/wp-content\/uploads\/2023\/10\/08-1024x683.jpg 1024w, https:\/\/marcali.plebania.hu\/wp-content\/uploads\/2023\/10\/08-300x200.jpg 300w, https:\/\/marcali.plebania.hu\/wp-content\/uploads\/2023\/10\/08-768x512.jpg 768w, https:\/\/marcali.plebania.hu\/wp-content\/uploads\/2023\/10\/08-1536x1024.jpg 1536w, https:\/\/marcali.plebania.hu\/wp-content\/uploads\/2023\/10\/08-2048x1365.jpg 2048w, https:\/\/marcali.plebania.hu\/wp-content\/uploads\/2023\/10\/08-405x270.jpg 405w\" sizes=\"auto, (max-width: 1024px) 100vw, 1024px\" \/><\/figure><\/li><li class=\"blocks-gallery-item\"><figure><img loading=\"lazy\" decoding=\"async\" width=\"1024\" height=\"683\" src=\"https:\/\/marcali.plebania.hu\/wp-content\/uploads\/2023\/10\/09-1024x683.jpg\" alt=\"\" data-id=\"5000\" data-full-url=\"https:\/\/marcali.plebania.hu\/wp-content\/uploads\/2023\/10\/09-scaled.jpg\" data-link=\"https:\/\/marcali.plebania.hu\/?attachment_id=5000\" class=\"wp-image-5000\" srcset=\"https:\/\/marcali.plebania.hu\/wp-content\/uploads\/2023\/10\/09-1024x683.jpg 1024w, https:\/\/marcali.plebania.hu\/wp-content\/uploads\/2023\/10\/09-300x200.jpg 300w, https:\/\/marcali.plebania.hu\/wp-content\/uploads\/2023\/10\/09-768x512.jpg 768w, https:\/\/marcali.plebania.hu\/wp-content\/uploads\/2023\/10\/09-1536x1024.jpg 1536w, https:\/\/marcali.plebania.hu\/wp-content\/uploads\/2023\/10\/09-2048x1365.jpg 2048w, https:\/\/marcali.plebania.hu\/wp-content\/uploads\/2023\/10\/09-405x270.jpg 405w\" sizes=\"auto, (max-width: 1024px) 100vw, 1024px\" \/><\/figure><\/li><li class=\"blocks-gallery-item\"><figure><img loading=\"lazy\" decoding=\"async\" width=\"1024\" height=\"683\" src=\"https:\/\/marcali.plebania.hu\/wp-content\/uploads\/2023\/10\/10-1024x683.jpg\" alt=\"\" data-id=\"5001\" data-full-url=\"https:\/\/marcali.plebania.hu\/wp-content\/uploads\/2023\/10\/10-scaled.jpg\" data-link=\"https:\/\/marcali.plebania.hu\/?attachment_id=5001\" class=\"wp-image-5001\" srcset=\"https:\/\/marcali.plebania.hu\/wp-content\/uploads\/2023\/10\/10-1024x683.jpg 1024w, https:\/\/marcali.plebania.hu\/wp-content\/uploads\/2023\/10\/10-300x200.jpg 300w, https:\/\/marcali.plebania.hu\/wp-content\/uploads\/2023\/10\/10-768x512.jpg 768w, https:\/\/marcali.plebania.hu\/wp-content\/uploads\/2023\/10\/10-1536x1024.jpg 1536w, https:\/\/marcali.plebania.hu\/wp-content\/uploads\/2023\/10\/10-2048x1365.jpg 2048w, https:\/\/marcali.plebania.hu\/wp-content\/uploads\/2023\/10\/10-405x270.jpg 405w\" sizes=\"auto, (max-width: 1024px) 100vw, 1024px\" \/><\/figure><\/li><li class=\"blocks-gallery-item\"><figure><img loading=\"lazy\" decoding=\"async\" width=\"1024\" height=\"683\" src=\"https:\/\/marcali.plebania.hu\/wp-content\/uploads\/2023\/10\/07-1024x683.jpg\" alt=\"\" data-id=\"4998\" data-full-url=\"https:\/\/marcali.plebania.hu\/wp-content\/uploads\/2023\/10\/07-scaled.jpg\" data-link=\"https:\/\/marcali.plebania.hu\/?attachment_id=4998\" class=\"wp-image-4998\" srcset=\"https:\/\/marcali.plebania.hu\/wp-content\/uploads\/2023\/10\/07-1024x683.jpg 1024w, https:\/\/marcali.plebania.hu\/wp-content\/uploads\/2023\/10\/07-300x200.jpg 300w, https:\/\/marcali.plebania.hu\/wp-content\/uploads\/2023\/10\/07-768x512.jpg 768w, https:\/\/marcali.plebania.hu\/wp-content\/uploads\/2023\/10\/07-1536x1024.jpg 1536w, https:\/\/marcali.plebania.hu\/wp-content\/uploads\/2023\/10\/07-2048x1365.jpg 2048w, https:\/\/marcali.plebania.hu\/wp-content\/uploads\/2023\/10\/07-405x270.jpg 405w\" sizes=\"auto, (max-width: 1024px) 100vw, 1024px\" \/><\/figure><\/li><\/ul><\/figure>\n\n\n\n<p>Az \u00fcnnepi istentisztelet ut\u00e1n \u2013 a sz\u00e9p naps\u00fct\u00e9ses id\u0151ben \u2013 a k\u00e1polna el\u0151tt, Gelencs\u00e9r R\u00f3bert vil\u00e1gi eln\u00f6k \u00e9s feles\u00e9ge, valamint T\u00f3th P\u00e9ter s\u00f3s- \u00e9s \u00e9des-s\u00fctem\u00e9nyekkel, friss\u00edt\u0151kkel \u00e9s borral is k\u00edn\u00e1lt\u00e1k a jelenl\u00e9v\u0151ket, melyeket a vend\u00e9gl\u00e1t\u00f3k, a h\u00edvek, illetve a Marcali Sz\u00e9passzonyok \u00e9s a Fi\u00fak Hagyom\u00e1ny\u0151rz\u0151 Egyes\u00fclet (MASZ\u00c9P) tagjai k\u00e9sz\u00edtettek. Ferenc atya a szeretetvend\u00e9gs\u00e9g \u00e9teleit \u00e9s italait ezt megel\u0151z\u0151en szint\u00e9n \u00e1ld\u00e1sban r\u00e9szes\u00edtette. Az \u00fcnneps\u00e9g vid\u00e1m hangulat\u00fa besz\u00e9lget\u00e9ssel z\u00e1rult.<\/p>\n\n\n\n<figure class=\"wp-block-gallery columns-3 is-cropped wp-block-gallery-3 is-layout-flex wp-block-gallery-is-layout-flex\"><ul class=\"blocks-gallery-grid\"><li class=\"blocks-gallery-item\"><figure><img loading=\"lazy\" decoding=\"async\" width=\"1024\" height=\"683\" src=\"https:\/\/marcali.plebania.hu\/wp-content\/uploads\/2023\/10\/18-1024x683.jpg\" alt=\"\" data-id=\"5002\" data-link=\"https:\/\/marcali.plebania.hu\/?attachment_id=5002\" class=\"wp-image-5002\" srcset=\"https:\/\/marcali.plebania.hu\/wp-content\/uploads\/2023\/10\/18-1024x683.jpg 1024w, https:\/\/marcali.plebania.hu\/wp-content\/uploads\/2023\/10\/18-300x200.jpg 300w, https:\/\/marcali.plebania.hu\/wp-content\/uploads\/2023\/10\/18-768x512.jpg 768w, https:\/\/marcali.plebania.hu\/wp-content\/uploads\/2023\/10\/18-1536x1024.jpg 1536w, https:\/\/marcali.plebania.hu\/wp-content\/uploads\/2023\/10\/18-2048x1365.jpg 2048w, https:\/\/marcali.plebania.hu\/wp-content\/uploads\/2023\/10\/18-405x270.jpg 405w\" sizes=\"auto, (max-width: 1024px) 100vw, 1024px\" \/><\/figure><\/li><li class=\"blocks-gallery-item\"><figure><img loading=\"lazy\" decoding=\"async\" width=\"1024\" height=\"683\" src=\"https:\/\/marcali.plebania.hu\/wp-content\/uploads\/2023\/10\/19-1024x683.jpg\" alt=\"\" data-id=\"5003\" data-link=\"https:\/\/marcali.plebania.hu\/?attachment_id=5003\" class=\"wp-image-5003\" srcset=\"https:\/\/marcali.plebania.hu\/wp-content\/uploads\/2023\/10\/19-1024x683.jpg 1024w, https:\/\/marcali.plebania.hu\/wp-content\/uploads\/2023\/10\/19-300x200.jpg 300w, https:\/\/marcali.plebania.hu\/wp-content\/uploads\/2023\/10\/19-768x512.jpg 768w, https:\/\/marcali.plebania.hu\/wp-content\/uploads\/2023\/10\/19-1536x1024.jpg 1536w, https:\/\/marcali.plebania.hu\/wp-content\/uploads\/2023\/10\/19-2048x1365.jpg 2048w, https:\/\/marcali.plebania.hu\/wp-content\/uploads\/2023\/10\/19-405x270.jpg 405w\" sizes=\"auto, (max-width: 1024px) 100vw, 1024px\" \/><\/figure><\/li><li class=\"blocks-gallery-item\"><figure><img loading=\"lazy\" decoding=\"async\" width=\"1024\" height=\"683\" src=\"https:\/\/marcali.plebania.hu\/wp-content\/uploads\/2023\/10\/27-1024x683.jpg\" alt=\"\" data-id=\"5004\" data-link=\"https:\/\/marcali.plebania.hu\/?attachment_id=5004\" class=\"wp-image-5004\" srcset=\"https:\/\/marcali.plebania.hu\/wp-content\/uploads\/2023\/10\/27-1024x683.jpg 1024w, https:\/\/marcali.plebania.hu\/wp-content\/uploads\/2023\/10\/27-300x200.jpg 300w, https:\/\/marcali.plebania.hu\/wp-content\/uploads\/2023\/10\/27-768x512.jpg 768w, https:\/\/marcali.plebania.hu\/wp-content\/uploads\/2023\/10\/27-1536x1024.jpg 1536w, https:\/\/marcali.plebania.hu\/wp-content\/uploads\/2023\/10\/27-2048x1365.jpg 2048w, https:\/\/marcali.plebania.hu\/wp-content\/uploads\/2023\/10\/27-405x270.jpg 405w\" sizes=\"auto, (max-width: 1024px) 100vw, 1024px\" \/><\/figure><\/li><li class=\"blocks-gallery-item\"><figure><img loading=\"lazy\" decoding=\"async\" width=\"1024\" height=\"683\" src=\"https:\/\/marcali.plebania.hu\/wp-content\/uploads\/2023\/10\/23-1024x683.jpg\" alt=\"\" data-id=\"5005\" data-full-url=\"https:\/\/marcali.plebania.hu\/wp-content\/uploads\/2023\/10\/23-scaled.jpg\" data-link=\"https:\/\/marcali.plebania.hu\/?attachment_id=5005\" class=\"wp-image-5005\" srcset=\"https:\/\/marcali.plebania.hu\/wp-content\/uploads\/2023\/10\/23-1024x683.jpg 1024w, https:\/\/marcali.plebania.hu\/wp-content\/uploads\/2023\/10\/23-300x200.jpg 300w, https:\/\/marcali.plebania.hu\/wp-content\/uploads\/2023\/10\/23-768x512.jpg 768w, https:\/\/marcali.plebania.hu\/wp-content\/uploads\/2023\/10\/23-1536x1024.jpg 1536w, https:\/\/marcali.plebania.hu\/wp-content\/uploads\/2023\/10\/23-2048x1365.jpg 2048w, https:\/\/marcali.plebania.hu\/wp-content\/uploads\/2023\/10\/23-405x270.jpg 405w\" sizes=\"auto, (max-width: 1024px) 100vw, 1024px\" \/><\/figure><\/li><\/ul><\/figure>\n\n\n\n<p>A term\u00e9nybetakar\u00edt\u00f3n jelen volt: Miszi Zsuzsanna, \u00e9s Moln\u00e1r \u00c1gnes Anna \u00f6nkorm\u00e1nyzati k\u00e9pvisel\u0151k; a civil szervezetek r\u00e9sz\u00e9r\u0151l pedig: Szaka Zsolt, a Marcali \u00e9s K\u00f6rny\u00e9ke Hagyom\u00e1ny\u0151rz\u0151 Ipartest\u00fclet; Pomozi Istv\u00e1nn\u00e9, a MASZ\u00c9P; Kiss K\u00e1lm\u00e1n, a Kereszt\u00e9ny \u00c9rtelmis\u00e9giek Sz\u00f6vets\u00e9ge (K\u00c9SZ) Marcali Csoportj\u00e1nak eln\u00f6ke; tov\u00e1bb\u00e1 a r\u00e9sztvev\u0151 k\u00f6z\u00f6ss\u00e9gek tagjai.<\/p>\n\n\n\n<p><\/p>\n","protected":false},"excerpt":{"rendered":"<p>2023. okt\u00f3ber 1-\u00e9n, vas\u00e1rnap 11 \u00f3rakor az Orb\u00e1n k\u00e1poln\u00e1ban tartott\u00e1k a term\u00e9nybetakar\u00edt\u00f3 h\u00e1laad\u00f3 \u00fcnnepi szentmis\u00e9t. A R\u00f3mai Katolikus Egyh\u00e1zk\u00f6zs\u00e9g akt\u00edvabb tagjai a k\u00e1polna bej\u00e1rata el\u00e9 f\u00e9lk\u00f6r\u00edvben \u2013 a r\u00e9gi hagyom\u00e1nyok folytat\u00e1sak\u00e9nt \u2013 sz\u0151l\u0151lugast k\u00e9sz\u00edtettek a m\u00e9g fellelhet\u0151 z\u00f6lds\u00e9gekkel \u00e9s gy\u00fcm\u00f6lcs\u00f6kkel kieg\u00e9sz\u00edtve. A templom belsej\u00e9t szint\u00e9n \u00edzl\u00e9sesen, de egyszer\u0171en d\u00edsz\u00edtettek ki az idei \u00e9vben megtermelt term\u00e9nyekkel, melyeket sajnos a j\u00e9gver\u00e9s is s\u00fajtott. A szentmise keret\u00e9ben Tomanek Ferenc \u00c1ron pl\u00e9b\u00e1nos meg\u00e1ldotta a z\u00f6lds\u00e9g- \u00e9s gy\u00fcm\u00f6lcskosarakat, valamint h\u00e1l\u00e1t adott a jelenl\u00e9v\u0151 h\u00edvekkel egy\u00fctt&#8230;<\/p>\n<p class=\"read-more\"><a class=\"btn btn-default\" href=\"https:\/\/marcali.plebania.hu\/?p=4992\"> Read More<span class=\"screen-reader-text\">  Read More<\/span><\/a><\/p>\n","protected":false},"author":2,"featured_media":0,"comment_status":"closed","ping_status":"open","sticky":false,"template":"","format":"standard","meta":{"footnotes":""},"categories":[1],"tags":[],"class_list":["post-4992","post","type-post","status-publish","format-standard","hentry","category-egyeb"],"_links":{"self":[{"href":"https:\/\/marcali.plebania.hu\/index.php?rest_route=\/wp\/v2\/posts\/4992","targetHints":{"allow":["GET"]}}],"collection":[{"href":"https:\/\/marcali.plebania.hu\/index.php?rest_route=\/wp\/v2\/posts"}],"about":[{"href":"https:\/\/marcali.plebania.hu\/index.php?rest_route=\/wp\/v2\/types\/post"}],"author":[{"embeddable":true,"href":"https:\/\/marcali.plebania.hu\/index.php?rest_route=\/wp\/v2\/users\/2"}],"replies":[{"embeddable":true,"href":"https:\/\/marcali.plebania.hu\/index.php?rest_route=%2Fwp%2Fv2%2Fcomments&post=4992"}],"version-history":[{"count":1,"href":"https:\/\/marcali.plebania.hu\/index.php?rest_route=\/wp\/v2\/posts\/4992\/revisions"}],"predecessor-version":[{"id":5006,"href":"https:\/\/marcali.plebania.hu\/index.php?rest_route=\/wp\/v2\/posts\/4992\/revisions\/5006"}],"wp:attachment":[{"href":"https:\/\/marcali.plebania.hu\/index.php?rest_route=%2Fwp%2Fv2%2Fmedia&parent=4992"}],"wp:term":[{"taxonomy":"category","embeddable":true,"href":"https:\/\/marcali.plebania.hu\/index.php?rest_route=%2Fwp%2Fv2%2Fcategories&post=4992"},{"taxonomy":"post_tag","embeddable":true,"href":"https:\/\/marcali.plebania.hu\/index.php?rest_route=%2Fwp%2Fv2%2Ftags&post=4992"}],"curies":[{"name":"wp","href":"https:\/\/api.w.org\/{rel}","templated":true}]}}