{"id":5007,"date":"2023-10-06T10:40:06","date_gmt":"2023-10-06T10:40:06","guid":{"rendered":"https:\/\/marcali.plebania.hu\/?p=5007"},"modified":"2023-10-06T10:40:06","modified_gmt":"2023-10-06T10:40:06","slug":"hirdetesek-2023-oktober-8-magyarok-nagyasszonya-founnep","status":"publish","type":"post","link":"https:\/\/marcali.plebania.hu\/?p=5007","title":{"rendered":"Hirdet\u00e9sek 2023. okt\u00f3ber 8.  Magyarok Nagyasszonya (f\u0151\u00fcnnep)"},"content":{"rendered":"\n<ol class=\"wp-block-list\"><li>K\u00f6sz\u00f6nj\u00fck mindazok munk\u00e1j\u00e1t \u00e9s felaj\u00e1nl\u00e1s\u00e1t, akik a m\u00falt vas\u00e1rnapi term\u00e9nybetakar\u00edt\u00f3 h\u00e1laad\u00f3 szentmis\u00e9hez \u00e9s az agap\u00e9hoz hozz\u00e1j\u00e1rultak.<\/li><li>Szombaton (okt. 7.) 17 \u00f3rakor kezd\u0151dik a pl\u00e9b\u00e1niatemplomban a <strong>R\u00f3zsaf\u00fcz\u00e9r T\u00e1rsulat ima\u00f3r\u00e1ja <\/strong>\u00e9s<strong> \u00e9ves gy\u0171l\u00e9se<\/strong>.<\/li><li>El\u0151tte 16 \u00f3rakor <strong>meg\u00e1ldjuk a<\/strong> Szigetv\u00e1ri utc\u00e1ban fel\u00faj\u00edtott <strong>Bene-eml\u00e9kkeresztet<\/strong>, melyre mindenkit szeretettel h\u00edvunk \u00e9s v\u00e1runk. <\/li><li>Szeretettel h\u00edvjuk az \u00e9rdekl\u0151d\u0151 k\u00f6z\u00e9piskol\u00e1sokat \u00e9s fiatal feln\u0151tteket <strong>ifj\u00fas\u00e1gi pl\u00e9b\u00e1niai tal\u00e1lkoz\u00f3<\/strong>ra szombaton (okt. 7.) az esti szentmise ut\u00e1n, 19 \u00f3r\u00e1t\u00f3l az X-h\u00e1zba (D\u00f3zsa Gy. u. 3.).<\/li><li>Okt\u00f3ber h\u00f3napban <strong>r\u00f3zsaf\u00fcz\u00e9r<\/strong>t im\u00e1dkozunk 17:30-t\u00f3l h\u00e9tf\u0151t\u0151l szombatig a pl\u00e9b\u00e1niatemplomban, vas\u00e1rnap a Boldog Gizella-templomban. <\/li><li>Szerd\u00e1n 16.15 \u00f3rakor a K\u00c9SZ szervez\u00e9s\u00e9ben Kov\u00e1cs Ilona: V\u00f6r\u00f6s J\u00f3zsef c\u00edmzetes esperes \u00e9s helyt\u00f6rt\u00e9n\u00e9sz \u00e9let\u00fatja c\u00edm\u0171 <strong>k\u00f6nyv<\/strong>\u00e9nek <strong>bemutat\u00f3<\/strong>ja lesz az X-h\u00e1zban, melyre mindenkit szeretettel h\u00edvunk \u00e9s v\u00e1runk. <\/li><li>P\u00e9nteken 17 \u00f3rakor kezd\u0151dik a <strong>fatimai ima\u00f3ra<\/strong> a templomban.<\/li><\/ol>\n","protected":false},"excerpt":{"rendered":"<p>K\u00f6sz\u00f6nj\u00fck mindazok munk\u00e1j\u00e1t \u00e9s felaj\u00e1nl\u00e1s\u00e1t, akik a m\u00falt vas\u00e1rnapi term\u00e9nybetakar\u00edt\u00f3 h\u00e1laad\u00f3 szentmis\u00e9hez \u00e9s az agap\u00e9hoz hozz\u00e1j\u00e1rultak. Szombaton (okt. 7.) 17 \u00f3rakor kezd\u0151dik a pl\u00e9b\u00e1niatemplomban a R\u00f3zsaf\u00fcz\u00e9r T\u00e1rsulat ima\u00f3r\u00e1ja \u00e9s \u00e9ves gy\u0171l\u00e9se. El\u0151tte 16 \u00f3rakor meg\u00e1ldjuk a Szigetv\u00e1ri utc\u00e1ban fel\u00faj\u00edtott Bene-eml\u00e9kkeresztet, melyre mindenkit szeretettel h\u00edvunk \u00e9s v\u00e1runk. Szeretettel h\u00edvjuk az \u00e9rdekl\u0151d\u0151 k\u00f6z\u00e9piskol\u00e1sokat \u00e9s fiatal feln\u0151tteket ifj\u00fas\u00e1gi pl\u00e9b\u00e1niai tal\u00e1lkoz\u00f3ra szombaton (okt. 7.) az esti szentmise ut\u00e1n, 19 \u00f3r\u00e1t\u00f3l az X-h\u00e1zba (D\u00f3zsa Gy. u. 3.). Okt\u00f3ber h\u00f3napban r\u00f3zsaf\u00fcz\u00e9rt im\u00e1dkozunk 17:30-t\u00f3l h\u00e9tf\u0151t\u0151l szombatig a&#8230;<\/p>\n<p class=\"read-more\"><a class=\"btn btn-default\" href=\"https:\/\/marcali.plebania.hu\/?p=5007\"> Read More<span class=\"screen-reader-text\">  Read More<\/span><\/a><\/p>\n","protected":false},"author":2,"featured_media":0,"comment_status":"closed","ping_status":"open","sticky":false,"template":"","format":"standard","meta":{"footnotes":""},"categories":[1],"tags":[],"class_list":["post-5007","post","type-post","status-publish","format-standard","hentry","category-egyeb"],"_links":{"self":[{"href":"https:\/\/marcali.plebania.hu\/index.php?rest_route=\/wp\/v2\/posts\/5007","targetHints":{"allow":["GET"]}}],"collection":[{"href":"https:\/\/marcali.plebania.hu\/index.php?rest_route=\/wp\/v2\/posts"}],"about":[{"href":"https:\/\/marcali.plebania.hu\/index.php?rest_route=\/wp\/v2\/types\/post"}],"author":[{"embeddable":true,"href":"https:\/\/marcali.plebania.hu\/index.php?rest_route=\/wp\/v2\/users\/2"}],"replies":[{"embeddable":true,"href":"https:\/\/marcali.plebania.hu\/index.php?rest_route=%2Fwp%2Fv2%2Fcomments&post=5007"}],"version-history":[{"count":1,"href":"https:\/\/marcali.plebania.hu\/index.php?rest_route=\/wp\/v2\/posts\/5007\/revisions"}],"predecessor-version":[{"id":5008,"href":"https:\/\/marcali.plebania.hu\/index.php?rest_route=\/wp\/v2\/posts\/5007\/revisions\/5008"}],"wp:attachment":[{"href":"https:\/\/marcali.plebania.hu\/index.php?rest_route=%2Fwp%2Fv2%2Fmedia&parent=5007"}],"wp:term":[{"taxonomy":"category","embeddable":true,"href":"https:\/\/marcali.plebania.hu\/index.php?rest_route=%2Fwp%2Fv2%2Fcategories&post=5007"},{"taxonomy":"post_tag","embeddable":true,"href":"https:\/\/marcali.plebania.hu\/index.php?rest_route=%2Fwp%2Fv2%2Ftags&post=5007"}],"curies":[{"name":"wp","href":"https:\/\/api.w.org\/{rel}","templated":true}]}}