{"id":5010,"date":"2023-10-10T14:31:04","date_gmt":"2023-10-10T14:31:04","guid":{"rendered":"https:\/\/marcali.plebania.hu\/?p=5010"},"modified":"2023-10-10T14:31:04","modified_gmt":"2023-10-10T14:31:04","slug":"megaldottak-a-felujitott-bene-keresztet","status":"publish","type":"post","link":"https:\/\/marcali.plebania.hu\/?p=5010","title":{"rendered":"Meg\u00e1ldott\u00e1k a fel\u00faj\u00edtott Bene-keresztet"},"content":{"rendered":"\n<p> 2023. okt\u00f3ber 7-\u00e9n (szombaton) 16 \u00f3rakor kezd\u0151d\u00f6tt a Szigetv\u00e1ri u. 66. sz\u00e1m\u00fa h\u00e1z el\u0151tt, k\u00f6zter\u00fcleten l\u00e9v\u0151 Bene-kereszt meg\u00e1ld\u00e1si \u00fcnneps\u00e9ge.<\/p>\n\n\n\n<figure class=\"wp-block-gallery columns-3 is-cropped wp-block-gallery-1 is-layout-flex wp-block-gallery-is-layout-flex\"><ul class=\"blocks-gallery-grid\"><li class=\"blocks-gallery-item\"><figure><img loading=\"lazy\" decoding=\"async\" width=\"1024\" height=\"683\" src=\"https:\/\/marcali.plebania.hu\/wp-content\/uploads\/2023\/10\/01-1-1024x683.jpg\" alt=\"\" data-id=\"5011\" data-link=\"https:\/\/marcali.plebania.hu\/?attachment_id=5011\" class=\"wp-image-5011\" srcset=\"https:\/\/marcali.plebania.hu\/wp-content\/uploads\/2023\/10\/01-1-1024x683.jpg 1024w, https:\/\/marcali.plebania.hu\/wp-content\/uploads\/2023\/10\/01-1-300x200.jpg 300w, https:\/\/marcali.plebania.hu\/wp-content\/uploads\/2023\/10\/01-1-768x512.jpg 768w, https:\/\/marcali.plebania.hu\/wp-content\/uploads\/2023\/10\/01-1-1536x1024.jpg 1536w, https:\/\/marcali.plebania.hu\/wp-content\/uploads\/2023\/10\/01-1-2048x1365.jpg 2048w, https:\/\/marcali.plebania.hu\/wp-content\/uploads\/2023\/10\/01-1-405x270.jpg 405w\" sizes=\"auto, (max-width: 1024px) 100vw, 1024px\" \/><\/figure><\/li><li class=\"blocks-gallery-item\"><figure><img loading=\"lazy\" decoding=\"async\" width=\"1024\" height=\"683\" src=\"https:\/\/marcali.plebania.hu\/wp-content\/uploads\/2023\/10\/14-1-1024x683.jpg\" alt=\"\" data-id=\"5025\" data-link=\"https:\/\/marcali.plebania.hu\/?attachment_id=5025\" class=\"wp-image-5025\" srcset=\"https:\/\/marcali.plebania.hu\/wp-content\/uploads\/2023\/10\/14-1-1024x683.jpg 1024w, https:\/\/marcali.plebania.hu\/wp-content\/uploads\/2023\/10\/14-1-300x200.jpg 300w, https:\/\/marcali.plebania.hu\/wp-content\/uploads\/2023\/10\/14-1-768x512.jpg 768w, https:\/\/marcali.plebania.hu\/wp-content\/uploads\/2023\/10\/14-1-1536x1024.jpg 1536w, https:\/\/marcali.plebania.hu\/wp-content\/uploads\/2023\/10\/14-1-2048x1365.jpg 2048w, https:\/\/marcali.plebania.hu\/wp-content\/uploads\/2023\/10\/14-1-405x270.jpg 405w\" sizes=\"auto, (max-width: 1024px) 100vw, 1024px\" \/><\/figure><\/li><li class=\"blocks-gallery-item\"><figure><img loading=\"lazy\" decoding=\"async\" width=\"1024\" height=\"683\" src=\"https:\/\/marcali.plebania.hu\/wp-content\/uploads\/2023\/10\/31-1024x683.jpg\" alt=\"\" data-id=\"5026\" data-full-url=\"https:\/\/marcali.plebania.hu\/wp-content\/uploads\/2023\/10\/31-scaled.jpg\" data-link=\"https:\/\/marcali.plebania.hu\/?attachment_id=5026\" class=\"wp-image-5026\" srcset=\"https:\/\/marcali.plebania.hu\/wp-content\/uploads\/2023\/10\/31-1024x683.jpg 1024w, https:\/\/marcali.plebania.hu\/wp-content\/uploads\/2023\/10\/31-300x200.jpg 300w, https:\/\/marcali.plebania.hu\/wp-content\/uploads\/2023\/10\/31-768x512.jpg 768w, https:\/\/marcali.plebania.hu\/wp-content\/uploads\/2023\/10\/31-1536x1024.jpg 1536w, https:\/\/marcali.plebania.hu\/wp-content\/uploads\/2023\/10\/31-2048x1365.jpg 2048w, https:\/\/marcali.plebania.hu\/wp-content\/uploads\/2023\/10\/31-405x270.jpg 405w\" sizes=\"auto, (max-width: 1024px) 100vw, 1024px\" \/><\/figure><\/li><li class=\"blocks-gallery-item\"><figure><img loading=\"lazy\" decoding=\"async\" width=\"1024\" height=\"683\" src=\"https:\/\/marcali.plebania.hu\/wp-content\/uploads\/2023\/10\/04-1-1024x683.jpg\" alt=\"\" data-id=\"5014\" data-link=\"https:\/\/marcali.plebania.hu\/?attachment_id=5014\" class=\"wp-image-5014\" srcset=\"https:\/\/marcali.plebania.hu\/wp-content\/uploads\/2023\/10\/04-1-1024x683.jpg 1024w, https:\/\/marcali.plebania.hu\/wp-content\/uploads\/2023\/10\/04-1-300x200.jpg 300w, https:\/\/marcali.plebania.hu\/wp-content\/uploads\/2023\/10\/04-1-768x512.jpg 768w, https:\/\/marcali.plebania.hu\/wp-content\/uploads\/2023\/10\/04-1-1536x1024.jpg 1536w, https:\/\/marcali.plebania.hu\/wp-content\/uploads\/2023\/10\/04-1-2048x1365.jpg 2048w, https:\/\/marcali.plebania.hu\/wp-content\/uploads\/2023\/10\/04-1-405x270.jpg 405w\" sizes=\"auto, (max-width: 1024px) 100vw, 1024px\" \/><\/figure><\/li><\/ul><\/figure>\n\n\n\n<p>\nAz elhanyagolt \u00e1llapotban\nl\u00e9v\u0151 fesz\u00fclet fel\u00faj\u00edt\u00e1s\u00e1t a Ladencsics h\u00e1zasp\u00e1r karolta fel\n\u00e9s ind\u00edtotta el a munk\u00e1kat, melyhez t\u00f6bb \u00f6nk\u00e9ntes \u00e9s\nadom\u00e1nyoz\u00f3 is csatlakozott.<\/p>\n\n\n\n<p>\nAz \u00fcnneps\u00e9get Bod\u00f3n\u00e9\nBabj\u00e1k \u00c9va karit\u00e1sz \u00f6nk\u00e9ntes nyitotta meg, majd a Himnusz\nelhangz\u00e1sa ut\u00e1n bevezet\u0151j\u00e9ben a k\u00f6vetkez\u0151ket mondta: \u201eIstent\ndics\u0151\u00edteni sokf\u00e9lek\u00e9pen lehet. \u00c9nekkel, verssel, ki-ki a maga\ntalentuma szerint.<\/p>\n\n\n\n<p>\nJ\u00f3t tenni, j\u00f3! A Katolikus\nKarit\u00e1sz egyik szlogenje. \n<\/p>\n\n\n\n<p>\nEzt is t\u00f6bbf\u00e9lek\u00e9pen\ntehetj\u00fck, de ami k\u00f6z\u00f6s c\u00e9l, az a h\u00e1la.<\/p>\n\n\n\n<p>\nA Karit\u00e1sz kereszt-fel\u00faj\u00edt\u00e1si\ntev\u00e9kenys\u00e9g\u00e9t folytatva, a Ladencsis h\u00e1zasp\u00e1rnak k\u00f6sz\u00f6nhet\u0151en\nism\u00e9t itt \u00e1llunk a Szigetv\u00e1ri u. 66. sz. el\u0151tti Bene-keresztn\u00e9l.\nEz a kereszt m\u00e1r a 9., ebb\u0151l Marcaliban a jelenlegi m\u00e1r a m\u00e1sodik,\namit m\u00e9lt\u00f3 m\u00f3don fel\u00faj\u00edtani siker\u00fclt fel\u00faj\u00edtani az ut\u00f3kor\nsz\u00e1m\u00e1ra.<\/p>\n\n\n\n<p>\nA kereszt eml\u00e9keztet mindig,\nhogy sose feledj\u00fck, Valaki vel\u00fcnk van, aki a legsz\u00f6rny\u0171bbet m\u00e1r\nelviselte, \u00e9s er\u0151t ad nek\u00fcnk b\u00e1rmely megpr\u00f3b\u00e1ltat\u00e1shoz.<\/p>\n\n\n\n<p> Az 1871-ben \u00e1ll\u00edttatott homokk\u0151 keresztet val\u00f3sz\u00edn\u0171leg h\u00e1laad\u00e1sk\u00e9ppen k\u00e9sz\u00edttett\u00e9k. Felirata: Bene J\u00e1nos hagyat\u00e9k\u00e1b\u00f3l neje Varga Ilona 1871.\u201d<\/p>\n\n\n\n<figure class=\"wp-block-gallery columns-3 is-cropped wp-block-gallery-2 is-layout-flex wp-block-gallery-is-layout-flex\"><ul class=\"blocks-gallery-grid\"><li class=\"blocks-gallery-item\"><figure><img loading=\"lazy\" decoding=\"async\" width=\"1024\" height=\"683\" src=\"https:\/\/marcali.plebania.hu\/wp-content\/uploads\/2023\/10\/08-1-1024x683.jpg\" alt=\"\" data-id=\"5015\" data-full-url=\"https:\/\/marcali.plebania.hu\/wp-content\/uploads\/2023\/10\/08-1-scaled.jpg\" data-link=\"https:\/\/marcali.plebania.hu\/?attachment_id=5015\" class=\"wp-image-5015\" srcset=\"https:\/\/marcali.plebania.hu\/wp-content\/uploads\/2023\/10\/08-1-1024x683.jpg 1024w, https:\/\/marcali.plebania.hu\/wp-content\/uploads\/2023\/10\/08-1-300x200.jpg 300w, https:\/\/marcali.plebania.hu\/wp-content\/uploads\/2023\/10\/08-1-768x512.jpg 768w, https:\/\/marcali.plebania.hu\/wp-content\/uploads\/2023\/10\/08-1-1536x1024.jpg 1536w, https:\/\/marcali.plebania.hu\/wp-content\/uploads\/2023\/10\/08-1-2048x1365.jpg 2048w, https:\/\/marcali.plebania.hu\/wp-content\/uploads\/2023\/10\/08-1-405x270.jpg 405w\" sizes=\"auto, (max-width: 1024px) 100vw, 1024px\" \/><\/figure><\/li><li class=\"blocks-gallery-item\"><figure><img loading=\"lazy\" decoding=\"async\" width=\"1024\" height=\"683\" src=\"https:\/\/marcali.plebania.hu\/wp-content\/uploads\/2023\/10\/09-1-1024x683.jpg\" alt=\"\" data-id=\"5016\" data-full-url=\"https:\/\/marcali.plebania.hu\/wp-content\/uploads\/2023\/10\/09-1-scaled.jpg\" data-link=\"https:\/\/marcali.plebania.hu\/?attachment_id=5016\" class=\"wp-image-5016\" srcset=\"https:\/\/marcali.plebania.hu\/wp-content\/uploads\/2023\/10\/09-1-1024x683.jpg 1024w, https:\/\/marcali.plebania.hu\/wp-content\/uploads\/2023\/10\/09-1-300x200.jpg 300w, https:\/\/marcali.plebania.hu\/wp-content\/uploads\/2023\/10\/09-1-768x512.jpg 768w, https:\/\/marcali.plebania.hu\/wp-content\/uploads\/2023\/10\/09-1-1536x1024.jpg 1536w, https:\/\/marcali.plebania.hu\/wp-content\/uploads\/2023\/10\/09-1-2048x1365.jpg 2048w, https:\/\/marcali.plebania.hu\/wp-content\/uploads\/2023\/10\/09-1-405x270.jpg 405w\" sizes=\"auto, (max-width: 1024px) 100vw, 1024px\" \/><\/figure><\/li><li class=\"blocks-gallery-item\"><figure><img loading=\"lazy\" decoding=\"async\" width=\"1024\" height=\"683\" src=\"https:\/\/marcali.plebania.hu\/wp-content\/uploads\/2023\/10\/11-1024x683.jpg\" alt=\"\" data-id=\"5018\" data-full-url=\"https:\/\/marcali.plebania.hu\/wp-content\/uploads\/2023\/10\/11-scaled.jpg\" data-link=\"https:\/\/marcali.plebania.hu\/?attachment_id=5018\" class=\"wp-image-5018\" srcset=\"https:\/\/marcali.plebania.hu\/wp-content\/uploads\/2023\/10\/11-1024x683.jpg 1024w, https:\/\/marcali.plebania.hu\/wp-content\/uploads\/2023\/10\/11-300x200.jpg 300w, https:\/\/marcali.plebania.hu\/wp-content\/uploads\/2023\/10\/11-768x512.jpg 768w, https:\/\/marcali.plebania.hu\/wp-content\/uploads\/2023\/10\/11-1536x1024.jpg 1536w, https:\/\/marcali.plebania.hu\/wp-content\/uploads\/2023\/10\/11-2048x1365.jpg 2048w, https:\/\/marcali.plebania.hu\/wp-content\/uploads\/2023\/10\/11-405x270.jpg 405w\" sizes=\"auto, (max-width: 1024px) 100vw, 1024px\" \/><\/figure><\/li><li class=\"blocks-gallery-item\"><figure><img loading=\"lazy\" decoding=\"async\" width=\"1024\" height=\"683\" src=\"https:\/\/marcali.plebania.hu\/wp-content\/uploads\/2023\/10\/10-1-1024x683.jpg\" alt=\"\" data-id=\"5017\" data-full-url=\"https:\/\/marcali.plebania.hu\/wp-content\/uploads\/2023\/10\/10-1-scaled.jpg\" data-link=\"https:\/\/marcali.plebania.hu\/?attachment_id=5017\" class=\"wp-image-5017\" srcset=\"https:\/\/marcali.plebania.hu\/wp-content\/uploads\/2023\/10\/10-1-1024x683.jpg 1024w, https:\/\/marcali.plebania.hu\/wp-content\/uploads\/2023\/10\/10-1-300x200.jpg 300w, https:\/\/marcali.plebania.hu\/wp-content\/uploads\/2023\/10\/10-1-768x512.jpg 768w, https:\/\/marcali.plebania.hu\/wp-content\/uploads\/2023\/10\/10-1-1536x1024.jpg 1536w, https:\/\/marcali.plebania.hu\/wp-content\/uploads\/2023\/10\/10-1-2048x1365.jpg 2048w, https:\/\/marcali.plebania.hu\/wp-content\/uploads\/2023\/10\/10-1-405x270.jpg 405w\" sizes=\"auto, (max-width: 1024px) 100vw, 1024px\" \/><\/figure><\/li><\/ul><\/figure>\n\n\n\n<p> Az \u00fcnneps\u00e9gen Tomanek Ferenc Marcali pl\u00e9b\u00e1nos egy im\u00e1ds\u00e1g k\u00eds\u00e9ret\u00e9ben meg\u00e1ldotta a teljesen fel\u00faj\u00edtott Bene-keresztet. A rendezv\u00e9nyen Elek B\u00e1lint elmondta Ger\u0151 S\u00e1ndor: J\u00e9zus Krisztus, P\u00e9ter Krist\u00f3f pedig Faludi Ferenc: A fesz\u00fclethez c\u00edm\u0171 vers\u00e9t. K\u00f6zrem\u0171k\u00f6d\u00f6tt a F\u00e9ny Gyermekei Zenekar: S\u00e1gv\u00e1ri R\u00f3bert, \u00e9s Szab\u00f3 Andrea git\u00e1rral, J\u00e1ki Zolt\u00e1n pedig heged\u0171vel.<\/p>\n\n\n\n<figure class=\"wp-block-gallery columns-3 is-cropped wp-block-gallery-3 is-layout-flex wp-block-gallery-is-layout-flex\"><ul class=\"blocks-gallery-grid\"><li class=\"blocks-gallery-item\"><figure><img loading=\"lazy\" decoding=\"async\" width=\"1024\" height=\"683\" src=\"https:\/\/marcali.plebania.hu\/wp-content\/uploads\/2023\/10\/22-1024x683.jpg\" alt=\"\" data-id=\"5024\" data-full-url=\"https:\/\/marcali.plebania.hu\/wp-content\/uploads\/2023\/10\/22-scaled.jpg\" data-link=\"https:\/\/marcali.plebania.hu\/?attachment_id=5024\" class=\"wp-image-5024\" srcset=\"https:\/\/marcali.plebania.hu\/wp-content\/uploads\/2023\/10\/22-1024x683.jpg 1024w, https:\/\/marcali.plebania.hu\/wp-content\/uploads\/2023\/10\/22-300x200.jpg 300w, https:\/\/marcali.plebania.hu\/wp-content\/uploads\/2023\/10\/22-768x512.jpg 768w, https:\/\/marcali.plebania.hu\/wp-content\/uploads\/2023\/10\/22-1536x1024.jpg 1536w, https:\/\/marcali.plebania.hu\/wp-content\/uploads\/2023\/10\/22-2048x1365.jpg 2048w, https:\/\/marcali.plebania.hu\/wp-content\/uploads\/2023\/10\/22-405x270.jpg 405w\" sizes=\"auto, (max-width: 1024px) 100vw, 1024px\" \/><\/figure><\/li><li class=\"blocks-gallery-item\"><figure><img loading=\"lazy\" decoding=\"async\" width=\"1024\" height=\"683\" src=\"https:\/\/marcali.plebania.hu\/wp-content\/uploads\/2023\/10\/26-1024x683.jpg\" alt=\"\" data-id=\"5019\" data-link=\"https:\/\/marcali.plebania.hu\/?attachment_id=5019\" class=\"wp-image-5019\" srcset=\"https:\/\/marcali.plebania.hu\/wp-content\/uploads\/2023\/10\/26-1024x683.jpg 1024w, https:\/\/marcali.plebania.hu\/wp-content\/uploads\/2023\/10\/26-300x200.jpg 300w, https:\/\/marcali.plebania.hu\/wp-content\/uploads\/2023\/10\/26-768x512.jpg 768w, https:\/\/marcali.plebania.hu\/wp-content\/uploads\/2023\/10\/26-1536x1024.jpg 1536w, https:\/\/marcali.plebania.hu\/wp-content\/uploads\/2023\/10\/26-2048x1365.jpg 2048w, https:\/\/marcali.plebania.hu\/wp-content\/uploads\/2023\/10\/26-405x270.jpg 405w\" sizes=\"auto, (max-width: 1024px) 100vw, 1024px\" \/><\/figure><\/li><li class=\"blocks-gallery-item\"><figure><img loading=\"lazy\" decoding=\"async\" width=\"1024\" height=\"683\" src=\"https:\/\/marcali.plebania.hu\/wp-content\/uploads\/2023\/10\/23-1-1024x683.jpg\" alt=\"\" data-id=\"5023\" data-link=\"https:\/\/marcali.plebania.hu\/?attachment_id=5023\" class=\"wp-image-5023\" srcset=\"https:\/\/marcali.plebania.hu\/wp-content\/uploads\/2023\/10\/23-1-1024x683.jpg 1024w, https:\/\/marcali.plebania.hu\/wp-content\/uploads\/2023\/10\/23-1-300x200.jpg 300w, https:\/\/marcali.plebania.hu\/wp-content\/uploads\/2023\/10\/23-1-768x512.jpg 768w, https:\/\/marcali.plebania.hu\/wp-content\/uploads\/2023\/10\/23-1-1536x1024.jpg 1536w, https:\/\/marcali.plebania.hu\/wp-content\/uploads\/2023\/10\/23-1-2048x1365.jpg 2048w, https:\/\/marcali.plebania.hu\/wp-content\/uploads\/2023\/10\/23-1-405x270.jpg 405w\" sizes=\"auto, (max-width: 1024px) 100vw, 1024px\" \/><\/figure><\/li><li class=\"blocks-gallery-item\"><figure><img loading=\"lazy\" decoding=\"async\" width=\"1024\" height=\"683\" src=\"https:\/\/marcali.plebania.hu\/wp-content\/uploads\/2023\/10\/28-1024x683.jpg\" alt=\"\" data-id=\"5021\" data-link=\"https:\/\/marcali.plebania.hu\/?attachment_id=5021\" class=\"wp-image-5021\" srcset=\"https:\/\/marcali.plebania.hu\/wp-content\/uploads\/2023\/10\/28-1024x683.jpg 1024w, https:\/\/marcali.plebania.hu\/wp-content\/uploads\/2023\/10\/28-300x200.jpg 300w, https:\/\/marcali.plebania.hu\/wp-content\/uploads\/2023\/10\/28-768x512.jpg 768w, https:\/\/marcali.plebania.hu\/wp-content\/uploads\/2023\/10\/28-1536x1024.jpg 1536w, https:\/\/marcali.plebania.hu\/wp-content\/uploads\/2023\/10\/28-2048x1365.jpg 2048w, https:\/\/marcali.plebania.hu\/wp-content\/uploads\/2023\/10\/28-405x270.jpg 405w\" sizes=\"auto, (max-width: 1024px) 100vw, 1024px\" \/><\/figure><\/li><\/ul><\/figure>\n\n\n\n<p>\nA fel\u00faj\u00edt\u00e1si f\u0151\nt\u00e1mogat\u00f3ja: Nagy L\u00e1szl\u00f3, a K\u00f6z\u00fat Kft. vezet\u0151je, tov\u00e1bb\u00e1\nOrs\u00f3s Zolt\u00e1n fest\u0151 \u00e9s m\u00e1zol\u00f3, Boros Imre, Boros Barnab\u00e1s,\nPantocsek L\u00e1szl\u00f3, valamint Szalai Zolt\u00e1n \u00e9s Harangoz\u00f3 Imre\n\u00f6nk\u00e9ntes t\u00e1mogat\u00f3k, valamint Weisz Zsolt szakmai ir\u00e1ny\u00edt\u00e1s\u00e1val\nk\u00e9sz\u00fclt el a munka.<\/p>\n\n\n\n<p>\nBod\u00f3n\u00e9 Babj\u00e1k \u00c9va\nk\u00f6sz\u00f6netet mondott rajtuk k\u00edv\u00fcl mindazoknak, akik a fel\u00faj\u00edt\u00e1sban\nr\u00e9szt vettek \u00e9s anyagi, vagy m\u00e1sf\u00e9le t\u00e1mogat\u00e1st ny\u00fajtottak.<\/p>\n","protected":false},"excerpt":{"rendered":"<p>2023. okt\u00f3ber 7-\u00e9n (szombaton) 16 \u00f3rakor kezd\u0151d\u00f6tt a Szigetv\u00e1ri u. 66. sz\u00e1m\u00fa h\u00e1z el\u0151tt, k\u00f6zter\u00fcleten l\u00e9v\u0151 Bene-kereszt meg\u00e1ld\u00e1si \u00fcnneps\u00e9ge. Az elhanyagolt \u00e1llapotban l\u00e9v\u0151 fesz\u00fclet fel\u00faj\u00edt\u00e1s\u00e1t a Ladencsics h\u00e1zasp\u00e1r karolta fel \u00e9s ind\u00edtotta el a munk\u00e1kat, melyhez t\u00f6bb \u00f6nk\u00e9ntes \u00e9s adom\u00e1nyoz\u00f3 is csatlakozott. Az \u00fcnneps\u00e9get Bod\u00f3n\u00e9 Babj\u00e1k \u00c9va karit\u00e1sz \u00f6nk\u00e9ntes nyitotta meg, majd a Himnusz elhangz\u00e1sa ut\u00e1n bevezet\u0151j\u00e9ben a k\u00f6vetkez\u0151ket mondta: \u201eIstent dics\u0151\u00edteni sokf\u00e9lek\u00e9pen lehet. \u00c9nekkel, verssel, ki-ki a maga talentuma szerint. J\u00f3t tenni, j\u00f3! A Katolikus Karit\u00e1sz egyik szlogenje. Ezt&#8230;<\/p>\n<p class=\"read-more\"><a class=\"btn btn-default\" href=\"https:\/\/marcali.plebania.hu\/?p=5010\"> Read More<span class=\"screen-reader-text\">  Read More<\/span><\/a><\/p>\n","protected":false},"author":2,"featured_media":0,"comment_status":"closed","ping_status":"open","sticky":false,"template":"","format":"standard","meta":{"footnotes":""},"categories":[1],"tags":[],"class_list":["post-5010","post","type-post","status-publish","format-standard","hentry","category-egyeb"],"_links":{"self":[{"href":"https:\/\/marcali.plebania.hu\/index.php?rest_route=\/wp\/v2\/posts\/5010","targetHints":{"allow":["GET"]}}],"collection":[{"href":"https:\/\/marcali.plebania.hu\/index.php?rest_route=\/wp\/v2\/posts"}],"about":[{"href":"https:\/\/marcali.plebania.hu\/index.php?rest_route=\/wp\/v2\/types\/post"}],"author":[{"embeddable":true,"href":"https:\/\/marcali.plebania.hu\/index.php?rest_route=\/wp\/v2\/users\/2"}],"replies":[{"embeddable":true,"href":"https:\/\/marcali.plebania.hu\/index.php?rest_route=%2Fwp%2Fv2%2Fcomments&post=5010"}],"version-history":[{"count":1,"href":"https:\/\/marcali.plebania.hu\/index.php?rest_route=\/wp\/v2\/posts\/5010\/revisions"}],"predecessor-version":[{"id":5027,"href":"https:\/\/marcali.plebania.hu\/index.php?rest_route=\/wp\/v2\/posts\/5010\/revisions\/5027"}],"wp:attachment":[{"href":"https:\/\/marcali.plebania.hu\/index.php?rest_route=%2Fwp%2Fv2%2Fmedia&parent=5010"}],"wp:term":[{"taxonomy":"category","embeddable":true,"href":"https:\/\/marcali.plebania.hu\/index.php?rest_route=%2Fwp%2Fv2%2Fcategories&post=5010"},{"taxonomy":"post_tag","embeddable":true,"href":"https:\/\/marcali.plebania.hu\/index.php?rest_route=%2Fwp%2Fv2%2Ftags&post=5010"}],"curies":[{"name":"wp","href":"https:\/\/api.w.org\/{rel}","templated":true}]}}