{"id":5059,"date":"2023-10-13T10:56:10","date_gmt":"2023-10-13T10:56:10","guid":{"rendered":"https:\/\/marcali.plebania.hu\/?p=5059"},"modified":"2023-10-13T10:56:10","modified_gmt":"2023-10-13T10:56:10","slug":"hirdetesek-2023-oktober-15-evkozi-28-vasarnap","status":"publish","type":"post","link":"https:\/\/marcali.plebania.hu\/?p=5059","title":{"rendered":"Hirdet\u00e9sek 2023. okt\u00f3ber 15.  \u00c9vk\u00f6zi 28. vas\u00e1rnap"},"content":{"rendered":"\n<ol class=\"wp-block-list\"><li>Okt\u00f3ber h\u00f3napban <strong>r\u00f3zsaf\u00fcz\u00e9r<\/strong>t im\u00e1dkozunk 17:30-t\u00f3l h\u00e9tf\u0151t\u0151l szombatig a pl\u00e9b\u00e1niatemplomban, vas\u00e1rnap a Boldog Gizella-templomban. <\/li><li>Cs\u00fct\u00f6rt\u00f6k\u00f6n (okt\u00f3ber 19-\u00e9n) az esti szentmise ut\u00e1n, 18.40-t\u0151l k\u00e9pvisel\u0151-test\u00fcleti \u00fcl\u00e9st tartunk a pl\u00e9b\u00e1ni\u00e1n.<\/li><li>J\u00f6v\u0151 vas\u00e1rnap (okt\u00f3ber 22-\u00e9n) 11 \u00f3rakor a <strong>bizei<\/strong> templomban <strong>b\u00facs\u00fa<\/strong>i szentmis\u00e9t \u00fcnnepl\u00fcnk.<\/li><li>A p\u00fcsp\u00f6ki konferencia <strong>nemzeti zar\u00e1ndoklat<\/strong>ot hirdet 2024. \u00e1prilis 22-26-ig <strong>R\u00f3m\u00e1ba<\/strong>. Egyh\u00e1zmegy\u00e9nk okt\u00f3ber v\u00e9g\u00e9ig v\u00e1rja az el\u0151zetes jelentkez\u00e9seket, a l\u00e9tsz\u00e1mt\u00f3l f\u00fcgg\u0151en szervez buszokat a zar\u00e1ndoklatra. K\u00e9rj\u00fck, aki szeretne r\u00e9szt venni, okt\u00f3ber 27-ig jelezze sz\u00e1nd\u00e9k\u00e1t az irod\u00e1n (marcaliplebania@gmail.com).<\/li><\/ol>\n","protected":false},"excerpt":{"rendered":"<p>Okt\u00f3ber h\u00f3napban r\u00f3zsaf\u00fcz\u00e9rt im\u00e1dkozunk 17:30-t\u00f3l h\u00e9tf\u0151t\u0151l szombatig a pl\u00e9b\u00e1niatemplomban, vas\u00e1rnap a Boldog Gizella-templomban. Cs\u00fct\u00f6rt\u00f6k\u00f6n (okt\u00f3ber 19-\u00e9n) az esti szentmise ut\u00e1n, 18.40-t\u0151l k\u00e9pvisel\u0151-test\u00fcleti \u00fcl\u00e9st tartunk a pl\u00e9b\u00e1ni\u00e1n. J\u00f6v\u0151 vas\u00e1rnap (okt\u00f3ber 22-\u00e9n) 11 \u00f3rakor a bizei templomban b\u00facs\u00fai szentmis\u00e9t \u00fcnnepl\u00fcnk. A p\u00fcsp\u00f6ki konferencia nemzeti zar\u00e1ndoklatot hirdet 2024. \u00e1prilis 22-26-ig R\u00f3m\u00e1ba. Egyh\u00e1zmegy\u00e9nk okt\u00f3ber v\u00e9g\u00e9ig v\u00e1rja az el\u0151zetes jelentkez\u00e9seket, a l\u00e9tsz\u00e1mt\u00f3l f\u00fcgg\u0151en szervez buszokat a zar\u00e1ndoklatra. K\u00e9rj\u00fck, aki szeretne r\u00e9szt venni, okt\u00f3ber 27-ig jelezze sz\u00e1nd\u00e9k\u00e1t az irod\u00e1n (marcaliplebania@gmail.com).<\/p>\n","protected":false},"author":2,"featured_media":0,"comment_status":"closed","ping_status":"open","sticky":false,"template":"","format":"standard","meta":{"footnotes":""},"categories":[1],"tags":[],"class_list":["post-5059","post","type-post","status-publish","format-standard","hentry","category-egyeb"],"_links":{"self":[{"href":"https:\/\/marcali.plebania.hu\/index.php?rest_route=\/wp\/v2\/posts\/5059","targetHints":{"allow":["GET"]}}],"collection":[{"href":"https:\/\/marcali.plebania.hu\/index.php?rest_route=\/wp\/v2\/posts"}],"about":[{"href":"https:\/\/marcali.plebania.hu\/index.php?rest_route=\/wp\/v2\/types\/post"}],"author":[{"embeddable":true,"href":"https:\/\/marcali.plebania.hu\/index.php?rest_route=\/wp\/v2\/users\/2"}],"replies":[{"embeddable":true,"href":"https:\/\/marcali.plebania.hu\/index.php?rest_route=%2Fwp%2Fv2%2Fcomments&post=5059"}],"version-history":[{"count":1,"href":"https:\/\/marcali.plebania.hu\/index.php?rest_route=\/wp\/v2\/posts\/5059\/revisions"}],"predecessor-version":[{"id":5060,"href":"https:\/\/marcali.plebania.hu\/index.php?rest_route=\/wp\/v2\/posts\/5059\/revisions\/5060"}],"wp:attachment":[{"href":"https:\/\/marcali.plebania.hu\/index.php?rest_route=%2Fwp%2Fv2%2Fmedia&parent=5059"}],"wp:term":[{"taxonomy":"category","embeddable":true,"href":"https:\/\/marcali.plebania.hu\/index.php?rest_route=%2Fwp%2Fv2%2Fcategories&post=5059"},{"taxonomy":"post_tag","embeddable":true,"href":"https:\/\/marcali.plebania.hu\/index.php?rest_route=%2Fwp%2Fv2%2Ftags&post=5059"}],"curies":[{"name":"wp","href":"https:\/\/api.w.org\/{rel}","templated":true}]}}