{"id":5064,"date":"2023-10-24T13:40:07","date_gmt":"2023-10-24T13:40:07","guid":{"rendered":"https:\/\/marcali.plebania.hu\/?p=5064"},"modified":"2023-10-24T13:40:07","modified_gmt":"2023-10-24T13:40:07","slug":"hirdetesek-2023-oktober-22-evkozi-29-vasarnap-a-missziok-vasarnapja","status":"publish","type":"post","link":"https:\/\/marcali.plebania.hu\/?p=5064","title":{"rendered":"Hirdet\u00e9sek 2023. okt\u00f3ber 22.  \u00c9vk\u00f6zi 29. vas\u00e1rnap &#8211; A misszi\u00f3k vas\u00e1rnapja"},"content":{"rendered":"\n<ol class=\"wp-block-list\"><li>Okt\u00f3ber h\u00f3napban <strong>r\u00f3zsaf\u00fcz\u00e9r<\/strong>t im\u00e1dkozunk 17:30-t\u00f3l h\u00e9tf\u0151t\u0151l szombatig a pl\u00e9b\u00e1niatemplomban, vas\u00e1rnap a Boldog Gizella-templomban. <\/li><li>A j\u00f6v\u0151 vas\u00e1rnapi <strong>\u00f3ra\u00e1t\u00e1ll\u00edt\u00e1s <\/strong>ut\u00e1n az <strong>esti szentmis\u00e9k 17 \u00f3rakor <\/strong>kezd\u0151dnek. Emiatt okt\u00f3ber 29-e \u00e9s 31-e k\u00f6z\u00f6tt a r\u00f3zsaf\u00fcz\u00e9r im\u00e1dkoz\u00e1s\u00e1t is egy \u00f3r\u00e1val kor\u00e1bban kezdj\u00fck. <\/li><li>J\u00f6v\u0151 \u00e9vi napt\u00e1r \u00e9s kalend\u00e1rium a sekresty\u00e9ben kaphat\u00f3.<\/li><li>A p\u00fcsp\u00f6ki konferencia <strong>nemzeti zar\u00e1ndoklat<\/strong>ot hirdet 2024. \u00e1prilis 22-26-ig <strong>R\u00f3m\u00e1ba<\/strong>. Egyh\u00e1zmegy\u00e9nk okt\u00f3ber v\u00e9g\u00e9ig v\u00e1rja az el\u0151zetes jelentkez\u00e9seket, a l\u00e9tsz\u00e1mt\u00f3l f\u00fcgg\u0151en szervez buszokat a zar\u00e1ndoklatra. K\u00e9rj\u00fck, aki szeretne r\u00e9szt venni, p\u00e9ntekig jelezze sz\u00e1nd\u00e9k\u00e1t az irod\u00e1n (marcaliplebania@gmail.com).<\/li><\/ol>\n","protected":false},"excerpt":{"rendered":"<p>Okt\u00f3ber h\u00f3napban r\u00f3zsaf\u00fcz\u00e9rt im\u00e1dkozunk 17:30-t\u00f3l h\u00e9tf\u0151t\u0151l szombatig a pl\u00e9b\u00e1niatemplomban, vas\u00e1rnap a Boldog Gizella-templomban. A j\u00f6v\u0151 vas\u00e1rnapi \u00f3ra\u00e1t\u00e1ll\u00edt\u00e1s ut\u00e1n az esti szentmis\u00e9k 17 \u00f3rakor kezd\u0151dnek. Emiatt okt\u00f3ber 29-e \u00e9s 31-e k\u00f6z\u00f6tt a r\u00f3zsaf\u00fcz\u00e9r im\u00e1dkoz\u00e1s\u00e1t is egy \u00f3r\u00e1val kor\u00e1bban kezdj\u00fck. J\u00f6v\u0151 \u00e9vi napt\u00e1r \u00e9s kalend\u00e1rium a sekresty\u00e9ben kaphat\u00f3. A p\u00fcsp\u00f6ki konferencia nemzeti zar\u00e1ndoklatot hirdet 2024. \u00e1prilis 22-26-ig R\u00f3m\u00e1ba. Egyh\u00e1zmegy\u00e9nk okt\u00f3ber v\u00e9g\u00e9ig v\u00e1rja az el\u0151zetes jelentkez\u00e9seket, a l\u00e9tsz\u00e1mt\u00f3l f\u00fcgg\u0151en szervez buszokat a zar\u00e1ndoklatra. K\u00e9rj\u00fck, aki szeretne r\u00e9szt venni, p\u00e9ntekig jelezze sz\u00e1nd\u00e9k\u00e1t az irod\u00e1n&#8230;<\/p>\n<p class=\"read-more\"><a class=\"btn btn-default\" href=\"https:\/\/marcali.plebania.hu\/?p=5064\"> Read More<span class=\"screen-reader-text\">  Read More<\/span><\/a><\/p>\n","protected":false},"author":2,"featured_media":0,"comment_status":"closed","ping_status":"open","sticky":false,"template":"","format":"standard","meta":{"footnotes":""},"categories":[1],"tags":[],"class_list":["post-5064","post","type-post","status-publish","format-standard","hentry","category-egyeb"],"_links":{"self":[{"href":"https:\/\/marcali.plebania.hu\/index.php?rest_route=\/wp\/v2\/posts\/5064","targetHints":{"allow":["GET"]}}],"collection":[{"href":"https:\/\/marcali.plebania.hu\/index.php?rest_route=\/wp\/v2\/posts"}],"about":[{"href":"https:\/\/marcali.plebania.hu\/index.php?rest_route=\/wp\/v2\/types\/post"}],"author":[{"embeddable":true,"href":"https:\/\/marcali.plebania.hu\/index.php?rest_route=\/wp\/v2\/users\/2"}],"replies":[{"embeddable":true,"href":"https:\/\/marcali.plebania.hu\/index.php?rest_route=%2Fwp%2Fv2%2Fcomments&post=5064"}],"version-history":[{"count":1,"href":"https:\/\/marcali.plebania.hu\/index.php?rest_route=\/wp\/v2\/posts\/5064\/revisions"}],"predecessor-version":[{"id":5065,"href":"https:\/\/marcali.plebania.hu\/index.php?rest_route=\/wp\/v2\/posts\/5064\/revisions\/5065"}],"wp:attachment":[{"href":"https:\/\/marcali.plebania.hu\/index.php?rest_route=%2Fwp%2Fv2%2Fmedia&parent=5064"}],"wp:term":[{"taxonomy":"category","embeddable":true,"href":"https:\/\/marcali.plebania.hu\/index.php?rest_route=%2Fwp%2Fv2%2Fcategories&post=5064"},{"taxonomy":"post_tag","embeddable":true,"href":"https:\/\/marcali.plebania.hu\/index.php?rest_route=%2Fwp%2Fv2%2Ftags&post=5064"}],"curies":[{"name":"wp","href":"https:\/\/api.w.org\/{rel}","templated":true}]}}