{"id":5089,"date":"2023-10-25T07:16:34","date_gmt":"2023-10-25T07:16:34","guid":{"rendered":"https:\/\/marcali.plebania.hu\/?p=5089"},"modified":"2023-10-25T07:16:34","modified_gmt":"2023-10-25T07:16:34","slug":"a-bucsui-szentmisen-koszontek-meg-a-bizei-templomatya-tobb-mint-30-eves-aldozatos-szolgalatat","status":"publish","type":"post","link":"https:\/\/marcali.plebania.hu\/?p=5089","title":{"rendered":"A b\u00facs\u00fai szentmis\u00e9n k\u00f6sz\u00f6nt\u00e9k meg a bizei templomatya t\u00f6bb mint 30 \u00e9ves \u00e1ldozatos szolg\u00e1lat\u00e1t"},"content":{"rendered":"\n<p> 2023. okt\u00f3ber 22-\u00e9n vas\u00e1rnap, 11 \u00f3rakor Tomanek Ferenc \u00c1ron marcali pl\u00e9b\u00e1nos \u2013 els\u0151 alkalommal \u2013 celebr\u00e1lt b\u00facs\u00fai szentmis\u00e9t a bizei Szent Vendel templomban, melynek keret\u00e9ben megk\u00f6sz\u00f6nte K\u00e1roly J\u00e1nos templomatya t\u00f6bb mint 30 \u00e9ves elh\u00edvatott egyh\u00e1zk\u00f6zs\u00e9gi munk\u00e1j\u00e1t.<\/p>\n\n\n\n<figure class=\"wp-block-gallery columns-3 is-cropped wp-block-gallery-1 is-layout-flex wp-block-gallery-is-layout-flex\"><ul class=\"blocks-gallery-grid\"><li class=\"blocks-gallery-item\"><figure><img loading=\"lazy\" decoding=\"async\" width=\"1024\" height=\"683\" src=\"https:\/\/marcali.plebania.hu\/wp-content\/uploads\/2023\/10\/03-3-1024x683.jpg\" alt=\"\" data-id=\"5092\" data-link=\"https:\/\/marcali.plebania.hu\/?attachment_id=5092\" class=\"wp-image-5092\" srcset=\"https:\/\/marcali.plebania.hu\/wp-content\/uploads\/2023\/10\/03-3-1024x683.jpg 1024w, https:\/\/marcali.plebania.hu\/wp-content\/uploads\/2023\/10\/03-3-300x200.jpg 300w, https:\/\/marcali.plebania.hu\/wp-content\/uploads\/2023\/10\/03-3-768x512.jpg 768w, https:\/\/marcali.plebania.hu\/wp-content\/uploads\/2023\/10\/03-3-1536x1024.jpg 1536w, https:\/\/marcali.plebania.hu\/wp-content\/uploads\/2023\/10\/03-3-2048x1365.jpg 2048w, https:\/\/marcali.plebania.hu\/wp-content\/uploads\/2023\/10\/03-3-405x270.jpg 405w\" sizes=\"auto, (max-width: 1024px) 100vw, 1024px\" \/><\/figure><\/li><li class=\"blocks-gallery-item\"><figure><img loading=\"lazy\" decoding=\"async\" width=\"1024\" height=\"683\" src=\"https:\/\/marcali.plebania.hu\/wp-content\/uploads\/2023\/10\/04-3-1024x683.jpg\" alt=\"\" data-id=\"5093\" data-link=\"https:\/\/marcali.plebania.hu\/?attachment_id=5093\" class=\"wp-image-5093\" srcset=\"https:\/\/marcali.plebania.hu\/wp-content\/uploads\/2023\/10\/04-3-1024x683.jpg 1024w, https:\/\/marcali.plebania.hu\/wp-content\/uploads\/2023\/10\/04-3-300x200.jpg 300w, https:\/\/marcali.plebania.hu\/wp-content\/uploads\/2023\/10\/04-3-768x512.jpg 768w, https:\/\/marcali.plebania.hu\/wp-content\/uploads\/2023\/10\/04-3-1536x1024.jpg 1536w, https:\/\/marcali.plebania.hu\/wp-content\/uploads\/2023\/10\/04-3-2048x1365.jpg 2048w, https:\/\/marcali.plebania.hu\/wp-content\/uploads\/2023\/10\/04-3-405x270.jpg 405w\" sizes=\"auto, (max-width: 1024px) 100vw, 1024px\" \/><\/figure><\/li><li class=\"blocks-gallery-item\"><figure><img loading=\"lazy\" decoding=\"async\" width=\"1024\" height=\"683\" src=\"https:\/\/marcali.plebania.hu\/wp-content\/uploads\/2023\/10\/05-1024x683.jpg\" alt=\"\" data-id=\"5094\" data-link=\"https:\/\/marcali.plebania.hu\/?attachment_id=5094\" class=\"wp-image-5094\" srcset=\"https:\/\/marcali.plebania.hu\/wp-content\/uploads\/2023\/10\/05-1024x683.jpg 1024w, https:\/\/marcali.plebania.hu\/wp-content\/uploads\/2023\/10\/05-300x200.jpg 300w, https:\/\/marcali.plebania.hu\/wp-content\/uploads\/2023\/10\/05-768x512.jpg 768w, https:\/\/marcali.plebania.hu\/wp-content\/uploads\/2023\/10\/05-1536x1024.jpg 1536w, https:\/\/marcali.plebania.hu\/wp-content\/uploads\/2023\/10\/05-2048x1365.jpg 2048w, https:\/\/marcali.plebania.hu\/wp-content\/uploads\/2023\/10\/05-405x270.jpg 405w\" sizes=\"auto, (max-width: 1024px) 100vw, 1024px\" \/><\/figure><\/li><li class=\"blocks-gallery-item\"><figure><img loading=\"lazy\" decoding=\"async\" width=\"1024\" height=\"683\" src=\"https:\/\/marcali.plebania.hu\/wp-content\/uploads\/2023\/10\/01-4-1024x683.jpg\" alt=\"\" data-id=\"5095\" data-full-url=\"https:\/\/marcali.plebania.hu\/wp-content\/uploads\/2023\/10\/01-4-scaled.jpg\" data-link=\"https:\/\/marcali.plebania.hu\/?attachment_id=5095\" class=\"wp-image-5095\" srcset=\"https:\/\/marcali.plebania.hu\/wp-content\/uploads\/2023\/10\/01-4-1024x683.jpg 1024w, https:\/\/marcali.plebania.hu\/wp-content\/uploads\/2023\/10\/01-4-300x200.jpg 300w, https:\/\/marcali.plebania.hu\/wp-content\/uploads\/2023\/10\/01-4-768x512.jpg 768w, https:\/\/marcali.plebania.hu\/wp-content\/uploads\/2023\/10\/01-4-1536x1024.jpg 1536w, https:\/\/marcali.plebania.hu\/wp-content\/uploads\/2023\/10\/01-4-2048x1365.jpg 2048w, https:\/\/marcali.plebania.hu\/wp-content\/uploads\/2023\/10\/01-4-405x270.jpg 405w\" sizes=\"auto, (max-width: 1024px) 100vw, 1024px\" \/><\/figure><\/li><\/ul><\/figure>\n\n\n\n<p> K\u00e1roly J\u00e1nos b\u00e1csi 1988-89-t\u0151l \u2013 m\u00e9g R\u00e9vai J\u00f3zsef pr\u00e9post-pl\u00e9b\u00e1nos (1979-1993) idej\u00e9ben \u2013 lett a bizeiek templomatyja, \u00e9s att\u00f3l fogva \u2013 t\u00f6bb mint 30 \u00e9ven \u00e1t \u2013 Kiss Iv\u00e1n c. pr\u00e9post, esperes-pl\u00e9b\u00e1nos (1993-2023) mellett is szolg\u00e1lt \u00f6nzetlen\u00fcl. Sokr\u00e9t\u0171 munk\u00e1ja nemcsak a templom k\u00f6r\u00fcli kisebb jav\u00edt\u00e1sokra szor\u00edtkozott, hanem a harangoz\u00e1sok \u00e9s az egyh\u00e1zi ad\u00f3szed\u00e9s feladat\u00e1t is ell\u00e1tta egyszerre, amit v\u00e9gtelen odaad\u00e1ssal \u00e9s nagyon sz\u00edvesen v\u00e9gzett. A helyi k\u00f6z\u00f6ss\u00e9g egy kis csomaggal \u00e9s oklev\u00e9llel kedveskedett az igencsak meglepett templomaty\u00e1nak, aki az id\u0151s kor\u00e1ra val\u00f3 tekintettel, a ny\u00e1r folyam\u00e1n mondott le tiszts\u00e9g\u00e9r\u0151l.<\/p>\n\n\n\n<figure class=\"wp-block-gallery columns-3 is-cropped wp-block-gallery-2 is-layout-flex wp-block-gallery-is-layout-flex\"><ul class=\"blocks-gallery-grid\"><li class=\"blocks-gallery-item\"><figure><img loading=\"lazy\" decoding=\"async\" width=\"1024\" height=\"683\" src=\"https:\/\/marcali.plebania.hu\/wp-content\/uploads\/2023\/10\/19-2-1024x683.jpg\" alt=\"\" data-id=\"5100\" data-full-url=\"https:\/\/marcali.plebania.hu\/wp-content\/uploads\/2023\/10\/19-2-scaled.jpg\" data-link=\"https:\/\/marcali.plebania.hu\/?attachment_id=5100\" class=\"wp-image-5100\" srcset=\"https:\/\/marcali.plebania.hu\/wp-content\/uploads\/2023\/10\/19-2-1024x683.jpg 1024w, https:\/\/marcali.plebania.hu\/wp-content\/uploads\/2023\/10\/19-2-300x200.jpg 300w, https:\/\/marcali.plebania.hu\/wp-content\/uploads\/2023\/10\/19-2-768x512.jpg 768w, https:\/\/marcali.plebania.hu\/wp-content\/uploads\/2023\/10\/19-2-1536x1024.jpg 1536w, https:\/\/marcali.plebania.hu\/wp-content\/uploads\/2023\/10\/19-2-2048x1365.jpg 2048w, https:\/\/marcali.plebania.hu\/wp-content\/uploads\/2023\/10\/19-2-405x270.jpg 405w\" sizes=\"auto, (max-width: 1024px) 100vw, 1024px\" \/><\/figure><\/li><li class=\"blocks-gallery-item\"><figure><img loading=\"lazy\" decoding=\"async\" width=\"1024\" height=\"683\" src=\"https:\/\/marcali.plebania.hu\/wp-content\/uploads\/2023\/10\/23-3-1024x683.jpg\" alt=\"\" data-id=\"5097\" data-link=\"https:\/\/marcali.plebania.hu\/?attachment_id=5097\" class=\"wp-image-5097\" srcset=\"https:\/\/marcali.plebania.hu\/wp-content\/uploads\/2023\/10\/23-3-1024x683.jpg 1024w, https:\/\/marcali.plebania.hu\/wp-content\/uploads\/2023\/10\/23-3-300x200.jpg 300w, https:\/\/marcali.plebania.hu\/wp-content\/uploads\/2023\/10\/23-3-768x512.jpg 768w, https:\/\/marcali.plebania.hu\/wp-content\/uploads\/2023\/10\/23-3-1536x1024.jpg 1536w, https:\/\/marcali.plebania.hu\/wp-content\/uploads\/2023\/10\/23-3-2048x1365.jpg 2048w, https:\/\/marcali.plebania.hu\/wp-content\/uploads\/2023\/10\/23-3-405x270.jpg 405w\" sizes=\"auto, (max-width: 1024px) 100vw, 1024px\" \/><\/figure><\/li><li class=\"blocks-gallery-item\"><figure><img loading=\"lazy\" decoding=\"async\" width=\"1024\" height=\"683\" src=\"https:\/\/marcali.plebania.hu\/wp-content\/uploads\/2023\/10\/25-1-1024x683.jpg\" alt=\"\" data-id=\"5099\" data-link=\"https:\/\/marcali.plebania.hu\/?attachment_id=5099\" class=\"wp-image-5099\" srcset=\"https:\/\/marcali.plebania.hu\/wp-content\/uploads\/2023\/10\/25-1-1024x683.jpg 1024w, https:\/\/marcali.plebania.hu\/wp-content\/uploads\/2023\/10\/25-1-300x200.jpg 300w, https:\/\/marcali.plebania.hu\/wp-content\/uploads\/2023\/10\/25-1-768x512.jpg 768w, https:\/\/marcali.plebania.hu\/wp-content\/uploads\/2023\/10\/25-1-1536x1024.jpg 1536w, https:\/\/marcali.plebania.hu\/wp-content\/uploads\/2023\/10\/25-1-2048x1365.jpg 2048w, https:\/\/marcali.plebania.hu\/wp-content\/uploads\/2023\/10\/25-1-405x270.jpg 405w\" sizes=\"auto, (max-width: 1024px) 100vw, 1024px\" \/><\/figure><\/li><li class=\"blocks-gallery-item\"><figure><img loading=\"lazy\" decoding=\"async\" width=\"1024\" height=\"683\" src=\"https:\/\/marcali.plebania.hu\/wp-content\/uploads\/2023\/10\/24-1-1024x683.jpg\" alt=\"\" data-id=\"5098\" data-link=\"https:\/\/marcali.plebania.hu\/?attachment_id=5098\" class=\"wp-image-5098\" srcset=\"https:\/\/marcali.plebania.hu\/wp-content\/uploads\/2023\/10\/24-1-1024x683.jpg 1024w, https:\/\/marcali.plebania.hu\/wp-content\/uploads\/2023\/10\/24-1-300x200.jpg 300w, https:\/\/marcali.plebania.hu\/wp-content\/uploads\/2023\/10\/24-1-768x512.jpg 768w, https:\/\/marcali.plebania.hu\/wp-content\/uploads\/2023\/10\/24-1-1536x1024.jpg 1536w, https:\/\/marcali.plebania.hu\/wp-content\/uploads\/2023\/10\/24-1-2048x1365.jpg 2048w, https:\/\/marcali.plebania.hu\/wp-content\/uploads\/2023\/10\/24-1-405x270.jpg 405w\" sizes=\"auto, (max-width: 1024px) 100vw, 1024px\" \/><\/figure><\/li><\/ul><\/figure>\n\n\n\n<p> Az \u00fcnnepi istentiszteleten \u2013 t\u00f6bbek k\u00f6z\u00f6tt \u2013 a Marcali R\u00f3mai Katolikus Egyh\u00e1zk\u00f6zs\u00e9g K\u00e9pvisel\u0151 Test\u00fclete r\u00e9sz\u00e9rt\u0151l Kir\u00e1ly Jen\u0151 marcali templomatya, valamint a test\u00fclet t\u00f6bb tagja, tov\u00e1bb\u00e1 S\u00e1voly Andrea Karit\u00e1szvezet\u0151, \u00e9s a templom egykori k\u00e1ntora vett r\u00e9szt. K\u00f6zrem\u0171k\u00f6d\u00f6tt: Balogh B\u00e1lint marcali k\u00e1ntor.<\/p>\n\n\n\n<figure class=\"wp-block-gallery columns-3 is-cropped wp-block-gallery-3 is-layout-flex wp-block-gallery-is-layout-flex\"><ul class=\"blocks-gallery-grid\"><li class=\"blocks-gallery-item\"><figure><img loading=\"lazy\" decoding=\"async\" width=\"1024\" height=\"683\" src=\"https:\/\/marcali.plebania.hu\/wp-content\/uploads\/2023\/10\/08-3-1024x683.jpg\" alt=\"\" data-id=\"5102\" data-full-url=\"https:\/\/marcali.plebania.hu\/wp-content\/uploads\/2023\/10\/08-3-scaled.jpg\" data-link=\"https:\/\/marcali.plebania.hu\/?attachment_id=5102\" class=\"wp-image-5102\" srcset=\"https:\/\/marcali.plebania.hu\/wp-content\/uploads\/2023\/10\/08-3-1024x683.jpg 1024w, https:\/\/marcali.plebania.hu\/wp-content\/uploads\/2023\/10\/08-3-300x200.jpg 300w, https:\/\/marcali.plebania.hu\/wp-content\/uploads\/2023\/10\/08-3-768x512.jpg 768w, https:\/\/marcali.plebania.hu\/wp-content\/uploads\/2023\/10\/08-3-1536x1024.jpg 1536w, https:\/\/marcali.plebania.hu\/wp-content\/uploads\/2023\/10\/08-3-2048x1365.jpg 2048w, https:\/\/marcali.plebania.hu\/wp-content\/uploads\/2023\/10\/08-3-405x270.jpg 405w\" sizes=\"auto, (max-width: 1024px) 100vw, 1024px\" \/><\/figure><\/li><li class=\"blocks-gallery-item\"><figure><img loading=\"lazy\" decoding=\"async\" width=\"1024\" height=\"683\" src=\"https:\/\/marcali.plebania.hu\/wp-content\/uploads\/2023\/10\/09-3-1024x683.jpg\" alt=\"\" data-id=\"5103\" data-full-url=\"https:\/\/marcali.plebania.hu\/wp-content\/uploads\/2023\/10\/09-3-scaled.jpg\" data-link=\"https:\/\/marcali.plebania.hu\/?attachment_id=5103\" class=\"wp-image-5103\" srcset=\"https:\/\/marcali.plebania.hu\/wp-content\/uploads\/2023\/10\/09-3-1024x683.jpg 1024w, https:\/\/marcali.plebania.hu\/wp-content\/uploads\/2023\/10\/09-3-300x200.jpg 300w, https:\/\/marcali.plebania.hu\/wp-content\/uploads\/2023\/10\/09-3-768x512.jpg 768w, https:\/\/marcali.plebania.hu\/wp-content\/uploads\/2023\/10\/09-3-1536x1024.jpg 1536w, https:\/\/marcali.plebania.hu\/wp-content\/uploads\/2023\/10\/09-3-2048x1365.jpg 2048w, https:\/\/marcali.plebania.hu\/wp-content\/uploads\/2023\/10\/09-3-405x270.jpg 405w\" sizes=\"auto, (max-width: 1024px) 100vw, 1024px\" \/><\/figure><\/li><li class=\"blocks-gallery-item\"><figure><img loading=\"lazy\" decoding=\"async\" width=\"1024\" height=\"683\" src=\"https:\/\/marcali.plebania.hu\/wp-content\/uploads\/2023\/10\/10-3-1024x683.jpg\" alt=\"\" data-id=\"5104\" data-full-url=\"https:\/\/marcali.plebania.hu\/wp-content\/uploads\/2023\/10\/10-3-scaled.jpg\" data-link=\"https:\/\/marcali.plebania.hu\/?attachment_id=5104\" class=\"wp-image-5104\" srcset=\"https:\/\/marcali.plebania.hu\/wp-content\/uploads\/2023\/10\/10-3-1024x683.jpg 1024w, https:\/\/marcali.plebania.hu\/wp-content\/uploads\/2023\/10\/10-3-300x200.jpg 300w, https:\/\/marcali.plebania.hu\/wp-content\/uploads\/2023\/10\/10-3-768x512.jpg 768w, https:\/\/marcali.plebania.hu\/wp-content\/uploads\/2023\/10\/10-3-1536x1024.jpg 1536w, https:\/\/marcali.plebania.hu\/wp-content\/uploads\/2023\/10\/10-3-2048x1365.jpg 2048w, https:\/\/marcali.plebania.hu\/wp-content\/uploads\/2023\/10\/10-3-405x270.jpg 405w\" sizes=\"auto, (max-width: 1024px) 100vw, 1024px\" \/><\/figure><\/li><li class=\"blocks-gallery-item\"><figure><img loading=\"lazy\" decoding=\"async\" width=\"1024\" height=\"683\" src=\"https:\/\/marcali.plebania.hu\/wp-content\/uploads\/2023\/10\/06-1-1024x683.jpg\" alt=\"\" data-id=\"5101\" data-link=\"https:\/\/marcali.plebania.hu\/?attachment_id=5101\" class=\"wp-image-5101\" srcset=\"https:\/\/marcali.plebania.hu\/wp-content\/uploads\/2023\/10\/06-1-1024x683.jpg 1024w, https:\/\/marcali.plebania.hu\/wp-content\/uploads\/2023\/10\/06-1-300x200.jpg 300w, https:\/\/marcali.plebania.hu\/wp-content\/uploads\/2023\/10\/06-1-768x512.jpg 768w, https:\/\/marcali.plebania.hu\/wp-content\/uploads\/2023\/10\/06-1-1536x1024.jpg 1536w, https:\/\/marcali.plebania.hu\/wp-content\/uploads\/2023\/10\/06-1-2048x1365.jpg 2048w, https:\/\/marcali.plebania.hu\/wp-content\/uploads\/2023\/10\/06-1-405x270.jpg 405w\" sizes=\"auto, (max-width: 1024px) 100vw, 1024px\" \/><\/figure><\/li><\/ul><\/figure>\n","protected":false},"excerpt":{"rendered":"<p>2023. okt\u00f3ber 22-\u00e9n vas\u00e1rnap, 11 \u00f3rakor Tomanek Ferenc \u00c1ron marcali pl\u00e9b\u00e1nos \u2013 els\u0151 alkalommal \u2013 celebr\u00e1lt b\u00facs\u00fai szentmis\u00e9t a bizei Szent Vendel templomban, melynek keret\u00e9ben megk\u00f6sz\u00f6nte K\u00e1roly J\u00e1nos templomatya t\u00f6bb mint 30 \u00e9ves elh\u00edvatott egyh\u00e1zk\u00f6zs\u00e9gi munk\u00e1j\u00e1t. K\u00e1roly J\u00e1nos b\u00e1csi 1988-89-t\u0151l \u2013 m\u00e9g R\u00e9vai J\u00f3zsef pr\u00e9post-pl\u00e9b\u00e1nos (1979-1993) idej\u00e9ben \u2013 lett a bizeiek templomatyja, \u00e9s att\u00f3l fogva \u2013 t\u00f6bb mint 30 \u00e9ven \u00e1t \u2013 Kiss Iv\u00e1n c. pr\u00e9post, esperes-pl\u00e9b\u00e1nos (1993-2023) mellett is szolg\u00e1lt \u00f6nzetlen\u00fcl. Sokr\u00e9t\u0171 munk\u00e1ja nemcsak a templom k\u00f6r\u00fcli kisebb jav\u00edt\u00e1sokra&#8230;<\/p>\n<p class=\"read-more\"><a class=\"btn btn-default\" href=\"https:\/\/marcali.plebania.hu\/?p=5089\"> Read More<span class=\"screen-reader-text\">  Read More<\/span><\/a><\/p>\n","protected":false},"author":2,"featured_media":0,"comment_status":"closed","ping_status":"open","sticky":false,"template":"","format":"standard","meta":{"footnotes":""},"categories":[1],"tags":[],"class_list":["post-5089","post","type-post","status-publish","format-standard","hentry","category-egyeb"],"_links":{"self":[{"href":"https:\/\/marcali.plebania.hu\/index.php?rest_route=\/wp\/v2\/posts\/5089","targetHints":{"allow":["GET"]}}],"collection":[{"href":"https:\/\/marcali.plebania.hu\/index.php?rest_route=\/wp\/v2\/posts"}],"about":[{"href":"https:\/\/marcali.plebania.hu\/index.php?rest_route=\/wp\/v2\/types\/post"}],"author":[{"embeddable":true,"href":"https:\/\/marcali.plebania.hu\/index.php?rest_route=\/wp\/v2\/users\/2"}],"replies":[{"embeddable":true,"href":"https:\/\/marcali.plebania.hu\/index.php?rest_route=%2Fwp%2Fv2%2Fcomments&post=5089"}],"version-history":[{"count":1,"href":"https:\/\/marcali.plebania.hu\/index.php?rest_route=\/wp\/v2\/posts\/5089\/revisions"}],"predecessor-version":[{"id":5105,"href":"https:\/\/marcali.plebania.hu\/index.php?rest_route=\/wp\/v2\/posts\/5089\/revisions\/5105"}],"wp:attachment":[{"href":"https:\/\/marcali.plebania.hu\/index.php?rest_route=%2Fwp%2Fv2%2Fmedia&parent=5089"}],"wp:term":[{"taxonomy":"category","embeddable":true,"href":"https:\/\/marcali.plebania.hu\/index.php?rest_route=%2Fwp%2Fv2%2Fcategories&post=5089"},{"taxonomy":"post_tag","embeddable":true,"href":"https:\/\/marcali.plebania.hu\/index.php?rest_route=%2Fwp%2Fv2%2Ftags&post=5089"}],"curies":[{"name":"wp","href":"https:\/\/api.w.org\/{rel}","templated":true}]}}