{"id":5107,"date":"2023-10-26T15:30:08","date_gmt":"2023-10-26T15:30:08","guid":{"rendered":"https:\/\/marcali.plebania.hu\/?p=5107"},"modified":"2023-10-26T15:30:08","modified_gmt":"2023-10-26T15:30:08","slug":"a-nemzeti-unnep-alkalmabol-az-egyhazkozseg-is-koszoruzott-a-varosi-megemlekezesen","status":"publish","type":"post","link":"https:\/\/marcali.plebania.hu\/?p=5107","title":{"rendered":"A Nemzeti \u00fcnnep alkalm\u00e1b\u00f3l az egyh\u00e1zk\u00f6zs\u00e9g is koszor\u00fazott a v\u00e1rosi megeml\u00e9kez\u00e9sen"},"content":{"rendered":"\n<p> 2023. okt\u00f3ber 23-\u00e1n, h\u00e9tf\u0151n 16 \u00f3rakor, a Nemzeti \u00fcnnep alkalm\u00e1b\u00f3l, Marcali V\u00e1ros \u00d6nkorm\u00e1nyzata a H\u0151s\u00f6k ter\u00e9n l\u00e9v\u0151 1956-os eml\u00e9km\u0171n\u00e9l tartott megeml\u00e9kez\u00e9st.<\/p>\n\n\n\n<figure class=\"wp-block-gallery columns-3 is-cropped wp-block-gallery-1 is-layout-flex wp-block-gallery-is-layout-flex\"><ul class=\"blocks-gallery-grid\"><li class=\"blocks-gallery-item\"><figure><img loading=\"lazy\" decoding=\"async\" width=\"1024\" height=\"683\" src=\"https:\/\/marcali.plebania.hu\/wp-content\/uploads\/2023\/10\/31-1-1024x683.jpg\" alt=\"\" data-id=\"5109\" data-link=\"https:\/\/marcali.plebania.hu\/?attachment_id=5109\" class=\"wp-image-5109\" srcset=\"https:\/\/marcali.plebania.hu\/wp-content\/uploads\/2023\/10\/31-1-1024x683.jpg 1024w, https:\/\/marcali.plebania.hu\/wp-content\/uploads\/2023\/10\/31-1-300x200.jpg 300w, https:\/\/marcali.plebania.hu\/wp-content\/uploads\/2023\/10\/31-1-768x512.jpg 768w, https:\/\/marcali.plebania.hu\/wp-content\/uploads\/2023\/10\/31-1-1536x1024.jpg 1536w, https:\/\/marcali.plebania.hu\/wp-content\/uploads\/2023\/10\/31-1-2048x1365.jpg 2048w, https:\/\/marcali.plebania.hu\/wp-content\/uploads\/2023\/10\/31-1-405x270.jpg 405w\" sizes=\"auto, (max-width: 1024px) 100vw, 1024px\" \/><\/figure><\/li><li class=\"blocks-gallery-item\"><figure><img loading=\"lazy\" decoding=\"async\" width=\"1024\" height=\"683\" src=\"https:\/\/marcali.plebania.hu\/wp-content\/uploads\/2023\/10\/29-1-1024x683.jpg\" alt=\"\" data-id=\"5110\" data-link=\"https:\/\/marcali.plebania.hu\/?attachment_id=5110\" class=\"wp-image-5110\" srcset=\"https:\/\/marcali.plebania.hu\/wp-content\/uploads\/2023\/10\/29-1-1024x683.jpg 1024w, https:\/\/marcali.plebania.hu\/wp-content\/uploads\/2023\/10\/29-1-300x200.jpg 300w, https:\/\/marcali.plebania.hu\/wp-content\/uploads\/2023\/10\/29-1-768x512.jpg 768w, https:\/\/marcali.plebania.hu\/wp-content\/uploads\/2023\/10\/29-1-1536x1024.jpg 1536w, https:\/\/marcali.plebania.hu\/wp-content\/uploads\/2023\/10\/29-1-2048x1365.jpg 2048w, https:\/\/marcali.plebania.hu\/wp-content\/uploads\/2023\/10\/29-1-405x270.jpg 405w\" sizes=\"auto, (max-width: 1024px) 100vw, 1024px\" \/><\/figure><\/li><li class=\"blocks-gallery-item\"><figure><img loading=\"lazy\" decoding=\"async\" width=\"1024\" height=\"683\" src=\"https:\/\/marcali.plebania.hu\/wp-content\/uploads\/2023\/10\/41-1024x683.jpg\" alt=\"\" data-id=\"5111\" data-full-url=\"https:\/\/marcali.plebania.hu\/wp-content\/uploads\/2023\/10\/41-scaled.jpg\" data-link=\"https:\/\/marcali.plebania.hu\/?attachment_id=5111\" class=\"wp-image-5111\" srcset=\"https:\/\/marcali.plebania.hu\/wp-content\/uploads\/2023\/10\/41-1024x683.jpg 1024w, https:\/\/marcali.plebania.hu\/wp-content\/uploads\/2023\/10\/41-300x200.jpg 300w, https:\/\/marcali.plebania.hu\/wp-content\/uploads\/2023\/10\/41-768x512.jpg 768w, https:\/\/marcali.plebania.hu\/wp-content\/uploads\/2023\/10\/41-1536x1024.jpg 1536w, https:\/\/marcali.plebania.hu\/wp-content\/uploads\/2023\/10\/41-2048x1365.jpg 2048w, https:\/\/marcali.plebania.hu\/wp-content\/uploads\/2023\/10\/41-405x270.jpg 405w\" sizes=\"auto, (max-width: 1024px) 100vw, 1024px\" \/><\/figure><\/li><li class=\"blocks-gallery-item\"><figure><img loading=\"lazy\" decoding=\"async\" width=\"1024\" height=\"683\" src=\"https:\/\/marcali.plebania.hu\/wp-content\/uploads\/2023\/10\/07-2-1024x683.jpg\" alt=\"\" data-id=\"5108\" data-link=\"https:\/\/marcali.plebania.hu\/?attachment_id=5108\" class=\"wp-image-5108\" srcset=\"https:\/\/marcali.plebania.hu\/wp-content\/uploads\/2023\/10\/07-2-1024x683.jpg 1024w, https:\/\/marcali.plebania.hu\/wp-content\/uploads\/2023\/10\/07-2-300x200.jpg 300w, https:\/\/marcali.plebania.hu\/wp-content\/uploads\/2023\/10\/07-2-768x512.jpg 768w, https:\/\/marcali.plebania.hu\/wp-content\/uploads\/2023\/10\/07-2-1536x1024.jpg 1536w, https:\/\/marcali.plebania.hu\/wp-content\/uploads\/2023\/10\/07-2-2048x1365.jpg 2048w, https:\/\/marcali.plebania.hu\/wp-content\/uploads\/2023\/10\/07-2-405x270.jpg 405w\" sizes=\"auto, (max-width: 1024px) 100vw, 1024px\" \/><\/figure><\/li><\/ul><\/figure>\n\n\n\n<p>A programban a Marcali Berzsenyi D\u00e1niel Gimn\u00e1zium di\u00e1kjai l\u00e9ptek fel verses-zen\u00e9s-t\u00e1ncos m\u0171sorral, majd pedig Domb\u00f3v\u00e1ri Kinga, a Berzsenyi D\u00e1niel V\u00e1rosi K\u00f6nyvt\u00e1r megb\u00edzott igazgat\u00f3ja mondott \u00fcnnepi besz\u00e9det.<\/p>\n\n\n\n<p>V\u00e9g\u00fcl a v\u00e1ros, az int\u00e9zm\u00e9nyeinek vezet\u0151i, a megjelent p\u00e1rtok \u00e9s civil szervezetek k\u00e9pvisel\u0151i koszor\u00faztak az 56-os eml\u00e9km\u0171n\u00e9l, valamint elhelyezt\u00e9k az eml\u00e9kez\u00e9s m\u00e9cseseit.<\/p>\n\n\n\n<figure class=\"wp-block-gallery columns-3 is-cropped wp-block-gallery-2 is-layout-flex wp-block-gallery-is-layout-flex\"><ul class=\"blocks-gallery-grid\"><li class=\"blocks-gallery-item\"><figure><img loading=\"lazy\" decoding=\"async\" width=\"1024\" height=\"683\" src=\"https:\/\/marcali.plebania.hu\/wp-content\/uploads\/2023\/10\/66-1024x683.jpg\" alt=\"\" data-id=\"5112\" data-link=\"https:\/\/marcali.plebania.hu\/?attachment_id=5112\" class=\"wp-image-5112\" srcset=\"https:\/\/marcali.plebania.hu\/wp-content\/uploads\/2023\/10\/66-1024x683.jpg 1024w, https:\/\/marcali.plebania.hu\/wp-content\/uploads\/2023\/10\/66-300x200.jpg 300w, https:\/\/marcali.plebania.hu\/wp-content\/uploads\/2023\/10\/66-768x512.jpg 768w, https:\/\/marcali.plebania.hu\/wp-content\/uploads\/2023\/10\/66-1536x1024.jpg 1536w, https:\/\/marcali.plebania.hu\/wp-content\/uploads\/2023\/10\/66-2048x1365.jpg 2048w, https:\/\/marcali.plebania.hu\/wp-content\/uploads\/2023\/10\/66-405x270.jpg 405w\" sizes=\"auto, (max-width: 1024px) 100vw, 1024px\" \/><\/figure><\/li><li class=\"blocks-gallery-item\"><figure><img loading=\"lazy\" decoding=\"async\" width=\"1024\" height=\"683\" src=\"https:\/\/marcali.plebania.hu\/wp-content\/uploads\/2023\/10\/68-1024x683.jpg\" alt=\"\" data-id=\"5113\" data-link=\"https:\/\/marcali.plebania.hu\/?attachment_id=5113\" class=\"wp-image-5113\" srcset=\"https:\/\/marcali.plebania.hu\/wp-content\/uploads\/2023\/10\/68-1024x683.jpg 1024w, https:\/\/marcali.plebania.hu\/wp-content\/uploads\/2023\/10\/68-300x200.jpg 300w, https:\/\/marcali.plebania.hu\/wp-content\/uploads\/2023\/10\/68-768x512.jpg 768w, https:\/\/marcali.plebania.hu\/wp-content\/uploads\/2023\/10\/68-1536x1024.jpg 1536w, https:\/\/marcali.plebania.hu\/wp-content\/uploads\/2023\/10\/68-2048x1365.jpg 2048w, https:\/\/marcali.plebania.hu\/wp-content\/uploads\/2023\/10\/68-405x270.jpg 405w\" sizes=\"auto, (max-width: 1024px) 100vw, 1024px\" \/><\/figure><\/li><li class=\"blocks-gallery-item\"><figure><img loading=\"lazy\" decoding=\"async\" width=\"1024\" height=\"683\" src=\"https:\/\/marcali.plebania.hu\/wp-content\/uploads\/2023\/10\/62-1024x683.jpg\" alt=\"\" data-id=\"5115\" data-full-url=\"https:\/\/marcali.plebania.hu\/wp-content\/uploads\/2023\/10\/62-scaled.jpg\" data-link=\"https:\/\/marcali.plebania.hu\/?attachment_id=5115\" class=\"wp-image-5115\" srcset=\"https:\/\/marcali.plebania.hu\/wp-content\/uploads\/2023\/10\/62-1024x683.jpg 1024w, https:\/\/marcali.plebania.hu\/wp-content\/uploads\/2023\/10\/62-300x200.jpg 300w, https:\/\/marcali.plebania.hu\/wp-content\/uploads\/2023\/10\/62-768x512.jpg 768w, https:\/\/marcali.plebania.hu\/wp-content\/uploads\/2023\/10\/62-1536x1024.jpg 1536w, https:\/\/marcali.plebania.hu\/wp-content\/uploads\/2023\/10\/62-2048x1365.jpg 2048w, https:\/\/marcali.plebania.hu\/wp-content\/uploads\/2023\/10\/62-405x270.jpg 405w\" sizes=\"auto, (max-width: 1024px) 100vw, 1024px\" \/><\/figure><\/li><li class=\"blocks-gallery-item\"><figure><img loading=\"lazy\" decoding=\"async\" width=\"1024\" height=\"683\" src=\"https:\/\/marcali.plebania.hu\/wp-content\/uploads\/2023\/10\/46-1024x683.jpg\" alt=\"\" data-id=\"5114\" data-link=\"https:\/\/marcali.plebania.hu\/?attachment_id=5114\" class=\"wp-image-5114\" srcset=\"https:\/\/marcali.plebania.hu\/wp-content\/uploads\/2023\/10\/46-1024x683.jpg 1024w, https:\/\/marcali.plebania.hu\/wp-content\/uploads\/2023\/10\/46-300x200.jpg 300w, https:\/\/marcali.plebania.hu\/wp-content\/uploads\/2023\/10\/46-768x512.jpg 768w, https:\/\/marcali.plebania.hu\/wp-content\/uploads\/2023\/10\/46-1536x1024.jpg 1536w, https:\/\/marcali.plebania.hu\/wp-content\/uploads\/2023\/10\/46-2048x1365.jpg 2048w, https:\/\/marcali.plebania.hu\/wp-content\/uploads\/2023\/10\/46-405x270.jpg 405w\" sizes=\"auto, (max-width: 1024px) 100vw, 1024px\" \/><\/figure><\/li><\/ul><\/figure>\n\n\n\n<p>A Marcali R\u00f3mai\nKatolikus Egyh\u00e1zk\u00f6zs\u00e9g nev\u00e9ben Gelencs\u00e9r R\u00f3bert vil\u00e1gi eln\u00f6k\n\u00e9s Kir\u00e1ly Jen\u0151 templomatya koszor\u00faztak.<\/p>\n","protected":false},"excerpt":{"rendered":"<p>2023. okt\u00f3ber 23-\u00e1n, h\u00e9tf\u0151n 16 \u00f3rakor, a Nemzeti \u00fcnnep alkalm\u00e1b\u00f3l, Marcali V\u00e1ros \u00d6nkorm\u00e1nyzata a H\u0151s\u00f6k ter\u00e9n l\u00e9v\u0151 1956-os eml\u00e9km\u0171n\u00e9l tartott megeml\u00e9kez\u00e9st. A programban a Marcali Berzsenyi D\u00e1niel Gimn\u00e1zium di\u00e1kjai l\u00e9ptek fel verses-zen\u00e9s-t\u00e1ncos m\u0171sorral, majd pedig Domb\u00f3v\u00e1ri Kinga, a Berzsenyi D\u00e1niel V\u00e1rosi K\u00f6nyvt\u00e1r megb\u00edzott igazgat\u00f3ja mondott \u00fcnnepi besz\u00e9det. V\u00e9g\u00fcl a v\u00e1ros, az int\u00e9zm\u00e9nyeinek vezet\u0151i, a megjelent p\u00e1rtok \u00e9s civil szervezetek k\u00e9pvisel\u0151i koszor\u00faztak az 56-os eml\u00e9km\u0171n\u00e9l, valamint elhelyezt\u00e9k az eml\u00e9kez\u00e9s m\u00e9cseseit. A Marcali R\u00f3mai Katolikus Egyh\u00e1zk\u00f6zs\u00e9g nev\u00e9ben Gelencs\u00e9r R\u00f3bert vil\u00e1gi eln\u00f6k \u00e9s&#8230;<\/p>\n<p class=\"read-more\"><a class=\"btn btn-default\" href=\"https:\/\/marcali.plebania.hu\/?p=5107\"> Read More<span class=\"screen-reader-text\">  Read More<\/span><\/a><\/p>\n","protected":false},"author":2,"featured_media":0,"comment_status":"closed","ping_status":"open","sticky":false,"template":"","format":"standard","meta":{"footnotes":""},"categories":[1],"tags":[],"class_list":["post-5107","post","type-post","status-publish","format-standard","hentry","category-egyeb"],"_links":{"self":[{"href":"https:\/\/marcali.plebania.hu\/index.php?rest_route=\/wp\/v2\/posts\/5107","targetHints":{"allow":["GET"]}}],"collection":[{"href":"https:\/\/marcali.plebania.hu\/index.php?rest_route=\/wp\/v2\/posts"}],"about":[{"href":"https:\/\/marcali.plebania.hu\/index.php?rest_route=\/wp\/v2\/types\/post"}],"author":[{"embeddable":true,"href":"https:\/\/marcali.plebania.hu\/index.php?rest_route=\/wp\/v2\/users\/2"}],"replies":[{"embeddable":true,"href":"https:\/\/marcali.plebania.hu\/index.php?rest_route=%2Fwp%2Fv2%2Fcomments&post=5107"}],"version-history":[{"count":1,"href":"https:\/\/marcali.plebania.hu\/index.php?rest_route=\/wp\/v2\/posts\/5107\/revisions"}],"predecessor-version":[{"id":5116,"href":"https:\/\/marcali.plebania.hu\/index.php?rest_route=\/wp\/v2\/posts\/5107\/revisions\/5116"}],"wp:attachment":[{"href":"https:\/\/marcali.plebania.hu\/index.php?rest_route=%2Fwp%2Fv2%2Fmedia&parent=5107"}],"wp:term":[{"taxonomy":"category","embeddable":true,"href":"https:\/\/marcali.plebania.hu\/index.php?rest_route=%2Fwp%2Fv2%2Fcategories&post=5107"},{"taxonomy":"post_tag","embeddable":true,"href":"https:\/\/marcali.plebania.hu\/index.php?rest_route=%2Fwp%2Fv2%2Ftags&post=5107"}],"curies":[{"name":"wp","href":"https:\/\/api.w.org\/{rel}","templated":true}]}}