{"id":5123,"date":"2023-10-30T16:27:18","date_gmt":"2023-10-30T16:27:18","guid":{"rendered":"https:\/\/marcali.plebania.hu\/?p=5123"},"modified":"2023-10-30T16:27:18","modified_gmt":"2023-10-30T16:27:18","slug":"hirdetesek-2023-oktober-29","status":"publish","type":"post","link":"https:\/\/marcali.plebania.hu\/?p=5123","title":{"rendered":"Hirdet\u00e9sek 2023. okt\u00f3ber 29."},"content":{"rendered":"\n<p><strong><a rel=\"noreferrer noopener\" href=\"https:\/\/igenaptar.katolikus.hu\/nap\/index.php?holnap=2023-10-29\" target=\"_blank\"><u>\u00c9vk\u00f6zi 30. vas\u00e1rnap<\/u><\/a><\/strong><\/p>\n\n\n\n<p><\/p>\n\n\n\n<ol class=\"wp-block-list\" start=\"1\">\n<li>K\u00f6sz\u00f6nj\u00fck a misszi\u00f3k jav\u00e1ra adott adom\u00e1nyaitokat.<\/li>\n\n\n\n<li>Az <strong>\u00f3ra\u00e1t\u00e1ll\u00edt\u00e1s <\/strong>ut\u00e1n a mai napt\u00f3l kezd\u0151d\u0151en az <strong>esti szentmis\u00e9k 17 \u00f3rakor <\/strong>kezd\u0151dnek. Keddig a r\u00f3zsaf\u00fcz\u00e9r im\u00e1dkoz\u00e1s\u00e1t is egy \u00f3r\u00e1val kor\u00e1bban kezdj\u00fck, 16:30-kor. K\u00f6sz\u00f6nj\u00fck a bekapcsol\u00f3d\u00e1st a k\u00f6z\u00f6s im\u00e1ba.<\/li>\n\n\n\n<li>November 1-je, <strong>Mindenszentek f\u0151\u00fcnnepe<\/strong> a vas\u00e1rnappal egyenrang\u00fa, parancsolt \u00fcnnep\u00fcnk. Akinek van r\u00e1 lehet\u0151s\u00e9ge, vegyen r\u00e9szt valamelyik f\u0151\u00fcnnepi szentmis\u00e9n. Templomunkban kedden 17 \u00f3rakor kezd\u0151dik az el\u0151esti szentmise. Szerd\u00e1n 17 \u00f3rakor kezd\u0151dik az \u00fcnnepi szentmise a temet\u0151ben.<\/li>\n\n\n\n<li>Szerd\u00e1n a Boldog Gizella-templom <strong>altemplom<\/strong>a reggelt\u0151l estig nyitva lesz.<\/li>\n\n\n\n<li>Cs\u00fct\u00f6rt\u00f6k\u00f6n, <strong>Halottak napj\u00e1n<\/strong> szentmis\u00e9t mondunk 9 \u00f3rakor a temet\u0151k\u00e1poln\u00e1n\u00e1l, 17 \u00f3rakor pedig a Boldog Gizella-templom altemplom\u00e1ban.<\/li>\n\n\n\n<li>A tiszt\u00edt\u00f3t\u0171zben szenved\u0151 lelkek jav\u00e1ra ford\u00edthat\u00f3<strong> teljes b\u00facs\u00fat nyerhet<\/strong> az a h\u00edv\u0151, aki nov. 1-t\u0151l 8-ig \u00e1h\u00edtatos l\u00e9lekkel temet\u0151t l\u00e1togat, s im\u00e1dkozik az elhunytak\u00e9rt vagy Halottak napj\u00e1n templomot vagy k\u00e1poln\u00e1t \u00e1h\u00edtattal megl\u00e1togat, s egy Miaty\u00e1nkot \u00e9s egy Hiszekegyet elim\u00e1dkozik. A teljes b\u00facs\u00fa elnyer\u00e9s\u00e9hez azon t\u00falmen\u0151en, hogy a l\u00e9leknek nem szabad ragaszkodnia semmif\u00e9le b\u0171nh\u00f6z, meg kell tenni a k\u00f6vetkez\u0151 h\u00e1rom felt\u00e9telt: szents\u00e9gi gy\u00f3n\u00e1s, szent\u00e1ldoz\u00e1s, a Szentatya sz\u00e1nd\u00e9k\u00e9ra t\u00f6rt\u00e9n\u0151 im\u00e1ds\u00e1g.<\/li>\n\n\n\n<li>A <strong>Karit\u00e1sz<\/strong>-tagok<strong> megbesz\u00e9l\u00e9s<\/strong>e p\u00e9nteken, az esti szentmise ut\u00e1n (kb. 17:45-kor) kezd\u0151dik a pl\u00e9b\u00e1ni\u00e1n.<\/li>\n\n\n\n<li>J\u00f6v\u0151 \u00e9vi <strong>napt\u00e1r <\/strong>\u00e9s <strong>kalend\u00e1rium <\/strong>a sekresty\u00e9ben kaphat\u00f3.<\/li>\n\n\n\n<li>A kaposv\u00e1ri Nagyboldogasszony Iskolak\u00f6zpont november 16-\u00e1n \u00e9s 17-\u00e9n ny\u00edlt napot tart a gimn\u00e1ziumi k\u00e9pz\u00e9s ir\u00e1nt \u00e9rdekl\u0151d\u0151k sz\u00e1m\u00e1ra. R\u00e9szletek az iskola honlapj\u00e1n, a katgim.hu oldalon olvashat\u00f3k.<\/li>\n\n\n\n<li>K\u00f6sz\u00f6nj\u00fck a jelentkez\u00e9seket az \u00e1prilisi nemzeti zar\u00e1ndoklatra. A jelentkez\u0151k n\u00e9vsor\u00e1t tov\u00e1bb\u00edtottuk a p\u00fcsp\u00f6ks\u00e9gre. Amint kapunk \u00faj inform\u00e1ci\u00f3kat az \u00fatr\u00f3l, t\u00e1j\u00e9koztatni fogjuk az \u00e9rintetteket.<\/li>\n<\/ol>\n","protected":false},"excerpt":{"rendered":"<p>\u00c9vk\u00f6zi 30. vas\u00e1rnap<\/p>\n","protected":false},"author":2,"featured_media":0,"comment_status":"closed","ping_status":"open","sticky":false,"template":"","format":"standard","meta":{"footnotes":""},"categories":[1],"tags":[],"class_list":["post-5123","post","type-post","status-publish","format-standard","hentry","category-egyeb"],"_links":{"self":[{"href":"https:\/\/marcali.plebania.hu\/index.php?rest_route=\/wp\/v2\/posts\/5123","targetHints":{"allow":["GET"]}}],"collection":[{"href":"https:\/\/marcali.plebania.hu\/index.php?rest_route=\/wp\/v2\/posts"}],"about":[{"href":"https:\/\/marcali.plebania.hu\/index.php?rest_route=\/wp\/v2\/types\/post"}],"author":[{"embeddable":true,"href":"https:\/\/marcali.plebania.hu\/index.php?rest_route=\/wp\/v2\/users\/2"}],"replies":[{"embeddable":true,"href":"https:\/\/marcali.plebania.hu\/index.php?rest_route=%2Fwp%2Fv2%2Fcomments&post=5123"}],"version-history":[{"count":1,"href":"https:\/\/marcali.plebania.hu\/index.php?rest_route=\/wp\/v2\/posts\/5123\/revisions"}],"predecessor-version":[{"id":5124,"href":"https:\/\/marcali.plebania.hu\/index.php?rest_route=\/wp\/v2\/posts\/5123\/revisions\/5124"}],"wp:attachment":[{"href":"https:\/\/marcali.plebania.hu\/index.php?rest_route=%2Fwp%2Fv2%2Fmedia&parent=5123"}],"wp:term":[{"taxonomy":"category","embeddable":true,"href":"https:\/\/marcali.plebania.hu\/index.php?rest_route=%2Fwp%2Fv2%2Fcategories&post=5123"},{"taxonomy":"post_tag","embeddable":true,"href":"https:\/\/marcali.plebania.hu\/index.php?rest_route=%2Fwp%2Fv2%2Ftags&post=5123"}],"curies":[{"name":"wp","href":"https:\/\/api.w.org\/{rel}","templated":true}]}}