{"id":514,"date":"2018-12-21T08:32:57","date_gmt":"2018-12-21T08:32:57","guid":{"rendered":"https:\/\/marcali.plebania.hu\/?p=514"},"modified":"2018-12-21T08:32:57","modified_gmt":"2018-12-21T08:32:57","slug":"a-marcali-karitasz-megajandekozta-a-gamesz-kozmunkasait","status":"publish","type":"post","link":"https:\/\/marcali.plebania.hu\/?p=514","title":{"rendered":"A Marcali Karit\u00e1sz megaj\u00e1nd\u00e9kozta a GAMESZ k\u00f6zmunk\u00e1sait"},"content":{"rendered":"<p>2018. december 19-\u00e9n, szerd\u00e1n d\u00e9lut\u00e1n a Marcali Karit\u00e1sz Csoport \u00f6nk\u00e9ntesei S\u00e1voly Andrea vezet\u00e9s\u00e9vel ell\u00e1togattak a GAMESZ sz\u00e9kh\u00e1z\u00e1ba, ahol a szoci\u00e1lisan r\u00e1szorul\u00f3 k\u00f6zmunk\u00e1soknak tart\u00f3s \u00e9lelmiszerekb\u0151l \u00e1ll\u00f3 csomagokat osztottak ki.<\/p>\n<p><img loading=\"lazy\" decoding=\"async\" class=\"aligncenter wp-image-515 size-large\" src=\"https:\/\/marcali.plebania.hu\/wp-content\/uploads\/2018\/12\/07-2-1024x683.jpg\" alt=\"\" width=\"640\" height=\"427\" srcset=\"https:\/\/marcali.plebania.hu\/wp-content\/uploads\/2018\/12\/07-2-1024x683.jpg 1024w, https:\/\/marcali.plebania.hu\/wp-content\/uploads\/2018\/12\/07-2-300x200.jpg 300w, https:\/\/marcali.plebania.hu\/wp-content\/uploads\/2018\/12\/07-2-768x512.jpg 768w, https:\/\/marcali.plebania.hu\/wp-content\/uploads\/2018\/12\/07-2-405x270.jpg 405w\" sizes=\"auto, (max-width: 640px) 100vw, 640px\" \/><\/p>\n<p>Az adom\u00e1nyokb\u00f3l \u00f6sszesen 19 f\u0151 r\u00e9szes\u00fclt, akik igen meg\u00f6r\u00fcltek az aj\u00e1nd\u00e9koknak a k\u00f6zeli kar\u00e1csonyi \u00fcnnep el\u0151tt, mivel nagy seg\u00edts\u00e9get jelent nekik \u00e9s csal\u00e1djaiknak is.<\/p>\n<p>&nbsp;<\/p>\n","protected":false},"excerpt":{"rendered":"<p>2018. december 19-\u00e9n, szerd\u00e1n d\u00e9lut\u00e1n a Marcali Karit\u00e1sz Csoport \u00f6nk\u00e9ntesei S\u00e1voly Andrea vezet\u00e9s\u00e9vel ell\u00e1togattak a GAMESZ sz\u00e9kh\u00e1z\u00e1ba, ahol a szoci\u00e1lisan r\u00e1szorul\u00f3 k\u00f6zmunk\u00e1soknak tart\u00f3s \u00e9lelmiszerekb\u0151l \u00e1ll\u00f3 csomagokat osztottak ki. Az adom\u00e1nyokb\u00f3l \u00f6sszesen 19 f\u0151 r\u00e9szes\u00fclt, akik igen meg\u00f6r\u00fcltek az aj\u00e1nd\u00e9koknak a k\u00f6zeli kar\u00e1csonyi \u00fcnnep el\u0151tt, mivel nagy seg\u00edts\u00e9get jelent nekik \u00e9s csal\u00e1djaiknak is. &nbsp;<\/p>\n","protected":false},"author":2,"featured_media":0,"comment_status":"closed","ping_status":"open","sticky":false,"template":"","format":"standard","meta":{"footnotes":""},"categories":[1],"tags":[],"class_list":["post-514","post","type-post","status-publish","format-standard","hentry","category-egyeb"],"_links":{"self":[{"href":"https:\/\/marcali.plebania.hu\/index.php?rest_route=\/wp\/v2\/posts\/514","targetHints":{"allow":["GET"]}}],"collection":[{"href":"https:\/\/marcali.plebania.hu\/index.php?rest_route=\/wp\/v2\/posts"}],"about":[{"href":"https:\/\/marcali.plebania.hu\/index.php?rest_route=\/wp\/v2\/types\/post"}],"author":[{"embeddable":true,"href":"https:\/\/marcali.plebania.hu\/index.php?rest_route=\/wp\/v2\/users\/2"}],"replies":[{"embeddable":true,"href":"https:\/\/marcali.plebania.hu\/index.php?rest_route=%2Fwp%2Fv2%2Fcomments&post=514"}],"version-history":[{"count":1,"href":"https:\/\/marcali.plebania.hu\/index.php?rest_route=\/wp\/v2\/posts\/514\/revisions"}],"predecessor-version":[{"id":516,"href":"https:\/\/marcali.plebania.hu\/index.php?rest_route=\/wp\/v2\/posts\/514\/revisions\/516"}],"wp:attachment":[{"href":"https:\/\/marcali.plebania.hu\/index.php?rest_route=%2Fwp%2Fv2%2Fmedia&parent=514"}],"wp:term":[{"taxonomy":"category","embeddable":true,"href":"https:\/\/marcali.plebania.hu\/index.php?rest_route=%2Fwp%2Fv2%2Fcategories&post=514"},{"taxonomy":"post_tag","embeddable":true,"href":"https:\/\/marcali.plebania.hu\/index.php?rest_route=%2Fwp%2Fv2%2Ftags&post=514"}],"curies":[{"name":"wp","href":"https:\/\/api.w.org\/{rel}","templated":true}]}}