{"id":5145,"date":"2023-11-13T14:58:09","date_gmt":"2023-11-13T14:58:09","guid":{"rendered":"https:\/\/marcali.plebania.hu\/?p=5145"},"modified":"2023-11-13T14:58:09","modified_gmt":"2023-11-13T14:58:09","slug":"unnepi-szentmiset-tartottak-a-marcali-karitasz-csoport-megujitasa-alkalmabol","status":"publish","type":"post","link":"https:\/\/marcali.plebania.hu\/?p=5145","title":{"rendered":"\u00dcnnepi szentmis\u00e9t tartottak a Marcali Karit\u00e1sz Csoport meg\u00faj\u00edt\u00e1sa alkalm\u00e1b\u00f3l"},"content":{"rendered":"\n<p><strong>Megk\u00f6sz\u00f6nt\u00e9k az \u00f6nk\u00e9ntesek munk\u00e1j\u00e1t<\/strong><\/p>\n\n\n\n<p>2023. november 8-\u00e1n, szerd\u00e1n 17 \u00f3rakor Tomanek Ferenc \u00c1ron pl\u00e9b\u00e1nos \u00fcnnepi szentmis\u00e9t mutatott be a Gy\u00fcm\u00f6lcsolt\u00f3 Boldogasszony Pl\u00e9b\u00e1niatemplomban a Marcali Karit\u00e1sz Csoport meg\u00faj\u00edt\u00e1sa alkalm\u00e1b\u00f3l. A jelenl\u00e9v\u0151k egy\u00fctt adtak h\u00e1l\u00e1t Istennek az elm\u00falt 27 \u00e9v\u00e9rt, melyet a betegek, \u00f6regek, elesettek, szeg\u00e9nyek, h\u00e1tr\u00e1nyos helyzet\u0171 csal\u00e1dok \u00e9s gyermekek \u00e9rdek\u00e9ben \u00f6nk\u00e9ntesen tettek. A Marcali Karit\u00e1sz Csoport ugyanis 1996. november 22-\u00e9n alakult meg az X-h\u00e1zban (D\u00f3zsa u. 3.) 18 f\u0151vel. A l\u00e9tsz\u00e1muk az\u00f3ta sem v\u00e1ltozott, csak id\u0151k\u00f6zben \u2013 k\u00fcl\u00f6nf\u00e9le okok (pl. betegs\u00e9g, hal\u00e1loz\u00e1s stb.) miatt \u2013 a szem\u00e9lyek cser\u00e9l\u0151dtek.<\/p>\n\n\n\n<figure class=\"wp-block-gallery has-nested-images columns-default is-cropped wp-block-gallery-1 is-layout-flex wp-block-gallery-is-layout-flex\">\n<figure class=\"wp-block-image size-large\"><img loading=\"lazy\" decoding=\"async\" width=\"1024\" height=\"683\" data-id=\"5149\" src=\"https:\/\/marcali.plebania.hu\/wp-content\/uploads\/2023\/11\/01-1024x683.jpg\" alt=\"\" class=\"wp-image-5149\" srcset=\"https:\/\/marcali.plebania.hu\/wp-content\/uploads\/2023\/11\/01-1024x683.jpg 1024w, https:\/\/marcali.plebania.hu\/wp-content\/uploads\/2023\/11\/01-300x200.jpg 300w, https:\/\/marcali.plebania.hu\/wp-content\/uploads\/2023\/11\/01-768x512.jpg 768w, https:\/\/marcali.plebania.hu\/wp-content\/uploads\/2023\/11\/01-1536x1024.jpg 1536w, https:\/\/marcali.plebania.hu\/wp-content\/uploads\/2023\/11\/01-2048x1365.jpg 2048w, https:\/\/marcali.plebania.hu\/wp-content\/uploads\/2023\/11\/01-405x270.jpg 405w\" sizes=\"auto, (max-width: 1024px) 100vw, 1024px\" \/><\/figure>\n\n\n\n<figure class=\"wp-block-image size-large\"><img loading=\"lazy\" decoding=\"async\" width=\"1024\" height=\"683\" data-id=\"5146\" src=\"https:\/\/marcali.plebania.hu\/wp-content\/uploads\/2023\/11\/02-1024x683.jpg\" alt=\"\" class=\"wp-image-5146\" srcset=\"https:\/\/marcali.plebania.hu\/wp-content\/uploads\/2023\/11\/02-1024x683.jpg 1024w, https:\/\/marcali.plebania.hu\/wp-content\/uploads\/2023\/11\/02-300x200.jpg 300w, https:\/\/marcali.plebania.hu\/wp-content\/uploads\/2023\/11\/02-768x512.jpg 768w, https:\/\/marcali.plebania.hu\/wp-content\/uploads\/2023\/11\/02-1536x1024.jpg 1536w, https:\/\/marcali.plebania.hu\/wp-content\/uploads\/2023\/11\/02-2048x1365.jpg 2048w, https:\/\/marcali.plebania.hu\/wp-content\/uploads\/2023\/11\/02-405x270.jpg 405w\" sizes=\"auto, (max-width: 1024px) 100vw, 1024px\" \/><\/figure>\n\n\n\n<figure class=\"wp-block-image size-large\"><img loading=\"lazy\" decoding=\"async\" width=\"1024\" height=\"683\" data-id=\"5147\" src=\"https:\/\/marcali.plebania.hu\/wp-content\/uploads\/2023\/11\/03-1024x683.jpg\" alt=\"\" class=\"wp-image-5147\" srcset=\"https:\/\/marcali.plebania.hu\/wp-content\/uploads\/2023\/11\/03-1024x683.jpg 1024w, https:\/\/marcali.plebania.hu\/wp-content\/uploads\/2023\/11\/03-300x200.jpg 300w, https:\/\/marcali.plebania.hu\/wp-content\/uploads\/2023\/11\/03-768x512.jpg 768w, https:\/\/marcali.plebania.hu\/wp-content\/uploads\/2023\/11\/03-1536x1024.jpg 1536w, https:\/\/marcali.plebania.hu\/wp-content\/uploads\/2023\/11\/03-2048x1365.jpg 2048w, https:\/\/marcali.plebania.hu\/wp-content\/uploads\/2023\/11\/03-405x270.jpg 405w\" sizes=\"auto, (max-width: 1024px) 100vw, 1024px\" \/><\/figure>\n\n\n\n<figure class=\"wp-block-image size-large\"><img loading=\"lazy\" decoding=\"async\" width=\"1024\" height=\"683\" data-id=\"5148\" src=\"https:\/\/marcali.plebania.hu\/wp-content\/uploads\/2023\/11\/04-1024x683.jpg\" alt=\"\" class=\"wp-image-5148\" srcset=\"https:\/\/marcali.plebania.hu\/wp-content\/uploads\/2023\/11\/04-1024x683.jpg 1024w, https:\/\/marcali.plebania.hu\/wp-content\/uploads\/2023\/11\/04-300x200.jpg 300w, https:\/\/marcali.plebania.hu\/wp-content\/uploads\/2023\/11\/04-768x512.jpg 768w, https:\/\/marcali.plebania.hu\/wp-content\/uploads\/2023\/11\/04-1536x1024.jpg 1536w, https:\/\/marcali.plebania.hu\/wp-content\/uploads\/2023\/11\/04-2048x1365.jpg 2048w, https:\/\/marcali.plebania.hu\/wp-content\/uploads\/2023\/11\/04-405x270.jpg 405w\" sizes=\"auto, (max-width: 1024px) 100vw, 1024px\" \/><\/figure>\n<\/figure>\n\n\n\n<p>Az istentiszteleten Feket\u00e9n\u00e9 Szab\u00f3 M\u00e1rta, a Kaposv\u00e1ri Egyh\u00e1zmegyei Karit\u00e1sz igazgat\u00f3ja \u00e9s h\u00e1rom koll\u00e9g\u00e1ja is r\u00e9szt vett, majd pedig ezt k\u00f6vet\u0151en megk\u00f6sz\u00f6nte h\u00e1rom marcali \u00f6nk\u00e9ntes hossz\u00fa \u00e9vtizedes helyt\u00e1ll\u00e1s\u00e1t.<\/p>\n\n\n\n<p>Az igazgat\u00f3n\u0151t\u0151l \u2013 egy csokor vir\u00e1g k\u00eds\u00e9ret\u00e9ben \u2013 k\u00f6sz\u00f6n\u0151 \u00e9s elismer\u0151 eml\u00e9klapot kapott J\u00e1ki Zolt\u00e1nn\u00e9, aki hossz\u00fa id\u0151n kereszt\u00fcl \u00e1ldozatos munk\u00e1t folytatott az egyh\u00e1zmegye igazgat\u00f3jak\u00e9nt, csoportvezet\u0151k\u00e9nt \u00e9s \u00f6nk\u00e9ntesk\u00e9nt is. Mint a laud\u00e1ci\u00f3j\u00e1ban \u00edrt\u00e1k: \u201eA r\u00e1szorul\u00f3k t\u00e1mogat\u00e1s\u00e1\u00e9rt v\u00e9gzett szolg\u00e1lat\u00e1ban mindig jelen volt a krisztusi szeretet.\u201d Ugyancsak elismert\u00e9k J\u00e1ki Zolt\u00e1n elk\u00f6telezett munk\u00e1j\u00e1t, aki csoportvezet\u0151k\u00e9nt \u00e9s \u00f6nk\u00e9ntesk\u00e9nt is sok\u00e1ig tev\u00e9kenykedett Marcaliban; valamint megk\u00f6sz\u00f6nt\u00e9k m\u00e9g Vida Endr\u00e9n\u00e9 karit\u00e1sz \u00f6nk\u00e9ntes t\u00f6bb \u00e9vtizedes helyt\u00e1ll\u00e1s\u00e1t is. A Marcali Csoport vezet\u0151je, S\u00e1voly Andrea pedig st\u00edlusosan \u2013 Szent Erzs\u00e9betre, a Karit\u00e1sz v\u00e9d\u0151szentj\u00e9re utalva \u2013 egy-egy sz\u00e1l piros r\u00f3zs\u00e1val h\u00e1l\u00e1lta meg a mostani alkalommal kit\u00fcntetettek munk\u00e1j\u00e1t.<\/p>\n\n\n\n<figure class=\"wp-block-gallery has-nested-images columns-default is-cropped wp-block-gallery-2 is-layout-flex wp-block-gallery-is-layout-flex\">\n<figure class=\"wp-block-image size-large\"><img loading=\"lazy\" decoding=\"async\" width=\"1024\" height=\"683\" data-id=\"5152\" src=\"https:\/\/marcali.plebania.hu\/wp-content\/uploads\/2023\/11\/31-1024x683.jpg\" alt=\"\" class=\"wp-image-5152\" srcset=\"https:\/\/marcali.plebania.hu\/wp-content\/uploads\/2023\/11\/31-1024x683.jpg 1024w, https:\/\/marcali.plebania.hu\/wp-content\/uploads\/2023\/11\/31-300x200.jpg 300w, https:\/\/marcali.plebania.hu\/wp-content\/uploads\/2023\/11\/31-768x512.jpg 768w, https:\/\/marcali.plebania.hu\/wp-content\/uploads\/2023\/11\/31-1536x1024.jpg 1536w, https:\/\/marcali.plebania.hu\/wp-content\/uploads\/2023\/11\/31-2048x1365.jpg 2048w, https:\/\/marcali.plebania.hu\/wp-content\/uploads\/2023\/11\/31-405x270.jpg 405w\" sizes=\"auto, (max-width: 1024px) 100vw, 1024px\" \/><\/figure>\n\n\n\n<figure class=\"wp-block-image size-large\"><img loading=\"lazy\" decoding=\"async\" width=\"1024\" height=\"683\" data-id=\"5151\" src=\"https:\/\/marcali.plebania.hu\/wp-content\/uploads\/2023\/11\/33-1024x683.jpg\" alt=\"\" class=\"wp-image-5151\" srcset=\"https:\/\/marcali.plebania.hu\/wp-content\/uploads\/2023\/11\/33-1024x683.jpg 1024w, https:\/\/marcali.plebania.hu\/wp-content\/uploads\/2023\/11\/33-300x200.jpg 300w, https:\/\/marcali.plebania.hu\/wp-content\/uploads\/2023\/11\/33-768x512.jpg 768w, https:\/\/marcali.plebania.hu\/wp-content\/uploads\/2023\/11\/33-1536x1024.jpg 1536w, https:\/\/marcali.plebania.hu\/wp-content\/uploads\/2023\/11\/33-2048x1365.jpg 2048w, https:\/\/marcali.plebania.hu\/wp-content\/uploads\/2023\/11\/33-405x270.jpg 405w\" sizes=\"auto, (max-width: 1024px) 100vw, 1024px\" \/><\/figure>\n\n\n\n<figure class=\"wp-block-image size-large\"><img loading=\"lazy\" decoding=\"async\" width=\"1024\" height=\"683\" data-id=\"5154\" src=\"https:\/\/marcali.plebania.hu\/wp-content\/uploads\/2023\/11\/38-1024x683.jpg\" alt=\"\" class=\"wp-image-5154\" srcset=\"https:\/\/marcali.plebania.hu\/wp-content\/uploads\/2023\/11\/38-1024x683.jpg 1024w, https:\/\/marcali.plebania.hu\/wp-content\/uploads\/2023\/11\/38-300x200.jpg 300w, https:\/\/marcali.plebania.hu\/wp-content\/uploads\/2023\/11\/38-768x512.jpg 768w, https:\/\/marcali.plebania.hu\/wp-content\/uploads\/2023\/11\/38-1536x1024.jpg 1536w, https:\/\/marcali.plebania.hu\/wp-content\/uploads\/2023\/11\/38-2048x1365.jpg 2048w, https:\/\/marcali.plebania.hu\/wp-content\/uploads\/2023\/11\/38-405x270.jpg 405w\" sizes=\"auto, (max-width: 1024px) 100vw, 1024px\" \/><\/figure>\n\n\n\n<figure class=\"wp-block-image size-large\"><img loading=\"lazy\" decoding=\"async\" width=\"1024\" height=\"683\" data-id=\"5155\" src=\"https:\/\/marcali.plebania.hu\/wp-content\/uploads\/2023\/11\/45-1024x683.jpg\" alt=\"\" class=\"wp-image-5155\" srcset=\"https:\/\/marcali.plebania.hu\/wp-content\/uploads\/2023\/11\/45-1024x683.jpg 1024w, https:\/\/marcali.plebania.hu\/wp-content\/uploads\/2023\/11\/45-300x200.jpg 300w, https:\/\/marcali.plebania.hu\/wp-content\/uploads\/2023\/11\/45-768x512.jpg 768w, https:\/\/marcali.plebania.hu\/wp-content\/uploads\/2023\/11\/45-1536x1024.jpg 1536w, https:\/\/marcali.plebania.hu\/wp-content\/uploads\/2023\/11\/45-2048x1365.jpg 2048w, https:\/\/marcali.plebania.hu\/wp-content\/uploads\/2023\/11\/45-405x270.jpg 405w\" sizes=\"auto, (max-width: 1024px) 100vw, 1024px\" \/><\/figure>\n<\/figure>\n\n\n\n<p>Feket\u00e9n\u00e9 Szab\u00f3 M\u00e1rta v\u00e9g\u00fcl pedig egy eml\u00e9kplakettet adott \u00e1t Tomanek Ferenc \u00c1ron aty\u00e1nak, aki lelkip\u00e1sztork\u00e9nt t\u00f6bb mint 10 \u00e9vig Kaposv\u00e1ron seg\u00edtette, t\u00e1mogatta az ottani \u00f6nk\u00e9ntes munk\u00e1t.<\/p>\n\n\n\n<p>A szentmise v\u00e9g\u00e9n az \u00faj \u00e9s a r\u00e9gi karit\u00e1sz tagok egy\u00fctt mondt\u00e1k el a Karit\u00e1sz munkat\u00e1rsak im\u00e1j\u00e1t, melyben megk\u00f6sz\u00f6nt\u00e9k Istennek, hogy szeretete erej\u00e9vel, az akarat\u00e1t cselekedhett\u00e9k a j\u00f3szolg\u00e1lati munk\u00e1ban, \u00e9s tov\u00e1bbra is k\u00e9rt\u00e9k a Szentl\u00e9lek seg\u00edts\u00e9g\u00e9t a j\u00f6v\u0151beli tev\u00e9kenys\u00e9g\u00fckre.<\/p>\n\n\n\n<figure class=\"wp-block-gallery has-nested-images columns-default is-cropped wp-block-gallery-3 is-layout-flex wp-block-gallery-is-layout-flex\">\n<figure class=\"wp-block-image size-large\"><img loading=\"lazy\" decoding=\"async\" width=\"1024\" height=\"683\" data-id=\"5159\" src=\"https:\/\/marcali.plebania.hu\/wp-content\/uploads\/2023\/11\/51-1024x683.jpg\" alt=\"\" class=\"wp-image-5159\" srcset=\"https:\/\/marcali.plebania.hu\/wp-content\/uploads\/2023\/11\/51-1024x683.jpg 1024w, https:\/\/marcali.plebania.hu\/wp-content\/uploads\/2023\/11\/51-300x200.jpg 300w, https:\/\/marcali.plebania.hu\/wp-content\/uploads\/2023\/11\/51-768x512.jpg 768w, https:\/\/marcali.plebania.hu\/wp-content\/uploads\/2023\/11\/51-1536x1024.jpg 1536w, https:\/\/marcali.plebania.hu\/wp-content\/uploads\/2023\/11\/51-2048x1365.jpg 2048w, https:\/\/marcali.plebania.hu\/wp-content\/uploads\/2023\/11\/51-405x270.jpg 405w\" sizes=\"auto, (max-width: 1024px) 100vw, 1024px\" \/><\/figure>\n\n\n\n<figure class=\"wp-block-image size-large\"><img loading=\"lazy\" decoding=\"async\" width=\"1024\" height=\"683\" data-id=\"5158\" src=\"https:\/\/marcali.plebania.hu\/wp-content\/uploads\/2023\/11\/52-1024x683.jpg\" alt=\"\" class=\"wp-image-5158\" srcset=\"https:\/\/marcali.plebania.hu\/wp-content\/uploads\/2023\/11\/52-1024x683.jpg 1024w, https:\/\/marcali.plebania.hu\/wp-content\/uploads\/2023\/11\/52-300x200.jpg 300w, https:\/\/marcali.plebania.hu\/wp-content\/uploads\/2023\/11\/52-768x512.jpg 768w, https:\/\/marcali.plebania.hu\/wp-content\/uploads\/2023\/11\/52-1536x1024.jpg 1536w, https:\/\/marcali.plebania.hu\/wp-content\/uploads\/2023\/11\/52-2048x1365.jpg 2048w, https:\/\/marcali.plebania.hu\/wp-content\/uploads\/2023\/11\/52-405x270.jpg 405w\" sizes=\"auto, (max-width: 1024px) 100vw, 1024px\" \/><\/figure>\n\n\n\n<figure class=\"wp-block-image size-large\"><img loading=\"lazy\" decoding=\"async\" width=\"1024\" height=\"683\" data-id=\"5157\" src=\"https:\/\/marcali.plebania.hu\/wp-content\/uploads\/2023\/11\/53-1024x683.jpg\" alt=\"\" class=\"wp-image-5157\" srcset=\"https:\/\/marcali.plebania.hu\/wp-content\/uploads\/2023\/11\/53-1024x683.jpg 1024w, https:\/\/marcali.plebania.hu\/wp-content\/uploads\/2023\/11\/53-300x200.jpg 300w, https:\/\/marcali.plebania.hu\/wp-content\/uploads\/2023\/11\/53-768x512.jpg 768w, https:\/\/marcali.plebania.hu\/wp-content\/uploads\/2023\/11\/53-1536x1024.jpg 1536w, https:\/\/marcali.plebania.hu\/wp-content\/uploads\/2023\/11\/53-2048x1365.jpg 2048w, https:\/\/marcali.plebania.hu\/wp-content\/uploads\/2023\/11\/53-405x270.jpg 405w\" sizes=\"auto, (max-width: 1024px) 100vw, 1024px\" \/><\/figure>\n\n\n\n<figure class=\"wp-block-image size-large\"><img loading=\"lazy\" decoding=\"async\" width=\"1024\" height=\"683\" data-id=\"5156\" src=\"https:\/\/marcali.plebania.hu\/wp-content\/uploads\/2023\/11\/50-1024x683.jpg\" alt=\"\" class=\"wp-image-5156\" srcset=\"https:\/\/marcali.plebania.hu\/wp-content\/uploads\/2023\/11\/50-1024x683.jpg 1024w, https:\/\/marcali.plebania.hu\/wp-content\/uploads\/2023\/11\/50-300x200.jpg 300w, https:\/\/marcali.plebania.hu\/wp-content\/uploads\/2023\/11\/50-768x512.jpg 768w, https:\/\/marcali.plebania.hu\/wp-content\/uploads\/2023\/11\/50-1536x1024.jpg 1536w, https:\/\/marcali.plebania.hu\/wp-content\/uploads\/2023\/11\/50-2048x1365.jpg 2048w, https:\/\/marcali.plebania.hu\/wp-content\/uploads\/2023\/11\/50-405x270.jpg 405w\" sizes=\"auto, (max-width: 1024px) 100vw, 1024px\" \/><\/figure>\n<\/figure>\n\n\n\n<p>Ezt k\u00f6vet\u0151en a pl\u00e9b\u00e1ni\u00e1n egy vid\u00e1m hangulat\u00fa besz\u00e9lget\u00e9ssel egybek\u00f6t\u00f6tt fogad\u00e1son l\u00e1tt\u00e1k vend\u00e9g\u00fcl a jelenl\u00e9v\u0151 karit\u00e1sz aktivist\u00e1kat.<\/p>\n","protected":false},"excerpt":{"rendered":"<p>Megk\u00f6sz\u00f6nt\u00e9k az \u00f6nk\u00e9ntesek munk\u00e1j\u00e1t 2023. november 8-\u00e1n, szerd\u00e1n 17 \u00f3rakor Tomanek Ferenc \u00c1ron pl\u00e9b\u00e1nos \u00fcnnepi szentmis\u00e9t mutatott be a Gy\u00fcm\u00f6lcsolt\u00f3 Boldogasszony Pl\u00e9b\u00e1niatemplomban a Marcali Karit\u00e1sz Csoport meg\u00faj\u00edt\u00e1sa alkalm\u00e1b\u00f3l. A jelenl\u00e9v\u0151k egy\u00fctt adtak h\u00e1l\u00e1t Istennek az elm\u00falt 27 \u00e9v\u00e9rt, melyet a betegek, \u00f6regek, elesettek, szeg\u00e9nyek, h\u00e1tr\u00e1nyos helyzet\u0171 csal\u00e1dok \u00e9s gyermekek \u00e9rdek\u00e9ben \u00f6nk\u00e9ntesen tettek. A Marcali Karit\u00e1sz Csoport ugyanis 1996. november 22-\u00e9n alakult meg az X-h\u00e1zban (D\u00f3zsa u. 3.) 18 f\u0151vel. A l\u00e9tsz\u00e1muk az\u00f3ta sem v\u00e1ltozott, csak id\u0151k\u00f6zben \u2013 k\u00fcl\u00f6nf\u00e9le okok (pl&#8230;.<\/p>\n<p class=\"read-more\"><a class=\"btn btn-default\" href=\"https:\/\/marcali.plebania.hu\/?p=5145\"> Read More<span class=\"screen-reader-text\">  Read More<\/span><\/a><\/p>\n","protected":false},"author":2,"featured_media":0,"comment_status":"closed","ping_status":"open","sticky":false,"template":"","format":"standard","meta":{"footnotes":""},"categories":[1],"tags":[],"class_list":["post-5145","post","type-post","status-publish","format-standard","hentry","category-egyeb"],"_links":{"self":[{"href":"https:\/\/marcali.plebania.hu\/index.php?rest_route=\/wp\/v2\/posts\/5145","targetHints":{"allow":["GET"]}}],"collection":[{"href":"https:\/\/marcali.plebania.hu\/index.php?rest_route=\/wp\/v2\/posts"}],"about":[{"href":"https:\/\/marcali.plebania.hu\/index.php?rest_route=\/wp\/v2\/types\/post"}],"author":[{"embeddable":true,"href":"https:\/\/marcali.plebania.hu\/index.php?rest_route=\/wp\/v2\/users\/2"}],"replies":[{"embeddable":true,"href":"https:\/\/marcali.plebania.hu\/index.php?rest_route=%2Fwp%2Fv2%2Fcomments&post=5145"}],"version-history":[{"count":1,"href":"https:\/\/marcali.plebania.hu\/index.php?rest_route=\/wp\/v2\/posts\/5145\/revisions"}],"predecessor-version":[{"id":5160,"href":"https:\/\/marcali.plebania.hu\/index.php?rest_route=\/wp\/v2\/posts\/5145\/revisions\/5160"}],"wp:attachment":[{"href":"https:\/\/marcali.plebania.hu\/index.php?rest_route=%2Fwp%2Fv2%2Fmedia&parent=5145"}],"wp:term":[{"taxonomy":"category","embeddable":true,"href":"https:\/\/marcali.plebania.hu\/index.php?rest_route=%2Fwp%2Fv2%2Fcategories&post=5145"},{"taxonomy":"post_tag","embeddable":true,"href":"https:\/\/marcali.plebania.hu\/index.php?rest_route=%2Fwp%2Fv2%2Ftags&post=5145"}],"curies":[{"name":"wp","href":"https:\/\/api.w.org\/{rel}","templated":true}]}}