{"id":5164,"date":"2023-11-21T09:48:03","date_gmt":"2023-11-21T09:48:03","guid":{"rendered":"https:\/\/marcali.plebania.hu\/?p=5164"},"modified":"2023-11-21T09:48:03","modified_gmt":"2023-11-21T09:48:03","slug":"szent-erzsebet-napi-kenyermegaldas-a-karitasz-vedoszentjenek-unnepen","status":"publish","type":"post","link":"https:\/\/marcali.plebania.hu\/?p=5164","title":{"rendered":"Szent Erzs\u00e9bet napi keny\u00e9rmeg\u00e1ld\u00e1s a Karit\u00e1sz v\u00e9d\u0151szentj\u00e9nek \u00fcnnep\u00e9n"},"content":{"rendered":"\n<p>2023. november 18-\u00e1n, szombaton 17 \u00f3rakor Tomanek Ferenc \u00c1ron pl\u00e9b\u00e1nos \u00fcnnepi szentmis\u00e9t mutatott be a Gy\u00fcm\u00f6lcsolt\u00f3 Boldogasszony Pl\u00e9b\u00e1niatemplomban, a Marcali Karit\u00e1sz Csoport tagjainak jelenl\u00e9t\u00e9ben, Szent Erzs\u00e9bet \u00fcnnepe alkalm\u00e1b\u00f3l. Majd a szentmise v\u00e9g\u00e9n meg\u00e1ldotta azokat a keny\u00e9r-szeleteket, melyeket az aktivist\u00e1k egy-egy szentk\u00e9p k\u00eds\u00e9ret\u00e9ben osztottak ki a jelenl\u00e9v\u0151 h\u00edveknek.<\/p>\n\n\n\n<figure class=\"wp-block-gallery has-nested-images columns-default is-cropped wp-block-gallery-1 is-layout-flex wp-block-gallery-is-layout-flex\">\n<figure class=\"wp-block-image size-large\"><img loading=\"lazy\" decoding=\"async\" width=\"1024\" height=\"683\" data-id=\"5168\" src=\"https:\/\/marcali.plebania.hu\/wp-content\/uploads\/2023\/11\/01-1-1024x683.jpg\" alt=\"\" class=\"wp-image-5168\" srcset=\"https:\/\/marcali.plebania.hu\/wp-content\/uploads\/2023\/11\/01-1-1024x683.jpg 1024w, https:\/\/marcali.plebania.hu\/wp-content\/uploads\/2023\/11\/01-1-300x200.jpg 300w, https:\/\/marcali.plebania.hu\/wp-content\/uploads\/2023\/11\/01-1-768x512.jpg 768w, https:\/\/marcali.plebania.hu\/wp-content\/uploads\/2023\/11\/01-1-1536x1024.jpg 1536w, https:\/\/marcali.plebania.hu\/wp-content\/uploads\/2023\/11\/01-1-2048x1365.jpg 2048w, https:\/\/marcali.plebania.hu\/wp-content\/uploads\/2023\/11\/01-1-405x270.jpg 405w\" sizes=\"auto, (max-width: 1024px) 100vw, 1024px\" \/><\/figure>\n\n\n\n<figure class=\"wp-block-image size-large\"><img loading=\"lazy\" decoding=\"async\" width=\"1024\" height=\"683\" data-id=\"5166\" src=\"https:\/\/marcali.plebania.hu\/wp-content\/uploads\/2023\/11\/02-1-1024x683.jpg\" alt=\"\" class=\"wp-image-5166\" srcset=\"https:\/\/marcali.plebania.hu\/wp-content\/uploads\/2023\/11\/02-1-1024x683.jpg 1024w, https:\/\/marcali.plebania.hu\/wp-content\/uploads\/2023\/11\/02-1-300x200.jpg 300w, https:\/\/marcali.plebania.hu\/wp-content\/uploads\/2023\/11\/02-1-768x512.jpg 768w, https:\/\/marcali.plebania.hu\/wp-content\/uploads\/2023\/11\/02-1-1536x1024.jpg 1536w, https:\/\/marcali.plebania.hu\/wp-content\/uploads\/2023\/11\/02-1-2048x1365.jpg 2048w, https:\/\/marcali.plebania.hu\/wp-content\/uploads\/2023\/11\/02-1-405x270.jpg 405w\" sizes=\"auto, (max-width: 1024px) 100vw, 1024px\" \/><\/figure>\n\n\n\n<figure class=\"wp-block-image size-large\"><img loading=\"lazy\" decoding=\"async\" width=\"1024\" height=\"683\" data-id=\"5169\" src=\"https:\/\/marcali.plebania.hu\/wp-content\/uploads\/2023\/11\/05-1024x683.jpg\" alt=\"\" class=\"wp-image-5169\" srcset=\"https:\/\/marcali.plebania.hu\/wp-content\/uploads\/2023\/11\/05-1024x683.jpg 1024w, https:\/\/marcali.plebania.hu\/wp-content\/uploads\/2023\/11\/05-300x200.jpg 300w, https:\/\/marcali.plebania.hu\/wp-content\/uploads\/2023\/11\/05-768x512.jpg 768w, https:\/\/marcali.plebania.hu\/wp-content\/uploads\/2023\/11\/05-1536x1024.jpg 1536w, https:\/\/marcali.plebania.hu\/wp-content\/uploads\/2023\/11\/05-2048x1365.jpg 2048w, https:\/\/marcali.plebania.hu\/wp-content\/uploads\/2023\/11\/05-405x270.jpg 405w\" sizes=\"auto, (max-width: 1024px) 100vw, 1024px\" \/><\/figure>\n\n\n\n<figure class=\"wp-block-image size-large\"><img loading=\"lazy\" decoding=\"async\" width=\"1024\" height=\"683\" data-id=\"5170\" src=\"https:\/\/marcali.plebania.hu\/wp-content\/uploads\/2023\/11\/08-1024x683.jpg\" alt=\"\" class=\"wp-image-5170\" srcset=\"https:\/\/marcali.plebania.hu\/wp-content\/uploads\/2023\/11\/08-1024x683.jpg 1024w, https:\/\/marcali.plebania.hu\/wp-content\/uploads\/2023\/11\/08-300x200.jpg 300w, https:\/\/marcali.plebania.hu\/wp-content\/uploads\/2023\/11\/08-768x512.jpg 768w, https:\/\/marcali.plebania.hu\/wp-content\/uploads\/2023\/11\/08-1536x1024.jpg 1536w, https:\/\/marcali.plebania.hu\/wp-content\/uploads\/2023\/11\/08-2048x1365.jpg 2048w, https:\/\/marcali.plebania.hu\/wp-content\/uploads\/2023\/11\/08-405x270.jpg 405w\" sizes=\"auto, (max-width: 1024px) 100vw, 1024px\" \/><\/figure>\n<\/figure>\n\n\n\n<p>M\u00e1snap, november 19-\u00e9n, a vas\u00e1rnapi 9 \u00f3rakor kezd\u0151d\u0151 istentiszteleten ugyancsak keny\u00e9rmeg\u00e1ld\u00e1s t\u00f6rt\u00e9nt. Ez\u00fattal Ferenc atya vezet\u00e9s\u00e9vel \u00e9s a ministr\u00e1nsok k\u00f6zrem\u0171k\u00f6d\u00e9se mellett, a hittanos di\u00e1kok piros r\u00f3zs\u00e1kkal (eml\u00e9keztetve Szent Erzs\u00e9bet r\u00f3zsa-csod\u00e1j\u00e1ra), a karit\u00e1sz aktivist\u00e1k pedig keny\u00e9rrel vonultak be k\u00f6rmenetileg egy\u00fctt a templomba.<\/p>\n\n\n\n<p>Ezen a vas\u00e1rnapon az orsz\u00e1g valamennyi katolikus templom\u00e1ban, \u00edgy Marcaliban is, Szent Erzs\u00e9bet napi gy\u0171jt\u00e9st tartottak a szeg\u00e9nyek jav\u00e1ra, melyb\u0151l kar\u00e1csonyi aj\u00e1nd\u00e9kcsomagok lesznek k\u00e9sz\u00edtve \u00e9s eljuttatva majd az \u00fcnnepekre, a r\u00e1szorul\u00f3k r\u00e9sz\u00e9re.<\/p>\n\n\n\n<figure class=\"wp-block-gallery has-nested-images columns-default is-cropped wp-block-gallery-2 is-layout-flex wp-block-gallery-is-layout-flex\">\n<figure class=\"wp-block-image size-large\"><img loading=\"lazy\" decoding=\"async\" width=\"1024\" height=\"683\" data-id=\"5174\" src=\"https:\/\/marcali.plebania.hu\/wp-content\/uploads\/2023\/11\/13-1024x683.jpg\" alt=\"\" class=\"wp-image-5174\" srcset=\"https:\/\/marcali.plebania.hu\/wp-content\/uploads\/2023\/11\/13-1024x683.jpg 1024w, https:\/\/marcali.plebania.hu\/wp-content\/uploads\/2023\/11\/13-300x200.jpg 300w, https:\/\/marcali.plebania.hu\/wp-content\/uploads\/2023\/11\/13-768x512.jpg 768w, https:\/\/marcali.plebania.hu\/wp-content\/uploads\/2023\/11\/13-1536x1024.jpg 1536w, https:\/\/marcali.plebania.hu\/wp-content\/uploads\/2023\/11\/13-2048x1365.jpg 2048w, https:\/\/marcali.plebania.hu\/wp-content\/uploads\/2023\/11\/13-405x270.jpg 405w\" sizes=\"auto, (max-width: 1024px) 100vw, 1024px\" \/><\/figure>\n\n\n\n<figure class=\"wp-block-image size-large\"><img loading=\"lazy\" decoding=\"async\" width=\"1024\" height=\"683\" data-id=\"5173\" src=\"https:\/\/marcali.plebania.hu\/wp-content\/uploads\/2023\/11\/14-1024x683.jpg\" alt=\"\" class=\"wp-image-5173\" srcset=\"https:\/\/marcali.plebania.hu\/wp-content\/uploads\/2023\/11\/14-1024x683.jpg 1024w, https:\/\/marcali.plebania.hu\/wp-content\/uploads\/2023\/11\/14-300x200.jpg 300w, https:\/\/marcali.plebania.hu\/wp-content\/uploads\/2023\/11\/14-768x512.jpg 768w, https:\/\/marcali.plebania.hu\/wp-content\/uploads\/2023\/11\/14-1536x1024.jpg 1536w, https:\/\/marcali.plebania.hu\/wp-content\/uploads\/2023\/11\/14-2048x1365.jpg 2048w, https:\/\/marcali.plebania.hu\/wp-content\/uploads\/2023\/11\/14-405x270.jpg 405w\" sizes=\"auto, (max-width: 1024px) 100vw, 1024px\" \/><\/figure>\n\n\n\n<figure class=\"wp-block-image size-large\"><img loading=\"lazy\" decoding=\"async\" width=\"1024\" height=\"683\" data-id=\"5172\" src=\"https:\/\/marcali.plebania.hu\/wp-content\/uploads\/2023\/11\/16-1024x683.jpg\" alt=\"\" class=\"wp-image-5172\" srcset=\"https:\/\/marcali.plebania.hu\/wp-content\/uploads\/2023\/11\/16-1024x683.jpg 1024w, https:\/\/marcali.plebania.hu\/wp-content\/uploads\/2023\/11\/16-300x200.jpg 300w, https:\/\/marcali.plebania.hu\/wp-content\/uploads\/2023\/11\/16-768x512.jpg 768w, https:\/\/marcali.plebania.hu\/wp-content\/uploads\/2023\/11\/16-1536x1024.jpg 1536w, https:\/\/marcali.plebania.hu\/wp-content\/uploads\/2023\/11\/16-2048x1365.jpg 2048w, https:\/\/marcali.plebania.hu\/wp-content\/uploads\/2023\/11\/16-405x270.jpg 405w\" sizes=\"auto, (max-width: 1024px) 100vw, 1024px\" \/><\/figure>\n\n\n\n<figure class=\"wp-block-image size-large\"><img loading=\"lazy\" decoding=\"async\" width=\"1024\" height=\"683\" data-id=\"5175\" src=\"https:\/\/marcali.plebania.hu\/wp-content\/uploads\/2023\/11\/18-1024x683.jpg\" alt=\"\" class=\"wp-image-5175\" srcset=\"https:\/\/marcali.plebania.hu\/wp-content\/uploads\/2023\/11\/18-1024x683.jpg 1024w, https:\/\/marcali.plebania.hu\/wp-content\/uploads\/2023\/11\/18-300x200.jpg 300w, https:\/\/marcali.plebania.hu\/wp-content\/uploads\/2023\/11\/18-768x512.jpg 768w, https:\/\/marcali.plebania.hu\/wp-content\/uploads\/2023\/11\/18-1536x1024.jpg 1536w, https:\/\/marcali.plebania.hu\/wp-content\/uploads\/2023\/11\/18-2048x1365.jpg 2048w, https:\/\/marcali.plebania.hu\/wp-content\/uploads\/2023\/11\/18-405x270.jpg 405w\" sizes=\"auto, (max-width: 1024px) 100vw, 1024px\" \/><\/figure>\n<\/figure>\n\n\n\n<p>A szentmise v\u00e9g\u00e9n, a keny\u00e9rmeg\u00e1ld\u00e1s ut\u00e1n, S\u00e1voly Andrea, a Marcali Karit\u00e1sz Csoport vezet\u0151je \u00e9s T\u00f3th Eszter \u00c1gnes egy cser\u00e9p vir\u00e1ggal gratul\u00e1lt Tomanek Ferenc aty\u00e1nak az egyh\u00e1zmegyei karit\u00e1sz kit\u00fcntet\u00e9s\u00e9hez.<\/p>\n\n\n\n<figure class=\"wp-block-gallery has-nested-images columns-default is-cropped wp-block-gallery-3 is-layout-flex wp-block-gallery-is-layout-flex\">\n<figure class=\"wp-block-image size-large\"><img loading=\"lazy\" decoding=\"async\" width=\"1024\" height=\"683\" data-id=\"5179\" src=\"https:\/\/marcali.plebania.hu\/wp-content\/uploads\/2023\/11\/20-1024x683.jpg\" alt=\"\" class=\"wp-image-5179\" srcset=\"https:\/\/marcali.plebania.hu\/wp-content\/uploads\/2023\/11\/20-1024x683.jpg 1024w, https:\/\/marcali.plebania.hu\/wp-content\/uploads\/2023\/11\/20-300x200.jpg 300w, https:\/\/marcali.plebania.hu\/wp-content\/uploads\/2023\/11\/20-768x512.jpg 768w, https:\/\/marcali.plebania.hu\/wp-content\/uploads\/2023\/11\/20-1536x1024.jpg 1536w, https:\/\/marcali.plebania.hu\/wp-content\/uploads\/2023\/11\/20-2048x1365.jpg 2048w, https:\/\/marcali.plebania.hu\/wp-content\/uploads\/2023\/11\/20-405x270.jpg 405w\" sizes=\"auto, (max-width: 1024px) 100vw, 1024px\" \/><\/figure>\n\n\n\n<figure class=\"wp-block-image size-large\"><img loading=\"lazy\" decoding=\"async\" width=\"1024\" height=\"683\" data-id=\"5178\" src=\"https:\/\/marcali.plebania.hu\/wp-content\/uploads\/2023\/11\/21-1024x683.jpg\" alt=\"\" class=\"wp-image-5178\" srcset=\"https:\/\/marcali.plebania.hu\/wp-content\/uploads\/2023\/11\/21-1024x683.jpg 1024w, https:\/\/marcali.plebania.hu\/wp-content\/uploads\/2023\/11\/21-300x200.jpg 300w, https:\/\/marcali.plebania.hu\/wp-content\/uploads\/2023\/11\/21-768x512.jpg 768w, https:\/\/marcali.plebania.hu\/wp-content\/uploads\/2023\/11\/21-1536x1024.jpg 1536w, https:\/\/marcali.plebania.hu\/wp-content\/uploads\/2023\/11\/21-2048x1365.jpg 2048w, https:\/\/marcali.plebania.hu\/wp-content\/uploads\/2023\/11\/21-405x270.jpg 405w\" sizes=\"auto, (max-width: 1024px) 100vw, 1024px\" \/><\/figure>\n\n\n\n<figure class=\"wp-block-image size-large\"><img loading=\"lazy\" decoding=\"async\" width=\"1024\" height=\"683\" data-id=\"5176\" src=\"https:\/\/marcali.plebania.hu\/wp-content\/uploads\/2023\/11\/22-1024x683.jpg\" alt=\"\" class=\"wp-image-5176\" srcset=\"https:\/\/marcali.plebania.hu\/wp-content\/uploads\/2023\/11\/22-1024x683.jpg 1024w, https:\/\/marcali.plebania.hu\/wp-content\/uploads\/2023\/11\/22-300x200.jpg 300w, https:\/\/marcali.plebania.hu\/wp-content\/uploads\/2023\/11\/22-768x512.jpg 768w, https:\/\/marcali.plebania.hu\/wp-content\/uploads\/2023\/11\/22-1536x1024.jpg 1536w, https:\/\/marcali.plebania.hu\/wp-content\/uploads\/2023\/11\/22-2048x1365.jpg 2048w, https:\/\/marcali.plebania.hu\/wp-content\/uploads\/2023\/11\/22-405x270.jpg 405w\" sizes=\"auto, (max-width: 1024px) 100vw, 1024px\" \/><\/figure>\n\n\n\n<figure class=\"wp-block-image size-large\"><img loading=\"lazy\" decoding=\"async\" width=\"1024\" height=\"683\" data-id=\"5177\" src=\"https:\/\/marcali.plebania.hu\/wp-content\/uploads\/2023\/11\/23-1024x683.jpg\" alt=\"\" class=\"wp-image-5177\" srcset=\"https:\/\/marcali.plebania.hu\/wp-content\/uploads\/2023\/11\/23-1024x683.jpg 1024w, https:\/\/marcali.plebania.hu\/wp-content\/uploads\/2023\/11\/23-300x200.jpg 300w, https:\/\/marcali.plebania.hu\/wp-content\/uploads\/2023\/11\/23-768x512.jpg 768w, https:\/\/marcali.plebania.hu\/wp-content\/uploads\/2023\/11\/23-1536x1024.jpg 1536w, https:\/\/marcali.plebania.hu\/wp-content\/uploads\/2023\/11\/23-2048x1365.jpg 2048w, https:\/\/marcali.plebania.hu\/wp-content\/uploads\/2023\/11\/23-405x270.jpg 405w\" sizes=\"auto, (max-width: 1024px) 100vw, 1024px\" \/><\/figure>\n<\/figure>\n\n\n\n<p>Majd a Fazenda da Esperan\u00e7a k\u00f6z\u00f6ss\u00e9g k\u00e9pviselet\u00e9ben Fej\u00e9r Domonkos \u00e9s brazil koll\u00e9g\u00e1ja mutatkoztak be \u00e9s tettek tan\u00fabizonys\u00e1got a pl\u00e9b\u00e1niatemplomban. Varga L\u00e1szl\u00f3 kaposv\u00e1ri megy\u00e9sp\u00fcsp\u00f6k h\u00edv\u00e1s\u00e1ra ugyanis a 40 \u00e9ve, <em>a Sao Paolo v\u00e1ros\u00e1t\u00f3l 160 kilom\u00e9terre fekv\u0151 Guarantinguet\u00e1 telep\u00fcl\u00e9sen<\/em> alap\u00edtott k\u00f6z\u00f6ss\u00e9g haz\u00e1nkban els\u0151k\u00e9nt Cs\u00e1k\u00e1nyban telepedett le (a h\u00e1z kialak\u00edt\u00e1sa folyamatban van), ahol szenved\u00e9lybetegekkel foglalkoznak majd. A szentmise ut\u00e1n, a templom el\u0151tt s\u00fctem\u00e9nyeket \u00e9s egy\u00e9b \u00e1ltaluk k\u00e9sz\u00edtett term\u00e9keket adtak a h\u00edveknek adom\u00e1nyok fej\u00e9ben.<\/p>\n\n\n\n<figure class=\"wp-block-gallery has-nested-images columns-default is-cropped wp-block-gallery-4 is-layout-flex wp-block-gallery-is-layout-flex\">\n<figure class=\"wp-block-image size-large\"><img loading=\"lazy\" decoding=\"async\" width=\"1024\" height=\"683\" data-id=\"5181\" src=\"https:\/\/marcali.plebania.hu\/wp-content\/uploads\/2023\/11\/39-1024x683.jpg\" alt=\"\" class=\"wp-image-5181\" srcset=\"https:\/\/marcali.plebania.hu\/wp-content\/uploads\/2023\/11\/39-1024x683.jpg 1024w, https:\/\/marcali.plebania.hu\/wp-content\/uploads\/2023\/11\/39-300x200.jpg 300w, https:\/\/marcali.plebania.hu\/wp-content\/uploads\/2023\/11\/39-768x512.jpg 768w, https:\/\/marcali.plebania.hu\/wp-content\/uploads\/2023\/11\/39-1536x1024.jpg 1536w, https:\/\/marcali.plebania.hu\/wp-content\/uploads\/2023\/11\/39-2048x1365.jpg 2048w, https:\/\/marcali.plebania.hu\/wp-content\/uploads\/2023\/11\/39-405x270.jpg 405w\" sizes=\"auto, (max-width: 1024px) 100vw, 1024px\" \/><\/figure>\n\n\n\n<figure class=\"wp-block-image size-large\"><img loading=\"lazy\" decoding=\"async\" width=\"1024\" height=\"683\" data-id=\"5183\" src=\"https:\/\/marcali.plebania.hu\/wp-content\/uploads\/2023\/11\/38-1-1024x683.jpg\" alt=\"\" class=\"wp-image-5183\" srcset=\"https:\/\/marcali.plebania.hu\/wp-content\/uploads\/2023\/11\/38-1-1024x683.jpg 1024w, https:\/\/marcali.plebania.hu\/wp-content\/uploads\/2023\/11\/38-1-300x200.jpg 300w, https:\/\/marcali.plebania.hu\/wp-content\/uploads\/2023\/11\/38-1-768x512.jpg 768w, https:\/\/marcali.plebania.hu\/wp-content\/uploads\/2023\/11\/38-1-1536x1024.jpg 1536w, https:\/\/marcali.plebania.hu\/wp-content\/uploads\/2023\/11\/38-1-2048x1365.jpg 2048w, https:\/\/marcali.plebania.hu\/wp-content\/uploads\/2023\/11\/38-1-405x270.jpg 405w\" sizes=\"auto, (max-width: 1024px) 100vw, 1024px\" \/><\/figure>\n\n\n\n<figure class=\"wp-block-image size-large\"><img loading=\"lazy\" decoding=\"async\" width=\"1024\" height=\"683\" data-id=\"5184\" src=\"https:\/\/marcali.plebania.hu\/wp-content\/uploads\/2023\/11\/41-1024x683.jpg\" alt=\"\" class=\"wp-image-5184\" srcset=\"https:\/\/marcali.plebania.hu\/wp-content\/uploads\/2023\/11\/41-1024x683.jpg 1024w, https:\/\/marcali.plebania.hu\/wp-content\/uploads\/2023\/11\/41-300x200.jpg 300w, https:\/\/marcali.plebania.hu\/wp-content\/uploads\/2023\/11\/41-768x512.jpg 768w, https:\/\/marcali.plebania.hu\/wp-content\/uploads\/2023\/11\/41-1536x1024.jpg 1536w, https:\/\/marcali.plebania.hu\/wp-content\/uploads\/2023\/11\/41-2048x1365.jpg 2048w, https:\/\/marcali.plebania.hu\/wp-content\/uploads\/2023\/11\/41-405x270.jpg 405w\" sizes=\"auto, (max-width: 1024px) 100vw, 1024px\" \/><\/figure>\n\n\n\n<figure class=\"wp-block-image size-large\"><img loading=\"lazy\" decoding=\"async\" width=\"1024\" height=\"683\" data-id=\"5180\" src=\"https:\/\/marcali.plebania.hu\/wp-content\/uploads\/2023\/11\/36-1024x683.jpg\" alt=\"\" class=\"wp-image-5180\" srcset=\"https:\/\/marcali.plebania.hu\/wp-content\/uploads\/2023\/11\/36-1024x683.jpg 1024w, https:\/\/marcali.plebania.hu\/wp-content\/uploads\/2023\/11\/36-300x200.jpg 300w, https:\/\/marcali.plebania.hu\/wp-content\/uploads\/2023\/11\/36-768x512.jpg 768w, https:\/\/marcali.plebania.hu\/wp-content\/uploads\/2023\/11\/36-1536x1024.jpg 1536w, https:\/\/marcali.plebania.hu\/wp-content\/uploads\/2023\/11\/36-2048x1365.jpg 2048w, https:\/\/marcali.plebania.hu\/wp-content\/uploads\/2023\/11\/36-405x270.jpg 405w\" sizes=\"auto, (max-width: 1024px) 100vw, 1024px\" \/><\/figure>\n<\/figure>\n\n\n\n<p>A Szent Erzs\u00e9bet napi karit\u00e1sz \u00fcnneps\u00e9ghez t\u00e1mogat\u00f3k\u00e9nt hozz\u00e1j\u00e1rult m\u00e9g a Marcali Tak\u00e1cs S\u00fct\u00f6de, a Domonkos Nyomda \u00e9s egy mag\u00e1t megnevezni nem k\u00edv\u00e1n\u00f3 adakoz\u00f3. K\u00f6sz\u00f6net \u00e9rte!<\/p>\n\n\n\n<figure class=\"wp-block-gallery has-nested-images columns-default is-cropped wp-block-gallery-5 is-layout-flex wp-block-gallery-is-layout-flex\">\n<figure class=\"wp-block-image size-large\"><img loading=\"lazy\" decoding=\"async\" width=\"1024\" height=\"683\" data-id=\"5189\" src=\"https:\/\/marcali.plebania.hu\/wp-content\/uploads\/2023\/11\/49-1024x683.jpg\" alt=\"\" class=\"wp-image-5189\" srcset=\"https:\/\/marcali.plebania.hu\/wp-content\/uploads\/2023\/11\/49-1024x683.jpg 1024w, https:\/\/marcali.plebania.hu\/wp-content\/uploads\/2023\/11\/49-300x200.jpg 300w, https:\/\/marcali.plebania.hu\/wp-content\/uploads\/2023\/11\/49-768x512.jpg 768w, https:\/\/marcali.plebania.hu\/wp-content\/uploads\/2023\/11\/49-1536x1024.jpg 1536w, https:\/\/marcali.plebania.hu\/wp-content\/uploads\/2023\/11\/49-2048x1365.jpg 2048w, https:\/\/marcali.plebania.hu\/wp-content\/uploads\/2023\/11\/49-405x270.jpg 405w\" sizes=\"auto, (max-width: 1024px) 100vw, 1024px\" \/><\/figure>\n\n\n\n<figure class=\"wp-block-image size-large\"><img loading=\"lazy\" decoding=\"async\" width=\"1024\" height=\"683\" data-id=\"5188\" src=\"https:\/\/marcali.plebania.hu\/wp-content\/uploads\/2023\/11\/43-1024x683.jpg\" alt=\"\" class=\"wp-image-5188\" srcset=\"https:\/\/marcali.plebania.hu\/wp-content\/uploads\/2023\/11\/43-1024x683.jpg 1024w, https:\/\/marcali.plebania.hu\/wp-content\/uploads\/2023\/11\/43-300x200.jpg 300w, https:\/\/marcali.plebania.hu\/wp-content\/uploads\/2023\/11\/43-768x512.jpg 768w, https:\/\/marcali.plebania.hu\/wp-content\/uploads\/2023\/11\/43-1536x1024.jpg 1536w, https:\/\/marcali.plebania.hu\/wp-content\/uploads\/2023\/11\/43-2048x1365.jpg 2048w, https:\/\/marcali.plebania.hu\/wp-content\/uploads\/2023\/11\/43-405x270.jpg 405w\" sizes=\"auto, (max-width: 1024px) 100vw, 1024px\" \/><\/figure>\n\n\n\n<figure class=\"wp-block-image size-large\"><img loading=\"lazy\" decoding=\"async\" width=\"1024\" height=\"683\" data-id=\"5185\" src=\"https:\/\/marcali.plebania.hu\/wp-content\/uploads\/2023\/11\/44-1024x683.jpg\" alt=\"\" class=\"wp-image-5185\" srcset=\"https:\/\/marcali.plebania.hu\/wp-content\/uploads\/2023\/11\/44-1024x683.jpg 1024w, https:\/\/marcali.plebania.hu\/wp-content\/uploads\/2023\/11\/44-300x200.jpg 300w, https:\/\/marcali.plebania.hu\/wp-content\/uploads\/2023\/11\/44-768x512.jpg 768w, https:\/\/marcali.plebania.hu\/wp-content\/uploads\/2023\/11\/44-1536x1024.jpg 1536w, https:\/\/marcali.plebania.hu\/wp-content\/uploads\/2023\/11\/44-2048x1365.jpg 2048w, https:\/\/marcali.plebania.hu\/wp-content\/uploads\/2023\/11\/44-405x270.jpg 405w\" sizes=\"auto, (max-width: 1024px) 100vw, 1024px\" \/><\/figure>\n\n\n\n<figure class=\"wp-block-image size-large\"><img loading=\"lazy\" decoding=\"async\" width=\"1024\" height=\"683\" data-id=\"5186\" src=\"https:\/\/marcali.plebania.hu\/wp-content\/uploads\/2023\/11\/46-1024x683.jpg\" alt=\"\" class=\"wp-image-5186\" srcset=\"https:\/\/marcali.plebania.hu\/wp-content\/uploads\/2023\/11\/46-1024x683.jpg 1024w, https:\/\/marcali.plebania.hu\/wp-content\/uploads\/2023\/11\/46-300x200.jpg 300w, https:\/\/marcali.plebania.hu\/wp-content\/uploads\/2023\/11\/46-768x512.jpg 768w, https:\/\/marcali.plebania.hu\/wp-content\/uploads\/2023\/11\/46-1536x1024.jpg 1536w, https:\/\/marcali.plebania.hu\/wp-content\/uploads\/2023\/11\/46-2048x1365.jpg 2048w, https:\/\/marcali.plebania.hu\/wp-content\/uploads\/2023\/11\/46-405x270.jpg 405w\" sizes=\"auto, (max-width: 1024px) 100vw, 1024px\" \/><\/figure>\n<\/figure>\n\n\n\n<p><\/p>\n","protected":false},"excerpt":{"rendered":"<p>2023. november 18-\u00e1n, szombaton 17 \u00f3rakor Tomanek Ferenc \u00c1ron pl\u00e9b\u00e1nos \u00fcnnepi szentmis\u00e9t mutatott be a Gy\u00fcm\u00f6lcsolt\u00f3 Boldogasszony Pl\u00e9b\u00e1niatemplomban, a Marcali Karit\u00e1sz Csoport tagjainak jelenl\u00e9t\u00e9ben, Szent Erzs\u00e9bet \u00fcnnepe alkalm\u00e1b\u00f3l. Majd a szentmise v\u00e9g\u00e9n meg\u00e1ldotta azokat a keny\u00e9r-szeleteket, melyeket az aktivist\u00e1k egy-egy szentk\u00e9p k\u00eds\u00e9ret\u00e9ben osztottak ki a jelenl\u00e9v\u0151 h\u00edveknek. M\u00e1snap, november 19-\u00e9n, a vas\u00e1rnapi 9 \u00f3rakor kezd\u0151d\u0151 istentiszteleten ugyancsak keny\u00e9rmeg\u00e1ld\u00e1s t\u00f6rt\u00e9nt. Ez\u00fattal Ferenc atya vezet\u00e9s\u00e9vel \u00e9s a ministr\u00e1nsok k\u00f6zrem\u0171k\u00f6d\u00e9se mellett, a hittanos di\u00e1kok piros r\u00f3zs\u00e1kkal (eml\u00e9keztetve Szent Erzs\u00e9bet r\u00f3zsa-csod\u00e1j\u00e1ra), a karit\u00e1sz aktivist\u00e1k&#8230;<\/p>\n<p class=\"read-more\"><a class=\"btn btn-default\" href=\"https:\/\/marcali.plebania.hu\/?p=5164\"> Read More<span class=\"screen-reader-text\">  Read More<\/span><\/a><\/p>\n","protected":false},"author":2,"featured_media":0,"comment_status":"closed","ping_status":"open","sticky":false,"template":"","format":"standard","meta":{"footnotes":""},"categories":[1],"tags":[],"class_list":["post-5164","post","type-post","status-publish","format-standard","hentry","category-egyeb"],"_links":{"self":[{"href":"https:\/\/marcali.plebania.hu\/index.php?rest_route=\/wp\/v2\/posts\/5164","targetHints":{"allow":["GET"]}}],"collection":[{"href":"https:\/\/marcali.plebania.hu\/index.php?rest_route=\/wp\/v2\/posts"}],"about":[{"href":"https:\/\/marcali.plebania.hu\/index.php?rest_route=\/wp\/v2\/types\/post"}],"author":[{"embeddable":true,"href":"https:\/\/marcali.plebania.hu\/index.php?rest_route=\/wp\/v2\/users\/2"}],"replies":[{"embeddable":true,"href":"https:\/\/marcali.plebania.hu\/index.php?rest_route=%2Fwp%2Fv2%2Fcomments&post=5164"}],"version-history":[{"count":1,"href":"https:\/\/marcali.plebania.hu\/index.php?rest_route=\/wp\/v2\/posts\/5164\/revisions"}],"predecessor-version":[{"id":5190,"href":"https:\/\/marcali.plebania.hu\/index.php?rest_route=\/wp\/v2\/posts\/5164\/revisions\/5190"}],"wp:attachment":[{"href":"https:\/\/marcali.plebania.hu\/index.php?rest_route=%2Fwp%2Fv2%2Fmedia&parent=5164"}],"wp:term":[{"taxonomy":"category","embeddable":true,"href":"https:\/\/marcali.plebania.hu\/index.php?rest_route=%2Fwp%2Fv2%2Fcategories&post=5164"},{"taxonomy":"post_tag","embeddable":true,"href":"https:\/\/marcali.plebania.hu\/index.php?rest_route=%2Fwp%2Fv2%2Ftags&post=5164"}],"curies":[{"name":"wp","href":"https:\/\/api.w.org\/{rel}","templated":true}]}}