{"id":517,"date":"2018-12-21T08:39:57","date_gmt":"2018-12-21T08:39:57","guid":{"rendered":"https:\/\/marcali.plebania.hu\/?p=517"},"modified":"2018-12-21T08:39:57","modified_gmt":"2018-12-21T08:39:57","slug":"korhazkaracsony-a-plebania-szervezeseben","status":"publish","type":"post","link":"https:\/\/marcali.plebania.hu\/?p=517","title":{"rendered":"K\u00f3rh\u00e1zkar\u00e1csony a pl\u00e9b\u00e1nia szervez\u00e9s\u00e9ben"},"content":{"rendered":"<p>2018. december 20-\u00e1n, cs\u00fct\u00f6rt\u00f6k\u00f6n 15 \u00f3rakor kar\u00e1csonyi liturgi\u00e1t tartottak a Marcali Pl\u00e9b\u00e1nia szervez\u00e9s\u00e9ben a k\u00f3rh\u00e1z \u00e1pol\u00e1si \u00e9s kr\u00f3nikus oszt\u00e1ly\u00e1n.<\/p>\n<p><img loading=\"lazy\" decoding=\"async\" class=\"aligncenter wp-image-518 size-large\" src=\"https:\/\/marcali.plebania.hu\/wp-content\/uploads\/2018\/12\/21-1024x683.jpg\" alt=\"\" width=\"640\" height=\"427\" srcset=\"https:\/\/marcali.plebania.hu\/wp-content\/uploads\/2018\/12\/21-1024x683.jpg 1024w, https:\/\/marcali.plebania.hu\/wp-content\/uploads\/2018\/12\/21-300x200.jpg 300w, https:\/\/marcali.plebania.hu\/wp-content\/uploads\/2018\/12\/21-768x512.jpg 768w, https:\/\/marcali.plebania.hu\/wp-content\/uploads\/2018\/12\/21-405x270.jpg 405w\" sizes=\"auto, (max-width: 640px) 100vw, 640px\" \/><\/p>\n<p>Kiss Iv\u00e1n c. pr\u00e9post, esperes-pl\u00e9b\u00e1nos a betegeknek besz\u00e9lt kar\u00e1csony \u00fczenet\u00e9r\u0151l, valamint k\u00f6sz\u00f6netet mondott a n\u0151v\u00e9rek \u00e9s az orvosok \u00e1ldozatos munk\u00e1j\u00e1\u00e9rt is.<\/p>\n<p><img loading=\"lazy\" decoding=\"async\" class=\"aligncenter wp-image-519 size-large\" src=\"https:\/\/marcali.plebania.hu\/wp-content\/uploads\/2018\/12\/07-3-1024x683.jpg\" alt=\"\" width=\"640\" height=\"427\" srcset=\"https:\/\/marcali.plebania.hu\/wp-content\/uploads\/2018\/12\/07-3-1024x683.jpg 1024w, https:\/\/marcali.plebania.hu\/wp-content\/uploads\/2018\/12\/07-3-300x200.jpg 300w, https:\/\/marcali.plebania.hu\/wp-content\/uploads\/2018\/12\/07-3-768x512.jpg 768w, https:\/\/marcali.plebania.hu\/wp-content\/uploads\/2018\/12\/07-3-405x270.jpg 405w\" sizes=\"auto, (max-width: 640px) 100vw, 640px\" \/><\/p>\n<p>A liturgi\u00e1ban felolvast\u00e1k a kar\u00e1csonyi \u00f6r\u00f6mh\u00edrt, majd az \u00fcnnephez kapcsol\u00f3d\u00f3 ismert egyh\u00e1zi \u00e9nekek csend\u00fcltek fel, illetve egy az alkalomhoz ill\u0151 vers is elhangzott. A betegek ezut\u00e1n szent\u00e1ldoz\u00e1shoz j\u00e1rulhattak.<\/p>\n<p><img loading=\"lazy\" decoding=\"async\" class=\"aligncenter wp-image-520 size-large\" src=\"https:\/\/marcali.plebania.hu\/wp-content\/uploads\/2018\/12\/19-1024x683.jpg\" alt=\"\" width=\"640\" height=\"427\" srcset=\"https:\/\/marcali.plebania.hu\/wp-content\/uploads\/2018\/12\/19-1024x683.jpg 1024w, https:\/\/marcali.plebania.hu\/wp-content\/uploads\/2018\/12\/19-300x200.jpg 300w, https:\/\/marcali.plebania.hu\/wp-content\/uploads\/2018\/12\/19-768x512.jpg 768w, https:\/\/marcali.plebania.hu\/wp-content\/uploads\/2018\/12\/19-405x270.jpg 405w\" sizes=\"auto, (max-width: 640px) 100vw, 640px\" \/><\/p>\n<p>A k\u00f3rh\u00e1zkar\u00e1csonyon a Marcali Karit\u00e1sz Csoport aktivist\u00e1i \u00e9s a Noszlopy iskola hittanos di\u00e1kjai \u2013 hitoktat\u00f3jukkal egy\u00fctt \u2013 vettek r\u00e9szt, akik szentk\u00e9pekkel, illetve naranccsal aj\u00e1nd\u00e9kozt\u00e1k meg a betegeket, valamint a n\u0151v\u00e9reket, \u00e1pol\u00f3kat.<\/p>\n<p><img loading=\"lazy\" decoding=\"async\" class=\"aligncenter wp-image-521 size-large\" src=\"https:\/\/marcali.plebania.hu\/wp-content\/uploads\/2018\/12\/12-1-1024x683.jpg\" alt=\"\" width=\"640\" height=\"427\" srcset=\"https:\/\/marcali.plebania.hu\/wp-content\/uploads\/2018\/12\/12-1-1024x683.jpg 1024w, https:\/\/marcali.plebania.hu\/wp-content\/uploads\/2018\/12\/12-1-300x200.jpg 300w, https:\/\/marcali.plebania.hu\/wp-content\/uploads\/2018\/12\/12-1-768x512.jpg 768w, https:\/\/marcali.plebania.hu\/wp-content\/uploads\/2018\/12\/12-1-405x270.jpg 405w\" sizes=\"auto, (max-width: 640px) 100vw, 640px\" \/><\/p>\n<p>A k\u00f3rh\u00e1zl\u00e1togat\u00f3k ezut\u00e1n elmentek a belgy\u00f3gy\u00e1szatra, a seb\u00e9szeti \u00e9s hospice oszt\u00e1lyokra is.<\/p>\n<p><img loading=\"lazy\" decoding=\"async\" class=\"aligncenter wp-image-522 size-large\" src=\"https:\/\/marcali.plebania.hu\/wp-content\/uploads\/2018\/12\/24-1024x683.jpg\" alt=\"\" width=\"640\" height=\"427\" srcset=\"https:\/\/marcali.plebania.hu\/wp-content\/uploads\/2018\/12\/24-1024x683.jpg 1024w, https:\/\/marcali.plebania.hu\/wp-content\/uploads\/2018\/12\/24-300x200.jpg 300w, https:\/\/marcali.plebania.hu\/wp-content\/uploads\/2018\/12\/24-768x512.jpg 768w, https:\/\/marcali.plebania.hu\/wp-content\/uploads\/2018\/12\/24-405x270.jpg 405w\" sizes=\"auto, (max-width: 640px) 100vw, 640px\" \/><\/p>\n<p>&nbsp;<\/p>\n","protected":false},"excerpt":{"rendered":"<p>2018. december 20-\u00e1n, cs\u00fct\u00f6rt\u00f6k\u00f6n 15 \u00f3rakor kar\u00e1csonyi liturgi\u00e1t tartottak a Marcali Pl\u00e9b\u00e1nia szervez\u00e9s\u00e9ben a k\u00f3rh\u00e1z \u00e1pol\u00e1si \u00e9s kr\u00f3nikus oszt\u00e1ly\u00e1n. Kiss Iv\u00e1n c. pr\u00e9post, esperes-pl\u00e9b\u00e1nos a betegeknek besz\u00e9lt kar\u00e1csony \u00fczenet\u00e9r\u0151l, valamint k\u00f6sz\u00f6netet mondott a n\u0151v\u00e9rek \u00e9s az orvosok \u00e1ldozatos munk\u00e1j\u00e1\u00e9rt is. A liturgi\u00e1ban felolvast\u00e1k a kar\u00e1csonyi \u00f6r\u00f6mh\u00edrt, majd az \u00fcnnephez kapcsol\u00f3d\u00f3 ismert egyh\u00e1zi \u00e9nekek csend\u00fcltek fel, illetve egy az alkalomhoz ill\u0151 vers is elhangzott. A betegek ezut\u00e1n szent\u00e1ldoz\u00e1shoz j\u00e1rulhattak. A k\u00f3rh\u00e1zkar\u00e1csonyon a Marcali Karit\u00e1sz Csoport aktivist\u00e1i \u00e9s a Noszlopy iskola hittanos&#8230;<\/p>\n<p class=\"read-more\"><a class=\"btn btn-default\" href=\"https:\/\/marcali.plebania.hu\/?p=517\"> Read More<span class=\"screen-reader-text\">  Read More<\/span><\/a><\/p>\n","protected":false},"author":2,"featured_media":0,"comment_status":"closed","ping_status":"open","sticky":false,"template":"","format":"standard","meta":{"footnotes":""},"categories":[1],"tags":[],"class_list":["post-517","post","type-post","status-publish","format-standard","hentry","category-egyeb"],"_links":{"self":[{"href":"https:\/\/marcali.plebania.hu\/index.php?rest_route=\/wp\/v2\/posts\/517","targetHints":{"allow":["GET"]}}],"collection":[{"href":"https:\/\/marcali.plebania.hu\/index.php?rest_route=\/wp\/v2\/posts"}],"about":[{"href":"https:\/\/marcali.plebania.hu\/index.php?rest_route=\/wp\/v2\/types\/post"}],"author":[{"embeddable":true,"href":"https:\/\/marcali.plebania.hu\/index.php?rest_route=\/wp\/v2\/users\/2"}],"replies":[{"embeddable":true,"href":"https:\/\/marcali.plebania.hu\/index.php?rest_route=%2Fwp%2Fv2%2Fcomments&post=517"}],"version-history":[{"count":1,"href":"https:\/\/marcali.plebania.hu\/index.php?rest_route=\/wp\/v2\/posts\/517\/revisions"}],"predecessor-version":[{"id":523,"href":"https:\/\/marcali.plebania.hu\/index.php?rest_route=\/wp\/v2\/posts\/517\/revisions\/523"}],"wp:attachment":[{"href":"https:\/\/marcali.plebania.hu\/index.php?rest_route=%2Fwp%2Fv2%2Fmedia&parent=517"}],"wp:term":[{"taxonomy":"category","embeddable":true,"href":"https:\/\/marcali.plebania.hu\/index.php?rest_route=%2Fwp%2Fv2%2Fcategories&post=517"},{"taxonomy":"post_tag","embeddable":true,"href":"https:\/\/marcali.plebania.hu\/index.php?rest_route=%2Fwp%2Fv2%2Ftags&post=517"}],"curies":[{"name":"wp","href":"https:\/\/api.w.org\/{rel}","templated":true}]}}