{"id":5192,"date":"2023-11-29T16:29:59","date_gmt":"2023-11-29T16:29:59","guid":{"rendered":"https:\/\/marcali.plebania.hu\/?p=5192"},"modified":"2023-11-29T16:29:59","modified_gmt":"2023-11-29T16:29:59","slug":"hirdetesek-2023-november-26","status":"publish","type":"post","link":"https:\/\/marcali.plebania.hu\/?p=5192","title":{"rendered":"Hirdet\u00e9sek 2023. november 26."},"content":{"rendered":"\n<p><strong><a href=\"https:\/\/igenaptar.katolikus.hu\/nap\/index.php?holnap=2023-11-26\" target=\"_blank\" rel=\"noreferrer noopener\"><u>Krisztus, a Mindens\u00e9g Kir\u00e1lya (f\u0151\u00fcnnep)<\/u><\/a><\/strong><\/p>\n\n\n\n<p><\/p>\n\n\n\n<ol class=\"wp-block-list\" start=\"1\">\n<li>K\u00f6sz\u00f6nj\u00fck a <strong>karit\u00e1sz <\/strong>jav\u00e1ra adott adom\u00e1nyokat. K\u00e9rj\u00fck, aki teheti, <strong>tart\u00f3s \u00e9lelmiszerrel<\/strong> is j\u00e1ruljon hozz\u00e1 a kar\u00e1csonyi csomag elk\u00e9sz\u00fcl\u00e9s\u00e9hez.<\/li>\n\n\n\n<li>J\u00f6v\u0151 vas\u00e1rnap advent els\u0151 vas\u00e1rnapja, az <strong>\u00faj egyh\u00e1zi \u00e9v kezdete<\/strong>. Aki szeretne a Sz\u00edvem els\u0151 gondolata c. k\u00f6nyvb\u0151l rendelni, mely az \u00faj egyh\u00e1zi \u00e9vre napi elm\u00e9lked\u00e9seket \u00e9s im\u00e1ds\u00e1gokat tartalmaz, a szentmise ut\u00e1n iratkozzon fel a sekresty\u00e9ben. A k\u00f6nyv \u00e1ra 2500 Ft.<\/li>\n\n\n\n<li>Az adventi k\u00e9sz\u00fcl\u0151d\u00e9s r\u00e9szek\u00e9nt szombaton (dec. 2-\u00e1n) 9 \u00f3rakor kezd\u0151dik a templom el\u0151tti t\u00e9ren az adventi koszor\u00fa fel\u00e1ll\u00edt\u00e1sa. K\u00e9rj\u00fck, aki tud, seg\u00edtsen benne. Aznap d\u00e9lut\u00e1n f\u00e9l 3-t\u00f3l pedig k\u00f6z\u00f6s <strong>adventi koszor\u00fa k\u00e9sz\u00edt\u00e9s<\/strong>\u00e9re h\u00edvjuk a gyerekeket, csal\u00e1dokat az X-h\u00e1zba (D\u00f3zsa Gy\u00f6rgy u. 3.). Az elk\u00e9sz\u00fclt koszor\u00fakra a templom el\u0151tti v\u00e1rosi gyertyagy\u00fajt\u00e1s sor\u00e1n Isten \u00e1ld\u00e1s\u00e1t k\u00e9rj\u00fck 17 \u00f3rakor. A j\u00f6v\u0151 vas\u00e1rnapi szentmise is az adventi koszor\u00fak meg\u00e1ld\u00e1s\u00e1val kezd\u0151dik majd. Mindk\u00e9t alkalomra el lehet hozni a m\u00e9g meg nem \u00e1ldott otthoni koszor\u00fakat.<\/li>\n\n\n\n<li>Adventben cs\u00fct\u00f6rt\u00f6k\u00f6nk\u00e9nt (dec. 7-\u00e9n, 14-\u00e9n \u00e9s 21-\u00e9n) reggel <strong>6:30-kor<\/strong> lesz <strong>szentmise<\/strong> a pl\u00e9b\u00e1niatemplomban.<\/li>\n\n\n\n<li>Az <strong>ifj\u00fas\u00e1gi csoport<\/strong> k\u00f6vetkez\u0151 tal\u00e1lkoz\u00f3ja a szombat esti mise ut\u00e1n kezd\u0151dik a pl\u00e9b\u00e1ni\u00e1n.<\/li>\n\n\n\n<li>December 8-a pl\u00e9b\u00e1niatemplomunk szents\u00e9gim\u00e1d\u00e1si napja, egyben <strong>adventi lelki nap<\/strong>unk is, melynek keret\u00e9ben az Ifj\u00fa l\u00e1mp\u00e1s k\u00f6z\u00f6ss\u00e9g vezet\u00e9s\u00e9vel k\u00f6z\u00f6s szents\u00e9gim\u00e1d\u00e1st v\u00e9gz\u00fcnk 16 \u00f3r\u00e1t\u00f3l. K\u00f6zben lehet\u0151s\u00e9g lesz a szentgy\u00f3n\u00e1s elv\u00e9gz\u00e9s\u00e9re is.<\/li>\n<\/ol>\n\n\n\n<p><\/p>\n","protected":false},"excerpt":{"rendered":"<p>Krisztus, a Mindens\u00e9g Kir\u00e1lya (f\u0151\u00fcnnep)<\/p>\n","protected":false},"author":2,"featured_media":0,"comment_status":"closed","ping_status":"open","sticky":false,"template":"","format":"standard","meta":{"footnotes":""},"categories":[1],"tags":[],"class_list":["post-5192","post","type-post","status-publish","format-standard","hentry","category-egyeb"],"_links":{"self":[{"href":"https:\/\/marcali.plebania.hu\/index.php?rest_route=\/wp\/v2\/posts\/5192","targetHints":{"allow":["GET"]}}],"collection":[{"href":"https:\/\/marcali.plebania.hu\/index.php?rest_route=\/wp\/v2\/posts"}],"about":[{"href":"https:\/\/marcali.plebania.hu\/index.php?rest_route=\/wp\/v2\/types\/post"}],"author":[{"embeddable":true,"href":"https:\/\/marcali.plebania.hu\/index.php?rest_route=\/wp\/v2\/users\/2"}],"replies":[{"embeddable":true,"href":"https:\/\/marcali.plebania.hu\/index.php?rest_route=%2Fwp%2Fv2%2Fcomments&post=5192"}],"version-history":[{"count":1,"href":"https:\/\/marcali.plebania.hu\/index.php?rest_route=\/wp\/v2\/posts\/5192\/revisions"}],"predecessor-version":[{"id":5193,"href":"https:\/\/marcali.plebania.hu\/index.php?rest_route=\/wp\/v2\/posts\/5192\/revisions\/5193"}],"wp:attachment":[{"href":"https:\/\/marcali.plebania.hu\/index.php?rest_route=%2Fwp%2Fv2%2Fmedia&parent=5192"}],"wp:term":[{"taxonomy":"category","embeddable":true,"href":"https:\/\/marcali.plebania.hu\/index.php?rest_route=%2Fwp%2Fv2%2Fcategories&post=5192"},{"taxonomy":"post_tag","embeddable":true,"href":"https:\/\/marcali.plebania.hu\/index.php?rest_route=%2Fwp%2Fv2%2Ftags&post=5192"}],"curies":[{"name":"wp","href":"https:\/\/api.w.org\/{rel}","templated":true}]}}