{"id":5194,"date":"2023-11-30T13:40:13","date_gmt":"2023-11-30T13:40:13","guid":{"rendered":"https:\/\/marcali.plebania.hu\/?p=5194"},"modified":"2023-11-30T13:42:41","modified_gmt":"2023-11-30T13:42:41","slug":"elkeszultek-a-gombai-templom-kulso-vakolasi-munkai","status":"publish","type":"post","link":"https:\/\/marcali.plebania.hu\/?p=5194","title":{"rendered":"Elk\u00e9sz\u00fcltek a gombai templom k\u00fcls\u0151 vakol\u00e1si munk\u00e1i"},"content":{"rendered":"\n<p>A Marcali-gombai Antiochiai Szent Margit templomon a m\u00e1sodik vil\u00e1gh\u00e1bor\u00fat k\u00f6vet\u0151 \u00e9vtizedekben sz\u00e1mos kisebb-nagyobb fel\u00faj\u00edt\u00e1s t\u00f6rt\u00e9nt.<\/p>\n\n\n\n<figure class=\"wp-block-gallery has-nested-images columns-default is-cropped wp-block-gallery-1 is-layout-flex wp-block-gallery-is-layout-flex\">\n<figure class=\"wp-block-image size-large\"><img loading=\"lazy\" decoding=\"async\" width=\"1024\" height=\"683\" data-id=\"5196\" src=\"https:\/\/marcali.plebania.hu\/wp-content\/uploads\/2023\/11\/01-2-1024x683.jpg\" alt=\"\" class=\"wp-image-5196\" srcset=\"https:\/\/marcali.plebania.hu\/wp-content\/uploads\/2023\/11\/01-2-1024x683.jpg 1024w, https:\/\/marcali.plebania.hu\/wp-content\/uploads\/2023\/11\/01-2-300x200.jpg 300w, https:\/\/marcali.plebania.hu\/wp-content\/uploads\/2023\/11\/01-2-768x512.jpg 768w, https:\/\/marcali.plebania.hu\/wp-content\/uploads\/2023\/11\/01-2-1536x1024.jpg 1536w, https:\/\/marcali.plebania.hu\/wp-content\/uploads\/2023\/11\/01-2-2048x1365.jpg 2048w, https:\/\/marcali.plebania.hu\/wp-content\/uploads\/2023\/11\/01-2-405x270.jpg 405w\" sizes=\"auto, (max-width: 1024px) 100vw, 1024px\" \/><\/figure>\n\n\n\n<figure class=\"wp-block-image size-large\"><img loading=\"lazy\" decoding=\"async\" width=\"1024\" height=\"683\" data-id=\"5198\" src=\"https:\/\/marcali.plebania.hu\/wp-content\/uploads\/2023\/11\/02-2-1024x683.jpg\" alt=\"\" class=\"wp-image-5198\" srcset=\"https:\/\/marcali.plebania.hu\/wp-content\/uploads\/2023\/11\/02-2-1024x683.jpg 1024w, https:\/\/marcali.plebania.hu\/wp-content\/uploads\/2023\/11\/02-2-300x200.jpg 300w, https:\/\/marcali.plebania.hu\/wp-content\/uploads\/2023\/11\/02-2-768x512.jpg 768w, https:\/\/marcali.plebania.hu\/wp-content\/uploads\/2023\/11\/02-2-1536x1024.jpg 1536w, https:\/\/marcali.plebania.hu\/wp-content\/uploads\/2023\/11\/02-2-2048x1365.jpg 2048w, https:\/\/marcali.plebania.hu\/wp-content\/uploads\/2023\/11\/02-2-405x270.jpg 405w\" sizes=\"auto, (max-width: 1024px) 100vw, 1024px\" \/><\/figure>\n\n\n\n<figure class=\"wp-block-image size-large\"><img loading=\"lazy\" decoding=\"async\" width=\"1024\" height=\"683\" data-id=\"5195\" src=\"https:\/\/marcali.plebania.hu\/wp-content\/uploads\/2023\/11\/04-2-1024x683.jpg\" alt=\"\" class=\"wp-image-5195\" srcset=\"https:\/\/marcali.plebania.hu\/wp-content\/uploads\/2023\/11\/04-2-1024x683.jpg 1024w, https:\/\/marcali.plebania.hu\/wp-content\/uploads\/2023\/11\/04-2-300x200.jpg 300w, https:\/\/marcali.plebania.hu\/wp-content\/uploads\/2023\/11\/04-2-768x512.jpg 768w, https:\/\/marcali.plebania.hu\/wp-content\/uploads\/2023\/11\/04-2-1536x1024.jpg 1536w, https:\/\/marcali.plebania.hu\/wp-content\/uploads\/2023\/11\/04-2-2048x1365.jpg 2048w, https:\/\/marcali.plebania.hu\/wp-content\/uploads\/2023\/11\/04-2-405x270.jpg 405w\" sizes=\"auto, (max-width: 1024px) 100vw, 1024px\" \/><\/figure>\n\n\n\n<figure class=\"wp-block-image size-large\"><img loading=\"lazy\" decoding=\"async\" width=\"1024\" height=\"683\" data-id=\"5197\" src=\"https:\/\/marcali.plebania.hu\/wp-content\/uploads\/2023\/11\/03-2-1024x683.jpg\" alt=\"\" class=\"wp-image-5197\" srcset=\"https:\/\/marcali.plebania.hu\/wp-content\/uploads\/2023\/11\/03-2-1024x683.jpg 1024w, https:\/\/marcali.plebania.hu\/wp-content\/uploads\/2023\/11\/03-2-300x200.jpg 300w, https:\/\/marcali.plebania.hu\/wp-content\/uploads\/2023\/11\/03-2-768x512.jpg 768w, https:\/\/marcali.plebania.hu\/wp-content\/uploads\/2023\/11\/03-2-1536x1024.jpg 1536w, https:\/\/marcali.plebania.hu\/wp-content\/uploads\/2023\/11\/03-2-2048x1365.jpg 2048w, https:\/\/marcali.plebania.hu\/wp-content\/uploads\/2023\/11\/03-2-405x270.jpg 405w\" sizes=\"auto, (max-width: 1024px) 100vw, 1024px\" \/><\/figure>\n<\/figure>\n\n\n\n<p>Az elm\u00falt \u00e9vekben k\u00fcl\u00f6nf\u00e9le \u00e1llagmeg\u00f3v\u00e1si munk\u00e1k zajlottak, \u00edgy 2017-ben p\u00e9ld\u00e1ul tet\u0151cserepez\u00e9s, 2019-ben f\u0171t\u00e9s-villanyszerel\u00e9s, 2020-ban pedig a teljes bels\u0151 fel\u00faj\u00edt\u00e1s. Ezeket t\u00fal siker\u00fclt m\u00e9g a templom k\u00fcls\u0151 tataroz\u00e1s\u00e1hoz a falszigetel\u00e9st is elv\u00e9gezni, valamint a vakolat egy r\u00e9sz\u00e9t elt\u00e1vol\u00edtani.<\/p>\n\n\n\n<p>Az idei esztend\u0151ben, a Marcali V\u00e1rosi \u00d6nkorm\u00e1nyzat \u00fajabb t\u00e1mogat\u00e1s\u00e1val, okt\u00f3ber-november folyam\u00e1n \u2013 kihaszn\u00e1lva a m\u00e9g j\u00f3 id\u0151t \u2013 folytat\u00f3dtak az elmaradt k\u00fcls\u0151 munk\u00e1k.<\/p>\n\n\n\n<figure class=\"wp-block-gallery has-nested-images columns-default is-cropped wp-block-gallery-2 is-layout-flex wp-block-gallery-is-layout-flex\">\n<figure class=\"wp-block-image size-large\"><img loading=\"lazy\" decoding=\"async\" width=\"1024\" height=\"683\" data-id=\"5200\" src=\"https:\/\/marcali.plebania.hu\/wp-content\/uploads\/2023\/11\/05-1-1024x683.jpg\" alt=\"\" class=\"wp-image-5200\" srcset=\"https:\/\/marcali.plebania.hu\/wp-content\/uploads\/2023\/11\/05-1-1024x683.jpg 1024w, https:\/\/marcali.plebania.hu\/wp-content\/uploads\/2023\/11\/05-1-300x200.jpg 300w, https:\/\/marcali.plebania.hu\/wp-content\/uploads\/2023\/11\/05-1-768x512.jpg 768w, https:\/\/marcali.plebania.hu\/wp-content\/uploads\/2023\/11\/05-1-1536x1024.jpg 1536w, https:\/\/marcali.plebania.hu\/wp-content\/uploads\/2023\/11\/05-1-2048x1365.jpg 2048w, https:\/\/marcali.plebania.hu\/wp-content\/uploads\/2023\/11\/05-1-405x270.jpg 405w\" sizes=\"auto, (max-width: 1024px) 100vw, 1024px\" \/><\/figure>\n\n\n\n<figure class=\"wp-block-image size-large\"><img loading=\"lazy\" decoding=\"async\" width=\"1024\" height=\"683\" data-id=\"5199\" src=\"https:\/\/marcali.plebania.hu\/wp-content\/uploads\/2023\/11\/06-1024x683.jpg\" alt=\"\" class=\"wp-image-5199\" srcset=\"https:\/\/marcali.plebania.hu\/wp-content\/uploads\/2023\/11\/06-1024x683.jpg 1024w, https:\/\/marcali.plebania.hu\/wp-content\/uploads\/2023\/11\/06-300x200.jpg 300w, https:\/\/marcali.plebania.hu\/wp-content\/uploads\/2023\/11\/06-768x512.jpg 768w, https:\/\/marcali.plebania.hu\/wp-content\/uploads\/2023\/11\/06-1536x1024.jpg 1536w, https:\/\/marcali.plebania.hu\/wp-content\/uploads\/2023\/11\/06-2048x1365.jpg 2048w, https:\/\/marcali.plebania.hu\/wp-content\/uploads\/2023\/11\/06-405x270.jpg 405w\" sizes=\"auto, (max-width: 1024px) 100vw, 1024px\" \/><\/figure>\n\n\n\n<figure class=\"wp-block-image size-large\"><img loading=\"lazy\" decoding=\"async\" width=\"1024\" height=\"683\" data-id=\"5202\" src=\"https:\/\/marcali.plebania.hu\/wp-content\/uploads\/2023\/11\/07-1024x683.jpg\" alt=\"\" class=\"wp-image-5202\" srcset=\"https:\/\/marcali.plebania.hu\/wp-content\/uploads\/2023\/11\/07-1024x683.jpg 1024w, https:\/\/marcali.plebania.hu\/wp-content\/uploads\/2023\/11\/07-300x200.jpg 300w, https:\/\/marcali.plebania.hu\/wp-content\/uploads\/2023\/11\/07-768x512.jpg 768w, https:\/\/marcali.plebania.hu\/wp-content\/uploads\/2023\/11\/07-1536x1024.jpg 1536w, https:\/\/marcali.plebania.hu\/wp-content\/uploads\/2023\/11\/07-2048x1365.jpg 2048w, https:\/\/marcali.plebania.hu\/wp-content\/uploads\/2023\/11\/07-405x270.jpg 405w\" sizes=\"auto, (max-width: 1024px) 100vw, 1024px\" \/><\/figure>\n\n\n\n<figure class=\"wp-block-image size-large\"><img loading=\"lazy\" decoding=\"async\" width=\"1024\" height=\"683\" data-id=\"5201\" src=\"https:\/\/marcali.plebania.hu\/wp-content\/uploads\/2023\/11\/08-1-1024x683.jpg\" alt=\"\" class=\"wp-image-5201\" srcset=\"https:\/\/marcali.plebania.hu\/wp-content\/uploads\/2023\/11\/08-1-1024x683.jpg 1024w, https:\/\/marcali.plebania.hu\/wp-content\/uploads\/2023\/11\/08-1-300x200.jpg 300w, https:\/\/marcali.plebania.hu\/wp-content\/uploads\/2023\/11\/08-1-768x512.jpg 768w, https:\/\/marcali.plebania.hu\/wp-content\/uploads\/2023\/11\/08-1-1536x1024.jpg 1536w, https:\/\/marcali.plebania.hu\/wp-content\/uploads\/2023\/11\/08-1-2048x1365.jpg 2048w, https:\/\/marcali.plebania.hu\/wp-content\/uploads\/2023\/11\/08-1-405x270.jpg 405w\" sizes=\"auto, (max-width: 1024px) 100vw, 1024px\" \/><\/figure>\n<\/figure>\n\n\n\n<p>A mostani alkalommal a somogyszentp\u00e1li MM2 Design Kft. v\u00e1llalta a templomon a k\u00fclt\u00e9ri homlokzati vakol\u00e1si munk\u00e1kat. Ezek sor\u00e1n a v\u00e1llalkoz\u00f3 elv\u00e9gezte az \u00e9szaki (elmaradt) oldal fuga kapar\u00e1s\u00e1t, valamint 80,57 m2 fel\u00fcleten a falazat nedvess\u00e9gfelv\u00e9tel\u00e9t megakad\u00e1lyoz\u00f3 g\u00fazol\u00e1st, tov\u00e1bb\u00e1 a (lev\u00e9ben vizes szivaccsal kisim\u00edtva) 4,5 cm vastags\u00e1gban TAP sz\u00e1r\u00edt\u00f3 alapvakolattal (SAKRET) a vakol\u00e1st.<\/p>\n\n\n\n<figure class=\"wp-block-gallery has-nested-images columns-default is-cropped wp-block-gallery-3 is-layout-flex wp-block-gallery-is-layout-flex\">\n<figure class=\"wp-block-image size-large\"><img loading=\"lazy\" decoding=\"async\" width=\"1024\" height=\"683\" data-id=\"5206\" src=\"https:\/\/marcali.plebania.hu\/wp-content\/uploads\/2023\/11\/11-1024x683.jpg\" alt=\"\" class=\"wp-image-5206\" srcset=\"https:\/\/marcali.plebania.hu\/wp-content\/uploads\/2023\/11\/11-1024x683.jpg 1024w, https:\/\/marcali.plebania.hu\/wp-content\/uploads\/2023\/11\/11-300x200.jpg 300w, https:\/\/marcali.plebania.hu\/wp-content\/uploads\/2023\/11\/11-768x512.jpg 768w, https:\/\/marcali.plebania.hu\/wp-content\/uploads\/2023\/11\/11-1536x1024.jpg 1536w, https:\/\/marcali.plebania.hu\/wp-content\/uploads\/2023\/11\/11-2048x1365.jpg 2048w, https:\/\/marcali.plebania.hu\/wp-content\/uploads\/2023\/11\/11-405x270.jpg 405w\" sizes=\"auto, (max-width: 1024px) 100vw, 1024px\" \/><\/figure>\n\n\n\n<figure class=\"wp-block-image size-large\"><img loading=\"lazy\" decoding=\"async\" width=\"1024\" height=\"683\" data-id=\"5203\" src=\"https:\/\/marcali.plebania.hu\/wp-content\/uploads\/2023\/11\/12-1024x683.jpg\" alt=\"\" class=\"wp-image-5203\" srcset=\"https:\/\/marcali.plebania.hu\/wp-content\/uploads\/2023\/11\/12-1024x683.jpg 1024w, https:\/\/marcali.plebania.hu\/wp-content\/uploads\/2023\/11\/12-300x200.jpg 300w, https:\/\/marcali.plebania.hu\/wp-content\/uploads\/2023\/11\/12-768x512.jpg 768w, https:\/\/marcali.plebania.hu\/wp-content\/uploads\/2023\/11\/12-1536x1024.jpg 1536w, https:\/\/marcali.plebania.hu\/wp-content\/uploads\/2023\/11\/12-2048x1365.jpg 2048w, https:\/\/marcali.plebania.hu\/wp-content\/uploads\/2023\/11\/12-405x270.jpg 405w\" sizes=\"auto, (max-width: 1024px) 100vw, 1024px\" \/><\/figure>\n\n\n\n<figure class=\"wp-block-image size-large\"><img loading=\"lazy\" decoding=\"async\" width=\"1024\" height=\"683\" data-id=\"5205\" src=\"https:\/\/marcali.plebania.hu\/wp-content\/uploads\/2023\/11\/13-1-1024x683.jpg\" alt=\"\" class=\"wp-image-5205\" srcset=\"https:\/\/marcali.plebania.hu\/wp-content\/uploads\/2023\/11\/13-1-1024x683.jpg 1024w, https:\/\/marcali.plebania.hu\/wp-content\/uploads\/2023\/11\/13-1-300x200.jpg 300w, https:\/\/marcali.plebania.hu\/wp-content\/uploads\/2023\/11\/13-1-768x512.jpg 768w, https:\/\/marcali.plebania.hu\/wp-content\/uploads\/2023\/11\/13-1-1536x1024.jpg 1536w, https:\/\/marcali.plebania.hu\/wp-content\/uploads\/2023\/11\/13-1-2048x1365.jpg 2048w, https:\/\/marcali.plebania.hu\/wp-content\/uploads\/2023\/11\/13-1-405x270.jpg 405w\" sizes=\"auto, (max-width: 1024px) 100vw, 1024px\" \/><\/figure>\n\n\n\n<figure class=\"wp-block-image size-large\"><img loading=\"lazy\" decoding=\"async\" width=\"1024\" height=\"683\" data-id=\"5204\" src=\"https:\/\/marcali.plebania.hu\/wp-content\/uploads\/2023\/11\/10-1024x683.jpg\" alt=\"\" class=\"wp-image-5204\" srcset=\"https:\/\/marcali.plebania.hu\/wp-content\/uploads\/2023\/11\/10-1024x683.jpg 1024w, https:\/\/marcali.plebania.hu\/wp-content\/uploads\/2023\/11\/10-300x200.jpg 300w, https:\/\/marcali.plebania.hu\/wp-content\/uploads\/2023\/11\/10-768x512.jpg 768w, https:\/\/marcali.plebania.hu\/wp-content\/uploads\/2023\/11\/10-1536x1024.jpg 1536w, https:\/\/marcali.plebania.hu\/wp-content\/uploads\/2023\/11\/10-2048x1365.jpg 2048w, https:\/\/marcali.plebania.hu\/wp-content\/uploads\/2023\/11\/10-405x270.jpg 405w\" sizes=\"auto, (max-width: 1024px) 100vw, 1024px\" \/><\/figure>\n<\/figure>\n\n\n\n<p>A fel\u00faj\u00edt\u00e1si munk\u00e1kat 1,5 milli\u00f3 Ft-al a Marcali V\u00e1rosi \u00d6nkorm\u00e1nyzat t\u00e1mogatta. K\u00f6sz\u00f6net \u00e9rte!<\/p>\n\n\n\n<p>A fennmarad\u00f3 r\u00e9szt az egyh\u00e1zk\u00f6zs\u00e9g a saj\u00e1t k\u00f6lts\u00e9gvet\u00e9s\u00e9b\u0151l finansz\u00edrozta.<\/p>\n\n\n\n<p>A fel\u00faj\u00edt\u00e1s \u2013 az id\u0151j\u00e1r\u00e1s f\u00fcggv\u00e9ny\u00e9ben \u2013 tov\u00e1bb folytat\u00f3dik, hiszen a homlokzaton van m\u00e9g m\u00e1s jav\u00edtanival\u00f3 is.<\/p>\n","protected":false},"excerpt":{"rendered":"<p>A Marcali-gombai Antiochiai Szent Margit templomon a m\u00e1sodik vil\u00e1gh\u00e1bor\u00fat k\u00f6vet\u0151 \u00e9vtizedekben sz\u00e1mos kisebb-nagyobb fel\u00faj\u00edt\u00e1s t\u00f6rt\u00e9nt. Az elm\u00falt \u00e9vekben k\u00fcl\u00f6nf\u00e9le \u00e1llagmeg\u00f3v\u00e1si munk\u00e1k zajlottak, \u00edgy 2017-ben p\u00e9ld\u00e1ul tet\u0151cserepez\u00e9s, 2019-ben f\u0171t\u00e9s-villanyszerel\u00e9s, 2020-ban pedig a teljes bels\u0151 fel\u00faj\u00edt\u00e1s. Ezeket t\u00fal siker\u00fclt m\u00e9g a templom k\u00fcls\u0151 tataroz\u00e1s\u00e1hoz a falszigetel\u00e9st is elv\u00e9gezni, valamint a vakolat egy r\u00e9sz\u00e9t elt\u00e1vol\u00edtani. Az idei esztend\u0151ben, a Marcali V\u00e1rosi \u00d6nkorm\u00e1nyzat \u00fajabb t\u00e1mogat\u00e1s\u00e1val, okt\u00f3ber-november folyam\u00e1n \u2013 kihaszn\u00e1lva a m\u00e9g j\u00f3 id\u0151t \u2013 folytat\u00f3dtak az elmaradt k\u00fcls\u0151 munk\u00e1k. A mostani alkalommal a somogyszentp\u00e1li&#8230;<\/p>\n<p class=\"read-more\"><a class=\"btn btn-default\" href=\"https:\/\/marcali.plebania.hu\/?p=5194\"> Read More<span class=\"screen-reader-text\">  Read More<\/span><\/a><\/p>\n","protected":false},"author":2,"featured_media":0,"comment_status":"closed","ping_status":"open","sticky":false,"template":"","format":"standard","meta":{"footnotes":""},"categories":[1],"tags":[],"class_list":["post-5194","post","type-post","status-publish","format-standard","hentry","category-egyeb"],"_links":{"self":[{"href":"https:\/\/marcali.plebania.hu\/index.php?rest_route=\/wp\/v2\/posts\/5194","targetHints":{"allow":["GET"]}}],"collection":[{"href":"https:\/\/marcali.plebania.hu\/index.php?rest_route=\/wp\/v2\/posts"}],"about":[{"href":"https:\/\/marcali.plebania.hu\/index.php?rest_route=\/wp\/v2\/types\/post"}],"author":[{"embeddable":true,"href":"https:\/\/marcali.plebania.hu\/index.php?rest_route=\/wp\/v2\/users\/2"}],"replies":[{"embeddable":true,"href":"https:\/\/marcali.plebania.hu\/index.php?rest_route=%2Fwp%2Fv2%2Fcomments&post=5194"}],"version-history":[{"count":2,"href":"https:\/\/marcali.plebania.hu\/index.php?rest_route=\/wp\/v2\/posts\/5194\/revisions"}],"predecessor-version":[{"id":5208,"href":"https:\/\/marcali.plebania.hu\/index.php?rest_route=\/wp\/v2\/posts\/5194\/revisions\/5208"}],"wp:attachment":[{"href":"https:\/\/marcali.plebania.hu\/index.php?rest_route=%2Fwp%2Fv2%2Fmedia&parent=5194"}],"wp:term":[{"taxonomy":"category","embeddable":true,"href":"https:\/\/marcali.plebania.hu\/index.php?rest_route=%2Fwp%2Fv2%2Fcategories&post=5194"},{"taxonomy":"post_tag","embeddable":true,"href":"https:\/\/marcali.plebania.hu\/index.php?rest_route=%2Fwp%2Fv2%2Ftags&post=5194"}],"curies":[{"name":"wp","href":"https:\/\/api.w.org\/{rel}","templated":true}]}}