{"id":5209,"date":"2023-12-02T12:41:58","date_gmt":"2023-12-02T12:41:58","guid":{"rendered":"https:\/\/marcali.plebania.hu\/?p=5209"},"modified":"2023-12-03T15:44:38","modified_gmt":"2023-12-03T15:44:38","slug":"hirdetesek-2023-december-3","status":"publish","type":"post","link":"https:\/\/marcali.plebania.hu\/?p=5209","title":{"rendered":"Hirdet\u00e9sek 2023. december 3."},"content":{"rendered":"\n<p><\/p>\n\n\n\n<p><a href=\"https:\/\/igenaptar.katolikus.hu\/2024\/nap\/index.php?holnap=2023-12-03\" target=\"_blank\" rel=\"noreferrer noopener\">Advent I. vas\u00e1rnapja (a szentmise sz\u00f6vegei ide kattintva olvashat\u00f3k)<\/a> <\/p>\n\n\n\n<ol class=\"wp-block-list\" start=\"1\">\n<li>K\u00f6sz\u00f6nj\u00fck a seg\u00edts\u00e9get az <strong>adventi koszor\u00fa<\/strong> fel\u00e1ll\u00edt\u00e1s\u00e1ban a templom el\u0151tti t\u00e9ren. Szombatonk\u00e9nt 17 \u00f3rakor gy\u00fajtjuk meg a k\u00f6vetkez\u0151 gyerty\u00e1t.<\/li>\n\n\n\n<li>A mai nappal, advent els\u0151 vas\u00e1rnapj\u00e1val megkezd\u0151dik az \u00faj egyh\u00e1zi \u00e9v. A misek\u00f6nyv megfogalmaz\u00e1sa szerint \u201eaz <strong>adventi id\u0151<\/strong>nek kett\u0151s jellege van. A kar\u00e1csonyi \u00fcnnepekre val\u00f3 el\u0151k\u00e9sz\u00fclet ideje ez, amikor Isten Fi\u00e1nak az emberekhez val\u00f3 els\u0151 elj\u00f6vetel\u00e9re eml\u00e9kez\u00fcnk. Egy\u00fattal (\u2026) ez a visszaeml\u00e9kez\u00e9s r\u00e1ir\u00e1ny\u00edthatja figyelm\u00fcnket Krisztus t\u00f6rt\u00e9nelemv\u00e9gi, m\u00e1sodik elj\u00f6vetel\u00e9nek v\u00e1r\u00e1s\u00e1ra.&#8221;<\/li>\n\n\n\n<li>K\u00e9rj\u00fck a <strong>hittanosok<\/strong>at, adventben a vas\u00e1rnapi mis\u00e9k ut\u00e1n keress\u00e9k meg a hitoktat\u00f3kat, akik meglepet\u00e9ssel k\u00e9sz\u00fcltek sz\u00e1mukra, amely kar\u00e1csonyra \u00fagy lesz eg\u00e9sz, ha mind a 4 r\u00e9sz\u00e9t \u00f6sszegy\u0171jtik.<\/li>\n\n\n\n<li>Adventben <strong>cs\u00fct\u00f6rt\u00f6k\u00f6nk\u00e9nt<\/strong> nem esti, hanem <strong>rorate mise<\/strong> lesz a pl\u00e9b\u00e1niatemplomban reggel f\u00e9l 7-kor, mely ut\u00e1n szeretettel marasztalunk minden jelenl\u00e9v\u0151t egy kis besz\u00e9lget\u00e9sre \u00e9s meleg te\u00e1ra, melyhez c\u00e9lszer\u0171 termoszt vagy kulacsot hozni magunkkal!<\/li>\n\n\n\n<li>P\u00e9nteken lesz pl\u00e9b\u00e1niatemplomunk <strong>szents\u00e9gim\u00e1d\u00e1si nap<\/strong>ja, egyben <strong>adventi lelki nap<\/strong>unk is: 10 \u00f3r\u00e1t\u00f3l az esti szentmis\u00e9ig kihelyezz\u00fck az Olt\u00e1riszents\u00e9get im\u00e1d\u00e1sra. K\u00e9rj\u00fck, iratkozzon fel a sekresty\u00e9ben vagy az irod\u00e1ban, aki v\u00e1llal egy csendes szents\u00e9gim\u00e1d\u00e1si \u00f3r\u00e1t (10 \u00e9s 16 \u00f3ra k\u00f6zt). Az Ifj\u00fa l\u00e1mp\u00e1s k\u00f6z\u00f6ss\u00e9g vezet\u00e9s\u00e9vel <strong>k\u00f6z\u00f6s szents\u00e9gim\u00e1d\u00e1s<\/strong>t v\u00e9gz\u00fcnk 16 \u00f3r\u00e1t\u00f3l, k\u00f6zben &#8211; \u00e9s a szentmise alatt is &#8211; lehet\u0151s\u00e9g lesz a szentgy\u00f3n\u00e1s elv\u00e9gz\u00e9s\u00e9re. Szeretettel h\u00edvunk mindenkit.<\/li>\n\n\n\n<li>Az <strong>ifj\u00fas\u00e1gi csoport<\/strong> k\u00f6vetkez\u0151 tal\u00e1lkoz\u00f3ja a szombat esti szentmise ut\u00e1n (dec. 9-\u00e9n 18 \u00f3rakor) kezd\u0151dik a pl\u00e9b\u00e1ni\u00e1n.<\/li>\n<\/ol>\n","protected":false},"excerpt":{"rendered":"<p>Advent I. vas\u00e1rnapja (a szentmise sz\u00f6vegei ide kattintva olvashat\u00f3k)<\/p>\n","protected":false},"author":2,"featured_media":0,"comment_status":"closed","ping_status":"open","sticky":false,"template":"","format":"standard","meta":{"footnotes":""},"categories":[1],"tags":[],"class_list":["post-5209","post","type-post","status-publish","format-standard","hentry","category-egyeb"],"_links":{"self":[{"href":"https:\/\/marcali.plebania.hu\/index.php?rest_route=\/wp\/v2\/posts\/5209","targetHints":{"allow":["GET"]}}],"collection":[{"href":"https:\/\/marcali.plebania.hu\/index.php?rest_route=\/wp\/v2\/posts"}],"about":[{"href":"https:\/\/marcali.plebania.hu\/index.php?rest_route=\/wp\/v2\/types\/post"}],"author":[{"embeddable":true,"href":"https:\/\/marcali.plebania.hu\/index.php?rest_route=\/wp\/v2\/users\/2"}],"replies":[{"embeddable":true,"href":"https:\/\/marcali.plebania.hu\/index.php?rest_route=%2Fwp%2Fv2%2Fcomments&post=5209"}],"version-history":[{"count":2,"href":"https:\/\/marcali.plebania.hu\/index.php?rest_route=\/wp\/v2\/posts\/5209\/revisions"}],"predecessor-version":[{"id":5212,"href":"https:\/\/marcali.plebania.hu\/index.php?rest_route=\/wp\/v2\/posts\/5209\/revisions\/5212"}],"wp:attachment":[{"href":"https:\/\/marcali.plebania.hu\/index.php?rest_route=%2Fwp%2Fv2%2Fmedia&parent=5209"}],"wp:term":[{"taxonomy":"category","embeddable":true,"href":"https:\/\/marcali.plebania.hu\/index.php?rest_route=%2Fwp%2Fv2%2Fcategories&post=5209"},{"taxonomy":"post_tag","embeddable":true,"href":"https:\/\/marcali.plebania.hu\/index.php?rest_route=%2Fwp%2Fv2%2Ftags&post=5209"}],"curies":[{"name":"wp","href":"https:\/\/api.w.org\/{rel}","templated":true}]}}