{"id":5213,"date":"2023-12-04T14:14:06","date_gmt":"2023-12-04T14:14:06","guid":{"rendered":"https:\/\/marcali.plebania.hu\/?p=5213"},"modified":"2023-12-04T14:14:06","modified_gmt":"2023-12-04T14:14:06","slug":"az-iden-is-elkeszult-a-kulteri-adventi-koszoru-a-plebaniatemplom-elott","status":"publish","type":"post","link":"https:\/\/marcali.plebania.hu\/?p=5213","title":{"rendered":"Az id\u00e9n is elk\u00e9sz\u00fclt a k\u00fclt\u00e9ri \u00e1dventi koszor\u00fa a pl\u00e9b\u00e1niatemplom el\u0151tt"},"content":{"rendered":"\n<p>2023. december 2-\u00e1n, szombaton, d\u00e9lel\u0151tt 9 \u00f3r\u00e1t\u00f3l kezd\u0151d\u00f6tt a k\u00fclt\u00e9ri \u00e1dventi koszor\u00fa \u00f6ssze\u00e1ll\u00edt\u00e1sa \u00e9s feld\u00edsz\u00edt\u00e9se a Boldog II. J\u00e1nos P\u00e1l p\u00e1pa t\u00e9ren, a pl\u00e9b\u00e1niatemplom el\u0151tt.<\/p>\n\n\n\n<figure class=\"wp-block-gallery has-nested-images columns-default is-cropped wp-block-gallery-1 is-layout-flex wp-block-gallery-is-layout-flex\">\n<figure class=\"wp-block-image size-large\"><img loading=\"lazy\" decoding=\"async\" width=\"1024\" height=\"683\" data-id=\"5215\" src=\"https:\/\/marcali.plebania.hu\/wp-content\/uploads\/2023\/12\/01-1024x683.jpg\" alt=\"\" class=\"wp-image-5215\" srcset=\"https:\/\/marcali.plebania.hu\/wp-content\/uploads\/2023\/12\/01-1024x683.jpg 1024w, https:\/\/marcali.plebania.hu\/wp-content\/uploads\/2023\/12\/01-300x200.jpg 300w, https:\/\/marcali.plebania.hu\/wp-content\/uploads\/2023\/12\/01-768x512.jpg 768w, https:\/\/marcali.plebania.hu\/wp-content\/uploads\/2023\/12\/01-1536x1024.jpg 1536w, https:\/\/marcali.plebania.hu\/wp-content\/uploads\/2023\/12\/01-2048x1365.jpg 2048w, https:\/\/marcali.plebania.hu\/wp-content\/uploads\/2023\/12\/01-405x270.jpg 405w\" sizes=\"auto, (max-width: 1024px) 100vw, 1024px\" \/><\/figure>\n\n\n\n<figure class=\"wp-block-image size-large\"><img loading=\"lazy\" decoding=\"async\" width=\"1024\" height=\"683\" data-id=\"5217\" src=\"https:\/\/marcali.plebania.hu\/wp-content\/uploads\/2023\/12\/02-1024x683.jpg\" alt=\"\" class=\"wp-image-5217\" srcset=\"https:\/\/marcali.plebania.hu\/wp-content\/uploads\/2023\/12\/02-1024x683.jpg 1024w, https:\/\/marcali.plebania.hu\/wp-content\/uploads\/2023\/12\/02-300x200.jpg 300w, https:\/\/marcali.plebania.hu\/wp-content\/uploads\/2023\/12\/02-768x512.jpg 768w, https:\/\/marcali.plebania.hu\/wp-content\/uploads\/2023\/12\/02-1536x1024.jpg 1536w, https:\/\/marcali.plebania.hu\/wp-content\/uploads\/2023\/12\/02-2048x1365.jpg 2048w, https:\/\/marcali.plebania.hu\/wp-content\/uploads\/2023\/12\/02-405x270.jpg 405w\" sizes=\"auto, (max-width: 1024px) 100vw, 1024px\" \/><\/figure>\n\n\n\n<figure class=\"wp-block-image size-large\"><img loading=\"lazy\" decoding=\"async\" width=\"1024\" height=\"683\" data-id=\"5214\" src=\"https:\/\/marcali.plebania.hu\/wp-content\/uploads\/2023\/12\/03-1024x683.jpg\" alt=\"\" class=\"wp-image-5214\" srcset=\"https:\/\/marcali.plebania.hu\/wp-content\/uploads\/2023\/12\/03-1024x683.jpg 1024w, https:\/\/marcali.plebania.hu\/wp-content\/uploads\/2023\/12\/03-300x200.jpg 300w, https:\/\/marcali.plebania.hu\/wp-content\/uploads\/2023\/12\/03-768x512.jpg 768w, https:\/\/marcali.plebania.hu\/wp-content\/uploads\/2023\/12\/03-1536x1024.jpg 1536w, https:\/\/marcali.plebania.hu\/wp-content\/uploads\/2023\/12\/03-2048x1365.jpg 2048w, https:\/\/marcali.plebania.hu\/wp-content\/uploads\/2023\/12\/03-405x270.jpg 405w\" sizes=\"auto, (max-width: 1024px) 100vw, 1024px\" \/><\/figure>\n\n\n\n<figure class=\"wp-block-image size-large\"><img loading=\"lazy\" decoding=\"async\" width=\"1024\" height=\"683\" data-id=\"5216\" src=\"https:\/\/marcali.plebania.hu\/wp-content\/uploads\/2023\/12\/04-1024x683.jpg\" alt=\"\" class=\"wp-image-5216\" srcset=\"https:\/\/marcali.plebania.hu\/wp-content\/uploads\/2023\/12\/04-1024x683.jpg 1024w, https:\/\/marcali.plebania.hu\/wp-content\/uploads\/2023\/12\/04-300x200.jpg 300w, https:\/\/marcali.plebania.hu\/wp-content\/uploads\/2023\/12\/04-768x512.jpg 768w, https:\/\/marcali.plebania.hu\/wp-content\/uploads\/2023\/12\/04-1536x1024.jpg 1536w, https:\/\/marcali.plebania.hu\/wp-content\/uploads\/2023\/12\/04-2048x1365.jpg 2048w, https:\/\/marcali.plebania.hu\/wp-content\/uploads\/2023\/12\/04-405x270.jpg 405w\" sizes=\"auto, (max-width: 1024px) 100vw, 1024px\" \/><\/figure>\n<\/figure>\n\n\n\n<p> Az idei munk\u00e1kat is Gelencs\u00e9r R\u00f3bert vil\u00e1gi eln\u00f6k, Kir\u00e1ly Jen\u0151 templomatya \u00e9s T\u00f3th P\u00e9ter ir\u00e1ny\u00edtott\u00e1k. A Marcali R\u00f3mai Katolikus Egyh\u00e1zk\u00f6zs\u00e9g 14 f\u0151s csapata els\u0151k\u00e9nt a f\u00e9m-v\u00e1z keretet \u00e1ll\u00edtotta \u00f6ssze, majd pedig a feny\u0151-\u00e1gakkal val\u00f3 k\u00f6rbefon\u00e1s\u00e1val \u00e9s d\u00edsz\u00edt\u00e9s\u00e9vel v\u00e9gz\u0151dtek a munk\u00e1k, melyek d\u00e9lre fejez\u0151dtek be. Az id\u0151j\u00e1r\u00e1s szerencs\u00e9re kegyes volt az \u00e9p\u00edt\u0151 csapathoz, mivel az el\u0151re jelzett csapad\u00e9k d\u00e9lel\u0151tt nem k\u00f6vetkezett be, \u00edgy az \u00f6ssze\u00e1ll\u00edt\u00e1s zavartalanul zajlott le.<\/p>\n\n\n\n<figure class=\"wp-block-gallery has-nested-images columns-default is-cropped wp-block-gallery-2 is-layout-flex wp-block-gallery-is-layout-flex\">\n<figure class=\"wp-block-image size-large\"><img loading=\"lazy\" decoding=\"async\" width=\"1024\" height=\"683\" data-id=\"5223\" src=\"https:\/\/marcali.plebania.hu\/wp-content\/uploads\/2023\/12\/06-1-1024x683.jpg\" alt=\"\" class=\"wp-image-5223\" srcset=\"https:\/\/marcali.plebania.hu\/wp-content\/uploads\/2023\/12\/06-1-1024x683.jpg 1024w, https:\/\/marcali.plebania.hu\/wp-content\/uploads\/2023\/12\/06-1-300x200.jpg 300w, https:\/\/marcali.plebania.hu\/wp-content\/uploads\/2023\/12\/06-1-768x512.jpg 768w, https:\/\/marcali.plebania.hu\/wp-content\/uploads\/2023\/12\/06-1-1536x1024.jpg 1536w, https:\/\/marcali.plebania.hu\/wp-content\/uploads\/2023\/12\/06-1-2048x1365.jpg 2048w, https:\/\/marcali.plebania.hu\/wp-content\/uploads\/2023\/12\/06-1-405x270.jpg 405w\" sizes=\"auto, (max-width: 1024px) 100vw, 1024px\" \/><\/figure>\n\n\n\n<figure class=\"wp-block-image size-large\"><img loading=\"lazy\" decoding=\"async\" width=\"1024\" height=\"683\" data-id=\"5222\" src=\"https:\/\/marcali.plebania.hu\/wp-content\/uploads\/2023\/12\/07-1-1024x683.jpg\" alt=\"\" class=\"wp-image-5222\" srcset=\"https:\/\/marcali.plebania.hu\/wp-content\/uploads\/2023\/12\/07-1-1024x683.jpg 1024w, https:\/\/marcali.plebania.hu\/wp-content\/uploads\/2023\/12\/07-1-300x200.jpg 300w, https:\/\/marcali.plebania.hu\/wp-content\/uploads\/2023\/12\/07-1-768x512.jpg 768w, https:\/\/marcali.plebania.hu\/wp-content\/uploads\/2023\/12\/07-1-1536x1024.jpg 1536w, https:\/\/marcali.plebania.hu\/wp-content\/uploads\/2023\/12\/07-1-2048x1365.jpg 2048w, https:\/\/marcali.plebania.hu\/wp-content\/uploads\/2023\/12\/07-1-405x270.jpg 405w\" sizes=\"auto, (max-width: 1024px) 100vw, 1024px\" \/><\/figure>\n\n\n\n<figure class=\"wp-block-image size-large\"><img loading=\"lazy\" decoding=\"async\" width=\"1024\" height=\"683\" data-id=\"5225\" src=\"https:\/\/marcali.plebania.hu\/wp-content\/uploads\/2023\/12\/11-1024x683.jpg\" alt=\"\" class=\"wp-image-5225\" srcset=\"https:\/\/marcali.plebania.hu\/wp-content\/uploads\/2023\/12\/11-1024x683.jpg 1024w, https:\/\/marcali.plebania.hu\/wp-content\/uploads\/2023\/12\/11-300x200.jpg 300w, https:\/\/marcali.plebania.hu\/wp-content\/uploads\/2023\/12\/11-768x512.jpg 768w, https:\/\/marcali.plebania.hu\/wp-content\/uploads\/2023\/12\/11-1536x1024.jpg 1536w, https:\/\/marcali.plebania.hu\/wp-content\/uploads\/2023\/12\/11-2048x1365.jpg 2048w, https:\/\/marcali.plebania.hu\/wp-content\/uploads\/2023\/12\/11-405x270.jpg 405w\" sizes=\"auto, (max-width: 1024px) 100vw, 1024px\" \/><\/figure>\n\n\n\n<figure class=\"wp-block-image size-large\"><img loading=\"lazy\" decoding=\"async\" width=\"1024\" height=\"683\" data-id=\"5221\" src=\"https:\/\/marcali.plebania.hu\/wp-content\/uploads\/2023\/12\/09-1024x683.jpg\" alt=\"\" class=\"wp-image-5221\" srcset=\"https:\/\/marcali.plebania.hu\/wp-content\/uploads\/2023\/12\/09-1024x683.jpg 1024w, https:\/\/marcali.plebania.hu\/wp-content\/uploads\/2023\/12\/09-300x200.jpg 300w, https:\/\/marcali.plebania.hu\/wp-content\/uploads\/2023\/12\/09-768x512.jpg 768w, https:\/\/marcali.plebania.hu\/wp-content\/uploads\/2023\/12\/09-1536x1024.jpg 1536w, https:\/\/marcali.plebania.hu\/wp-content\/uploads\/2023\/12\/09-2048x1365.jpg 2048w, https:\/\/marcali.plebania.hu\/wp-content\/uploads\/2023\/12\/09-405x270.jpg 405w\" sizes=\"auto, (max-width: 1024px) 100vw, 1024px\" \/><\/figure>\n<\/figure>\n","protected":false},"excerpt":{"rendered":"<p>2023. december 2-\u00e1n, szombaton, d\u00e9lel\u0151tt 9 \u00f3r\u00e1t\u00f3l kezd\u0151d\u00f6tt a k\u00fclt\u00e9ri \u00e1dventi koszor\u00fa \u00f6ssze\u00e1ll\u00edt\u00e1sa \u00e9s feld\u00edsz\u00edt\u00e9se a Boldog II. J\u00e1nos P\u00e1l p\u00e1pa t\u00e9ren, a pl\u00e9b\u00e1niatemplom el\u0151tt. Az idei munk\u00e1kat is Gelencs\u00e9r R\u00f3bert vil\u00e1gi eln\u00f6k, Kir\u00e1ly Jen\u0151 templomatya \u00e9s T\u00f3th P\u00e9ter ir\u00e1ny\u00edtott\u00e1k. A Marcali R\u00f3mai Katolikus Egyh\u00e1zk\u00f6zs\u00e9g 14 f\u0151s csapata els\u0151k\u00e9nt a f\u00e9m-v\u00e1z keretet \u00e1ll\u00edtotta \u00f6ssze, majd pedig a feny\u0151-\u00e1gakkal val\u00f3 k\u00f6rbefon\u00e1s\u00e1val \u00e9s d\u00edsz\u00edt\u00e9s\u00e9vel v\u00e9gz\u0151dtek a munk\u00e1k, melyek d\u00e9lre fejez\u0151dtek be. Az id\u0151j\u00e1r\u00e1s szerencs\u00e9re kegyes volt az \u00e9p\u00edt\u0151 csapathoz, mivel az el\u0151re&#8230;<\/p>\n<p class=\"read-more\"><a class=\"btn btn-default\" href=\"https:\/\/marcali.plebania.hu\/?p=5213\"> Read More<span class=\"screen-reader-text\">  Read More<\/span><\/a><\/p>\n","protected":false},"author":2,"featured_media":0,"comment_status":"closed","ping_status":"open","sticky":false,"template":"","format":"standard","meta":{"footnotes":""},"categories":[1],"tags":[],"class_list":["post-5213","post","type-post","status-publish","format-standard","hentry","category-egyeb"],"_links":{"self":[{"href":"https:\/\/marcali.plebania.hu\/index.php?rest_route=\/wp\/v2\/posts\/5213","targetHints":{"allow":["GET"]}}],"collection":[{"href":"https:\/\/marcali.plebania.hu\/index.php?rest_route=\/wp\/v2\/posts"}],"about":[{"href":"https:\/\/marcali.plebania.hu\/index.php?rest_route=\/wp\/v2\/types\/post"}],"author":[{"embeddable":true,"href":"https:\/\/marcali.plebania.hu\/index.php?rest_route=\/wp\/v2\/users\/2"}],"replies":[{"embeddable":true,"href":"https:\/\/marcali.plebania.hu\/index.php?rest_route=%2Fwp%2Fv2%2Fcomments&post=5213"}],"version-history":[{"count":1,"href":"https:\/\/marcali.plebania.hu\/index.php?rest_route=\/wp\/v2\/posts\/5213\/revisions"}],"predecessor-version":[{"id":5226,"href":"https:\/\/marcali.plebania.hu\/index.php?rest_route=\/wp\/v2\/posts\/5213\/revisions\/5226"}],"wp:attachment":[{"href":"https:\/\/marcali.plebania.hu\/index.php?rest_route=%2Fwp%2Fv2%2Fmedia&parent=5213"}],"wp:term":[{"taxonomy":"category","embeddable":true,"href":"https:\/\/marcali.plebania.hu\/index.php?rest_route=%2Fwp%2Fv2%2Fcategories&post=5213"},{"taxonomy":"post_tag","embeddable":true,"href":"https:\/\/marcali.plebania.hu\/index.php?rest_route=%2Fwp%2Fv2%2Ftags&post=5213"}],"curies":[{"name":"wp","href":"https:\/\/api.w.org\/{rel}","templated":true}]}}