{"id":5227,"date":"2023-12-04T14:21:59","date_gmt":"2023-12-04T14:21:59","guid":{"rendered":"https:\/\/marcali.plebania.hu\/?p=5227"},"modified":"2023-12-04T14:21:59","modified_gmt":"2023-12-04T14:21:59","slug":"adventi-koszorukat-keszitettek-a-hittanosok","status":"publish","type":"post","link":"https:\/\/marcali.plebania.hu\/?p=5227","title":{"rendered":"\u00c1dventi koszor\u00fakat k\u00e9sz\u00edtettek a hittanosok"},"content":{"rendered":"\n<p>2023. december 2-\u00e1n, szombaton, d\u00e9lut\u00e1n 14.30 \u00f3r\u00e1t\u00f3l az X-h\u00e1z (D\u00f3zsa u. 3.) nagyterm\u00e9be \u00e1dventi koszor\u00fak\u00e9sz\u00edt\u00e9sre h\u00edvt\u00e1k a hittanos di\u00e1kokat a kar\u00e1csonyra val\u00f3 el\u0151k\u00e9sz\u00fclet r\u00e9szek\u00e9nt.<\/p>\n\n\n\n<figure class=\"wp-block-gallery has-nested-images columns-default is-cropped wp-block-gallery-1 is-layout-flex wp-block-gallery-is-layout-flex\">\n<figure class=\"wp-block-image size-large\"><img loading=\"lazy\" decoding=\"async\" width=\"1024\" height=\"683\" data-id=\"5231\" src=\"https:\/\/marcali.plebania.hu\/wp-content\/uploads\/2023\/12\/01-1-1024x683.jpg\" alt=\"\" class=\"wp-image-5231\" srcset=\"https:\/\/marcali.plebania.hu\/wp-content\/uploads\/2023\/12\/01-1-1024x683.jpg 1024w, https:\/\/marcali.plebania.hu\/wp-content\/uploads\/2023\/12\/01-1-300x200.jpg 300w, https:\/\/marcali.plebania.hu\/wp-content\/uploads\/2023\/12\/01-1-768x512.jpg 768w, https:\/\/marcali.plebania.hu\/wp-content\/uploads\/2023\/12\/01-1-1536x1024.jpg 1536w, https:\/\/marcali.plebania.hu\/wp-content\/uploads\/2023\/12\/01-1-2048x1365.jpg 2048w, https:\/\/marcali.plebania.hu\/wp-content\/uploads\/2023\/12\/01-1-405x270.jpg 405w\" sizes=\"auto, (max-width: 1024px) 100vw, 1024px\" \/><\/figure>\n\n\n\n<figure class=\"wp-block-image size-large\"><img loading=\"lazy\" decoding=\"async\" width=\"1024\" height=\"683\" data-id=\"5230\" src=\"https:\/\/marcali.plebania.hu\/wp-content\/uploads\/2023\/12\/02-1-1024x683.jpg\" alt=\"\" class=\"wp-image-5230\" srcset=\"https:\/\/marcali.plebania.hu\/wp-content\/uploads\/2023\/12\/02-1-1024x683.jpg 1024w, https:\/\/marcali.plebania.hu\/wp-content\/uploads\/2023\/12\/02-1-300x200.jpg 300w, https:\/\/marcali.plebania.hu\/wp-content\/uploads\/2023\/12\/02-1-768x512.jpg 768w, https:\/\/marcali.plebania.hu\/wp-content\/uploads\/2023\/12\/02-1-1536x1024.jpg 1536w, https:\/\/marcali.plebania.hu\/wp-content\/uploads\/2023\/12\/02-1-2048x1365.jpg 2048w, https:\/\/marcali.plebania.hu\/wp-content\/uploads\/2023\/12\/02-1-405x270.jpg 405w\" sizes=\"auto, (max-width: 1024px) 100vw, 1024px\" \/><\/figure>\n\n\n\n<figure class=\"wp-block-image size-large\"><img loading=\"lazy\" decoding=\"async\" width=\"1024\" height=\"683\" data-id=\"5229\" src=\"https:\/\/marcali.plebania.hu\/wp-content\/uploads\/2023\/12\/03-1-1024x683.jpg\" alt=\"\" class=\"wp-image-5229\" srcset=\"https:\/\/marcali.plebania.hu\/wp-content\/uploads\/2023\/12\/03-1-1024x683.jpg 1024w, https:\/\/marcali.plebania.hu\/wp-content\/uploads\/2023\/12\/03-1-300x200.jpg 300w, https:\/\/marcali.plebania.hu\/wp-content\/uploads\/2023\/12\/03-1-768x512.jpg 768w, https:\/\/marcali.plebania.hu\/wp-content\/uploads\/2023\/12\/03-1-1536x1024.jpg 1536w, https:\/\/marcali.plebania.hu\/wp-content\/uploads\/2023\/12\/03-1-2048x1365.jpg 2048w, https:\/\/marcali.plebania.hu\/wp-content\/uploads\/2023\/12\/03-1-405x270.jpg 405w\" sizes=\"auto, (max-width: 1024px) 100vw, 1024px\" \/><\/figure>\n\n\n\n<figure class=\"wp-block-image size-large\"><img loading=\"lazy\" decoding=\"async\" width=\"1024\" height=\"683\" data-id=\"5228\" src=\"https:\/\/marcali.plebania.hu\/wp-content\/uploads\/2023\/12\/04-1-1024x683.jpg\" alt=\"\" class=\"wp-image-5228\" srcset=\"https:\/\/marcali.plebania.hu\/wp-content\/uploads\/2023\/12\/04-1-1024x683.jpg 1024w, https:\/\/marcali.plebania.hu\/wp-content\/uploads\/2023\/12\/04-1-300x200.jpg 300w, https:\/\/marcali.plebania.hu\/wp-content\/uploads\/2023\/12\/04-1-768x512.jpg 768w, https:\/\/marcali.plebania.hu\/wp-content\/uploads\/2023\/12\/04-1-1536x1024.jpg 1536w, https:\/\/marcali.plebania.hu\/wp-content\/uploads\/2023\/12\/04-1-2048x1365.jpg 2048w, https:\/\/marcali.plebania.hu\/wp-content\/uploads\/2023\/12\/04-1-405x270.jpg 405w\" sizes=\"auto, (max-width: 1024px) 100vw, 1024px\" \/><\/figure>\n<\/figure>\n\n\n\n<p> A megjelent gyermekeket Tomanek Ferenc \u00c1ron pl\u00e9b\u00e1nos k\u00f6sz\u00f6nt\u00f6tte, majd pedig dr. Gyulain\u00e9 Domj\u00e1n Zsuzsanna, Bojtorn\u00e9 Kir\u00e1ly M\u00e1rta \u00e9s Pozsonyin\u00e9 Kiss M\u00e1ria hitoktat\u00f3n\u0151k vezet\u00e9s\u00e9vel kezd\u0151d\u00f6tt az asztali koszor\u00fak k\u00e9sz\u00edt\u00e9se a csal\u00e1dtagok \u00e9s az iskol\u00e1k r\u00e9sz\u00e9re.<\/p>\n\n\n\n<figure class=\"wp-block-gallery has-nested-images columns-default is-cropped wp-block-gallery-2 is-layout-flex wp-block-gallery-is-layout-flex\">\n<figure class=\"wp-block-image size-large\"><img loading=\"lazy\" decoding=\"async\" width=\"1024\" height=\"683\" data-id=\"5233\" src=\"https:\/\/marcali.plebania.hu\/wp-content\/uploads\/2023\/12\/08-1-1024x683.jpg\" alt=\"\" class=\"wp-image-5233\" srcset=\"https:\/\/marcali.plebania.hu\/wp-content\/uploads\/2023\/12\/08-1-1024x683.jpg 1024w, https:\/\/marcali.plebania.hu\/wp-content\/uploads\/2023\/12\/08-1-300x200.jpg 300w, https:\/\/marcali.plebania.hu\/wp-content\/uploads\/2023\/12\/08-1-768x512.jpg 768w, https:\/\/marcali.plebania.hu\/wp-content\/uploads\/2023\/12\/08-1-1536x1024.jpg 1536w, https:\/\/marcali.plebania.hu\/wp-content\/uploads\/2023\/12\/08-1-2048x1365.jpg 2048w, https:\/\/marcali.plebania.hu\/wp-content\/uploads\/2023\/12\/08-1-405x270.jpg 405w\" sizes=\"auto, (max-width: 1024px) 100vw, 1024px\" \/><\/figure>\n\n\n\n<figure class=\"wp-block-image size-large\"><img loading=\"lazy\" decoding=\"async\" width=\"1024\" height=\"683\" data-id=\"5232\" src=\"https:\/\/marcali.plebania.hu\/wp-content\/uploads\/2023\/12\/09-1-1024x683.jpg\" alt=\"\" class=\"wp-image-5232\" srcset=\"https:\/\/marcali.plebania.hu\/wp-content\/uploads\/2023\/12\/09-1-1024x683.jpg 1024w, https:\/\/marcali.plebania.hu\/wp-content\/uploads\/2023\/12\/09-1-300x200.jpg 300w, https:\/\/marcali.plebania.hu\/wp-content\/uploads\/2023\/12\/09-1-768x512.jpg 768w, https:\/\/marcali.plebania.hu\/wp-content\/uploads\/2023\/12\/09-1-1536x1024.jpg 1536w, https:\/\/marcali.plebania.hu\/wp-content\/uploads\/2023\/12\/09-1-2048x1365.jpg 2048w, https:\/\/marcali.plebania.hu\/wp-content\/uploads\/2023\/12\/09-1-405x270.jpg 405w\" sizes=\"auto, (max-width: 1024px) 100vw, 1024px\" \/><\/figure>\n\n\n\n<figure class=\"wp-block-image size-large\"><img loading=\"lazy\" decoding=\"async\" width=\"1024\" height=\"683\" data-id=\"5234\" src=\"https:\/\/marcali.plebania.hu\/wp-content\/uploads\/2023\/12\/11-1-1024x683.jpg\" alt=\"\" class=\"wp-image-5234\" srcset=\"https:\/\/marcali.plebania.hu\/wp-content\/uploads\/2023\/12\/11-1-1024x683.jpg 1024w, https:\/\/marcali.plebania.hu\/wp-content\/uploads\/2023\/12\/11-1-300x200.jpg 300w, https:\/\/marcali.plebania.hu\/wp-content\/uploads\/2023\/12\/11-1-768x512.jpg 768w, https:\/\/marcali.plebania.hu\/wp-content\/uploads\/2023\/12\/11-1-1536x1024.jpg 1536w, https:\/\/marcali.plebania.hu\/wp-content\/uploads\/2023\/12\/11-1-2048x1365.jpg 2048w, https:\/\/marcali.plebania.hu\/wp-content\/uploads\/2023\/12\/11-1-405x270.jpg 405w\" sizes=\"auto, (max-width: 1024px) 100vw, 1024px\" \/><\/figure>\n\n\n\n<figure class=\"wp-block-image size-large\"><img loading=\"lazy\" decoding=\"async\" width=\"1024\" height=\"683\" data-id=\"5241\" src=\"https:\/\/marcali.plebania.hu\/wp-content\/uploads\/2023\/12\/18-1024x683.jpg\" alt=\"\" class=\"wp-image-5241\" srcset=\"https:\/\/marcali.plebania.hu\/wp-content\/uploads\/2023\/12\/18-1024x683.jpg 1024w, https:\/\/marcali.plebania.hu\/wp-content\/uploads\/2023\/12\/18-300x200.jpg 300w, https:\/\/marcali.plebania.hu\/wp-content\/uploads\/2023\/12\/18-768x512.jpg 768w, https:\/\/marcali.plebania.hu\/wp-content\/uploads\/2023\/12\/18-1536x1024.jpg 1536w, https:\/\/marcali.plebania.hu\/wp-content\/uploads\/2023\/12\/18-2048x1365.jpg 2048w, https:\/\/marcali.plebania.hu\/wp-content\/uploads\/2023\/12\/18-405x270.jpg 405w\" sizes=\"auto, (max-width: 1024px) 100vw, 1024px\" \/><\/figure>\n<\/figure>\n\n\n\n<p>Az ehhez sz\u00fcks\u00e9ges alapanyagokat a Kaposv\u00e1ri Egyh\u00e1zmegyei Karit\u00e1sz t\u00e1mogat\u00e1s\u00e1val, valamint a Marcali R\u00f3mai Katolikus Egyh\u00e1zk\u00f6zs\u00e9g k\u00f6zrem\u0171k\u00f6d\u00e9s\u00e9vel siker\u00fclt beszerezni. A j\u00f3 k\u00e9z\u00fcgyess\u00e9get ig\u00e9nyl\u0151 \u00e9s dekorat\u00edv munk\u00e1kban k\u00f6z\u00e9piskol\u00e1s \u00e9s egyetemista fiatalok is seg\u00edtettek a kisebb di\u00e1koknak. A r\u00e9sztvev\u0151ket te\u00e1val \u00e9s r\u00e1gcs\u00e1lni val\u00f3kkal is megvend\u00e9gelt\u00e9k a szervez\u0151k.<\/p>\n\n\n\n<figure class=\"wp-block-gallery has-nested-images columns-default is-cropped wp-block-gallery-3 is-layout-flex wp-block-gallery-is-layout-flex\">\n<figure class=\"wp-block-image size-large\"><img loading=\"lazy\" decoding=\"async\" width=\"1024\" height=\"683\" data-id=\"5237\" src=\"https:\/\/marcali.plebania.hu\/wp-content\/uploads\/2023\/12\/13-1024x683.jpg\" alt=\"\" class=\"wp-image-5237\" srcset=\"https:\/\/marcali.plebania.hu\/wp-content\/uploads\/2023\/12\/13-1024x683.jpg 1024w, https:\/\/marcali.plebania.hu\/wp-content\/uploads\/2023\/12\/13-300x200.jpg 300w, https:\/\/marcali.plebania.hu\/wp-content\/uploads\/2023\/12\/13-768x512.jpg 768w, https:\/\/marcali.plebania.hu\/wp-content\/uploads\/2023\/12\/13-1536x1024.jpg 1536w, https:\/\/marcali.plebania.hu\/wp-content\/uploads\/2023\/12\/13-2048x1365.jpg 2048w, https:\/\/marcali.plebania.hu\/wp-content\/uploads\/2023\/12\/13-405x270.jpg 405w\" sizes=\"auto, (max-width: 1024px) 100vw, 1024px\" \/><\/figure>\n\n\n\n<figure class=\"wp-block-image size-large\"><img loading=\"lazy\" decoding=\"async\" width=\"1024\" height=\"683\" data-id=\"5240\" src=\"https:\/\/marcali.plebania.hu\/wp-content\/uploads\/2023\/12\/25-1024x683.jpg\" alt=\"\" class=\"wp-image-5240\" srcset=\"https:\/\/marcali.plebania.hu\/wp-content\/uploads\/2023\/12\/25-1024x683.jpg 1024w, https:\/\/marcali.plebania.hu\/wp-content\/uploads\/2023\/12\/25-300x200.jpg 300w, https:\/\/marcali.plebania.hu\/wp-content\/uploads\/2023\/12\/25-768x512.jpg 768w, https:\/\/marcali.plebania.hu\/wp-content\/uploads\/2023\/12\/25-1536x1024.jpg 1536w, https:\/\/marcali.plebania.hu\/wp-content\/uploads\/2023\/12\/25-2048x1365.jpg 2048w, https:\/\/marcali.plebania.hu\/wp-content\/uploads\/2023\/12\/25-405x270.jpg 405w\" sizes=\"auto, (max-width: 1024px) 100vw, 1024px\" \/><\/figure>\n\n\n\n<figure class=\"wp-block-image size-large\"><img loading=\"lazy\" decoding=\"async\" width=\"1024\" height=\"683\" data-id=\"5238\" src=\"https:\/\/marcali.plebania.hu\/wp-content\/uploads\/2023\/12\/16-1024x683.jpg\" alt=\"\" class=\"wp-image-5238\" srcset=\"https:\/\/marcali.plebania.hu\/wp-content\/uploads\/2023\/12\/16-1024x683.jpg 1024w, https:\/\/marcali.plebania.hu\/wp-content\/uploads\/2023\/12\/16-300x200.jpg 300w, https:\/\/marcali.plebania.hu\/wp-content\/uploads\/2023\/12\/16-768x512.jpg 768w, https:\/\/marcali.plebania.hu\/wp-content\/uploads\/2023\/12\/16-1536x1024.jpg 1536w, https:\/\/marcali.plebania.hu\/wp-content\/uploads\/2023\/12\/16-2048x1365.jpg 2048w, https:\/\/marcali.plebania.hu\/wp-content\/uploads\/2023\/12\/16-405x270.jpg 405w\" sizes=\"auto, (max-width: 1024px) 100vw, 1024px\" \/><\/figure>\n\n\n\n<figure class=\"wp-block-image size-large\"><img loading=\"lazy\" decoding=\"async\" width=\"1024\" height=\"683\" data-id=\"5242\" src=\"https:\/\/marcali.plebania.hu\/wp-content\/uploads\/2023\/12\/19-1024x683.jpg\" alt=\"\" class=\"wp-image-5242\" srcset=\"https:\/\/marcali.plebania.hu\/wp-content\/uploads\/2023\/12\/19-1024x683.jpg 1024w, https:\/\/marcali.plebania.hu\/wp-content\/uploads\/2023\/12\/19-300x200.jpg 300w, https:\/\/marcali.plebania.hu\/wp-content\/uploads\/2023\/12\/19-768x512.jpg 768w, https:\/\/marcali.plebania.hu\/wp-content\/uploads\/2023\/12\/19-1536x1024.jpg 1536w, https:\/\/marcali.plebania.hu\/wp-content\/uploads\/2023\/12\/19-2048x1365.jpg 2048w, https:\/\/marcali.plebania.hu\/wp-content\/uploads\/2023\/12\/19-405x270.jpg 405w\" sizes=\"auto, (max-width: 1024px) 100vw, 1024px\" \/><\/figure>\n<\/figure>\n\n\n\n<p>Az esti 17 \u00f3r\u00e1s \u00f3vod\u00e1s m\u0171sor, gyertyagy\u00fajt\u00e1s \u00e9s szentmise el\u0151tt Ferenc atya meg\u00e1ldotta az elk\u00e9sz\u00fclt \u00e1dventi koszor\u00fakat. Tov\u00e1bb\u00e1 a vas\u00e1rnapi 9 \u00f3r\u00e1s istentisztelet el\u0151tt szint\u00e9n lehet\u0151s\u00e9g lesz m\u00e9g az elmaradtak meg\u00e1ld\u00e1s\u00e1ra, melyre a h\u00edvek is elhozhatj\u00e1k otthonaikb\u00f3l a koszor\u00faikat.<\/p>\n\n\n\n<figure class=\"wp-block-gallery has-nested-images columns-default is-cropped wp-block-gallery-4 is-layout-flex wp-block-gallery-is-layout-flex\">\n<figure class=\"wp-block-image size-large\"><img loading=\"lazy\" decoding=\"async\" width=\"1024\" height=\"683\" data-id=\"5246\" src=\"https:\/\/marcali.plebania.hu\/wp-content\/uploads\/2023\/12\/26-1024x683.jpg\" alt=\"\" class=\"wp-image-5246\" srcset=\"https:\/\/marcali.plebania.hu\/wp-content\/uploads\/2023\/12\/26-1024x683.jpg 1024w, https:\/\/marcali.plebania.hu\/wp-content\/uploads\/2023\/12\/26-300x200.jpg 300w, https:\/\/marcali.plebania.hu\/wp-content\/uploads\/2023\/12\/26-768x512.jpg 768w, https:\/\/marcali.plebania.hu\/wp-content\/uploads\/2023\/12\/26-1536x1024.jpg 1536w, https:\/\/marcali.plebania.hu\/wp-content\/uploads\/2023\/12\/26-2048x1365.jpg 2048w, https:\/\/marcali.plebania.hu\/wp-content\/uploads\/2023\/12\/26-405x270.jpg 405w\" sizes=\"auto, (max-width: 1024px) 100vw, 1024px\" \/><\/figure>\n\n\n\n<figure class=\"wp-block-image size-large\"><img loading=\"lazy\" decoding=\"async\" width=\"1024\" height=\"683\" data-id=\"5248\" src=\"https:\/\/marcali.plebania.hu\/wp-content\/uploads\/2023\/12\/22-1024x683.jpg\" alt=\"\" class=\"wp-image-5248\" srcset=\"https:\/\/marcali.plebania.hu\/wp-content\/uploads\/2023\/12\/22-1024x683.jpg 1024w, https:\/\/marcali.plebania.hu\/wp-content\/uploads\/2023\/12\/22-300x200.jpg 300w, https:\/\/marcali.plebania.hu\/wp-content\/uploads\/2023\/12\/22-768x512.jpg 768w, https:\/\/marcali.plebania.hu\/wp-content\/uploads\/2023\/12\/22-1536x1024.jpg 1536w, https:\/\/marcali.plebania.hu\/wp-content\/uploads\/2023\/12\/22-2048x1365.jpg 2048w, https:\/\/marcali.plebania.hu\/wp-content\/uploads\/2023\/12\/22-405x270.jpg 405w\" sizes=\"auto, (max-width: 1024px) 100vw, 1024px\" \/><\/figure>\n\n\n\n<figure class=\"wp-block-image size-large\"><img loading=\"lazy\" decoding=\"async\" width=\"1024\" height=\"683\" data-id=\"5243\" src=\"https:\/\/marcali.plebania.hu\/wp-content\/uploads\/2023\/12\/27-1024x683.jpg\" alt=\"\" class=\"wp-image-5243\" srcset=\"https:\/\/marcali.plebania.hu\/wp-content\/uploads\/2023\/12\/27-1024x683.jpg 1024w, https:\/\/marcali.plebania.hu\/wp-content\/uploads\/2023\/12\/27-300x200.jpg 300w, https:\/\/marcali.plebania.hu\/wp-content\/uploads\/2023\/12\/27-768x512.jpg 768w, https:\/\/marcali.plebania.hu\/wp-content\/uploads\/2023\/12\/27-1536x1024.jpg 1536w, https:\/\/marcali.plebania.hu\/wp-content\/uploads\/2023\/12\/27-2048x1365.jpg 2048w, https:\/\/marcali.plebania.hu\/wp-content\/uploads\/2023\/12\/27-405x270.jpg 405w\" sizes=\"auto, (max-width: 1024px) 100vw, 1024px\" \/><\/figure>\n\n\n\n<figure class=\"wp-block-image size-large\"><img loading=\"lazy\" decoding=\"async\" width=\"1024\" height=\"683\" data-id=\"5247\" src=\"https:\/\/marcali.plebania.hu\/wp-content\/uploads\/2023\/12\/23-1024x683.jpg\" alt=\"\" class=\"wp-image-5247\" srcset=\"https:\/\/marcali.plebania.hu\/wp-content\/uploads\/2023\/12\/23-1024x683.jpg 1024w, https:\/\/marcali.plebania.hu\/wp-content\/uploads\/2023\/12\/23-300x200.jpg 300w, https:\/\/marcali.plebania.hu\/wp-content\/uploads\/2023\/12\/23-768x512.jpg 768w, https:\/\/marcali.plebania.hu\/wp-content\/uploads\/2023\/12\/23-1536x1024.jpg 1536w, https:\/\/marcali.plebania.hu\/wp-content\/uploads\/2023\/12\/23-2048x1365.jpg 2048w, https:\/\/marcali.plebania.hu\/wp-content\/uploads\/2023\/12\/23-405x270.jpg 405w\" sizes=\"auto, (max-width: 1024px) 100vw, 1024px\" \/><\/figure>\n<\/figure>\n","protected":false},"excerpt":{"rendered":"<p>2023. december 2-\u00e1n, szombaton, d\u00e9lut\u00e1n 14.30 \u00f3r\u00e1t\u00f3l az X-h\u00e1z (D\u00f3zsa u. 3.) nagyterm\u00e9be \u00e1dventi koszor\u00fak\u00e9sz\u00edt\u00e9sre h\u00edvt\u00e1k a hittanos di\u00e1kokat a kar\u00e1csonyra val\u00f3 el\u0151k\u00e9sz\u00fclet r\u00e9szek\u00e9nt. A megjelent gyermekeket Tomanek Ferenc \u00c1ron pl\u00e9b\u00e1nos k\u00f6sz\u00f6nt\u00f6tte, majd pedig dr. Gyulain\u00e9 Domj\u00e1n Zsuzsanna, Bojtorn\u00e9 Kir\u00e1ly M\u00e1rta \u00e9s Pozsonyin\u00e9 Kiss M\u00e1ria hitoktat\u00f3n\u0151k vezet\u00e9s\u00e9vel kezd\u0151d\u00f6tt az asztali koszor\u00fak k\u00e9sz\u00edt\u00e9se a csal\u00e1dtagok \u00e9s az iskol\u00e1k r\u00e9sz\u00e9re. Az ehhez sz\u00fcks\u00e9ges alapanyagokat a Kaposv\u00e1ri Egyh\u00e1zmegyei Karit\u00e1sz t\u00e1mogat\u00e1s\u00e1val, valamint a Marcali R\u00f3mai Katolikus Egyh\u00e1zk\u00f6zs\u00e9g k\u00f6zrem\u0171k\u00f6d\u00e9s\u00e9vel siker\u00fclt beszerezni. A j\u00f3 k\u00e9z\u00fcgyess\u00e9get ig\u00e9nyl\u0151&#8230;<\/p>\n<p class=\"read-more\"><a class=\"btn btn-default\" href=\"https:\/\/marcali.plebania.hu\/?p=5227\"> Read More<span class=\"screen-reader-text\">  Read More<\/span><\/a><\/p>\n","protected":false},"author":2,"featured_media":0,"comment_status":"closed","ping_status":"open","sticky":false,"template":"","format":"standard","meta":{"footnotes":""},"categories":[1],"tags":[],"class_list":["post-5227","post","type-post","status-publish","format-standard","hentry","category-egyeb"],"_links":{"self":[{"href":"https:\/\/marcali.plebania.hu\/index.php?rest_route=\/wp\/v2\/posts\/5227","targetHints":{"allow":["GET"]}}],"collection":[{"href":"https:\/\/marcali.plebania.hu\/index.php?rest_route=\/wp\/v2\/posts"}],"about":[{"href":"https:\/\/marcali.plebania.hu\/index.php?rest_route=\/wp\/v2\/types\/post"}],"author":[{"embeddable":true,"href":"https:\/\/marcali.plebania.hu\/index.php?rest_route=\/wp\/v2\/users\/2"}],"replies":[{"embeddable":true,"href":"https:\/\/marcali.plebania.hu\/index.php?rest_route=%2Fwp%2Fv2%2Fcomments&post=5227"}],"version-history":[{"count":1,"href":"https:\/\/marcali.plebania.hu\/index.php?rest_route=\/wp\/v2\/posts\/5227\/revisions"}],"predecessor-version":[{"id":5249,"href":"https:\/\/marcali.plebania.hu\/index.php?rest_route=\/wp\/v2\/posts\/5227\/revisions\/5249"}],"wp:attachment":[{"href":"https:\/\/marcali.plebania.hu\/index.php?rest_route=%2Fwp%2Fv2%2Fmedia&parent=5227"}],"wp:term":[{"taxonomy":"category","embeddable":true,"href":"https:\/\/marcali.plebania.hu\/index.php?rest_route=%2Fwp%2Fv2%2Fcategories&post=5227"},{"taxonomy":"post_tag","embeddable":true,"href":"https:\/\/marcali.plebania.hu\/index.php?rest_route=%2Fwp%2Fv2%2Ftags&post=5227"}],"curies":[{"name":"wp","href":"https:\/\/api.w.org\/{rel}","templated":true}]}}