{"id":524,"date":"2018-12-21T08:43:31","date_gmt":"2018-12-21T08:43:31","guid":{"rendered":"https:\/\/marcali.plebania.hu\/?p=524"},"modified":"2018-12-21T08:43:31","modified_gmt":"2018-12-21T08:43:31","slug":"hirdetesek-2018-12-23","status":"publish","type":"post","link":"https:\/\/marcali.plebania.hu\/?p=524","title":{"rendered":"Hirdet\u00e9sek, 2018. 12. 23."},"content":{"rendered":"<ol>\n<li>Ma van \u00e1dvent 4. vas\u00e1rnapja.<\/li>\n<li>H\u00e9tf\u0151n, Szenteste 10 \u00f3rakor a B. Gizella templomban p\u00e1sztorj\u00e1t\u00e9k kezd\u0151dik, majd \u00e9jjeli szentmise. \u00c9jjel f\u00e9l 12-kor a pl\u00e9b\u00e1niatemplomban p\u00e1sztorj\u00e1t\u00e9k kezd\u0151d\u00f6k, majd \u00e9jf\u00e9li szentmise.<\/li>\n<li>Kar\u00e1csony napj\u00e1n vas\u00e1rnapi miserend.<\/li>\n<li>Kar\u00e1csony m\u00e1snapj\u00e1n 9 \u00f3rakor a pl\u00e9b\u00e1niatemplomban szentmise, kar\u00e1csonyi borszentel\u00e9ssel, majd a szentmise ut\u00e1n forralt bork\u00f3stol\u00e1s a templom el\u0151tti t\u00e9ren. Kar\u00e1csony m\u00e1snapj\u00e1n m\u00e9g Biz\u00e9n 11 \u00f3rakor szentmise.<\/li>\n<li>Megjelent a Marcali katolikus \u00dajs\u00e1g Kar\u00e1csonyi sz\u00e1ma. A lap f\u0171z\u00e9se elmaradt.<\/li>\n<li>K\u00f6sz\u00f6net mindazoknak, akik a kar\u00e1csonyi k\u00e9sz\u00fcletekben k\u00f6zrem\u0171k\u00f6dtek: szabadt\u00e9ri betlehem \u00e9s a templomi kar\u00e1csonyf\u00e1k fel\u00e1ll\u00edt\u00e1s\u00e1ban seg\u00e9dkeztek. K\u00f6sz\u00f6net azoknak is, akik az elm\u00falt h\u00e9ten Karit\u00e1sz aktivistak\u00e9nt az id\u0151sek otthonaiban kedveskedtek a gondozottaknak, k\u00fcl\u00f6n k\u00f6sz\u00f6net a k\u00f3rh\u00e1z kar\u00e1csonyban k\u00f6zrem\u0171k\u00f6d\u0151knek: a gyermekeknek \u00e9s a hitoktat\u00f3juknak.<\/li>\n<li>Szabadt\u00e9ri betlehem\u00fcnk janu\u00e1r 2-ig \u00e9jjel-nappal l\u00e1togathat\u00f3. \u0150rz\u00e9s\u00e9t a Marcali V\u00e1rosi \u00d6nkorm\u00e1nyzat biztos\u00edtja.<\/li>\n<li>Napt\u00e1r, Sz\u00edvem els\u0151 gondolata c\u00edm\u0171 k\u00f6nyv m\u00e9g kaphat\u00f3 a sekresty\u00e9ben.<\/li>\n<\/ol>\n","protected":false},"excerpt":{"rendered":"<p>Ma van \u00e1dvent 4. vas\u00e1rnapja. H\u00e9tf\u0151n, Szenteste 10 \u00f3rakor a B. Gizella templomban p\u00e1sztorj\u00e1t\u00e9k kezd\u0151dik, majd \u00e9jjeli szentmise. \u00c9jjel f\u00e9l 12-kor a pl\u00e9b\u00e1niatemplomban p\u00e1sztorj\u00e1t\u00e9k kezd\u0151d\u00f6k, majd \u00e9jf\u00e9li szentmise. Kar\u00e1csony napj\u00e1n vas\u00e1rnapi miserend. Kar\u00e1csony m\u00e1snapj\u00e1n 9 \u00f3rakor a pl\u00e9b\u00e1niatemplomban szentmise, kar\u00e1csonyi borszentel\u00e9ssel, majd a szentmise ut\u00e1n forralt bork\u00f3stol\u00e1s a templom el\u0151tti t\u00e9ren. Kar\u00e1csony m\u00e1snapj\u00e1n m\u00e9g Biz\u00e9n 11 \u00f3rakor szentmise. Megjelent a Marcali katolikus \u00dajs\u00e1g Kar\u00e1csonyi sz\u00e1ma. A lap f\u0171z\u00e9se elmaradt. K\u00f6sz\u00f6net mindazoknak, akik a kar\u00e1csonyi k\u00e9sz\u00fcletekben k\u00f6zrem\u0171k\u00f6dtek: szabadt\u00e9ri betlehem \u00e9s a&#8230;<\/p>\n<p class=\"read-more\"><a class=\"btn btn-default\" href=\"https:\/\/marcali.plebania.hu\/?p=524\"> Read More<span class=\"screen-reader-text\">  Read More<\/span><\/a><\/p>\n","protected":false},"author":2,"featured_media":0,"comment_status":"closed","ping_status":"open","sticky":false,"template":"","format":"standard","meta":{"footnotes":""},"categories":[1],"tags":[],"class_list":["post-524","post","type-post","status-publish","format-standard","hentry","category-egyeb"],"_links":{"self":[{"href":"https:\/\/marcali.plebania.hu\/index.php?rest_route=\/wp\/v2\/posts\/524","targetHints":{"allow":["GET"]}}],"collection":[{"href":"https:\/\/marcali.plebania.hu\/index.php?rest_route=\/wp\/v2\/posts"}],"about":[{"href":"https:\/\/marcali.plebania.hu\/index.php?rest_route=\/wp\/v2\/types\/post"}],"author":[{"embeddable":true,"href":"https:\/\/marcali.plebania.hu\/index.php?rest_route=\/wp\/v2\/users\/2"}],"replies":[{"embeddable":true,"href":"https:\/\/marcali.plebania.hu\/index.php?rest_route=%2Fwp%2Fv2%2Fcomments&post=524"}],"version-history":[{"count":1,"href":"https:\/\/marcali.plebania.hu\/index.php?rest_route=\/wp\/v2\/posts\/524\/revisions"}],"predecessor-version":[{"id":525,"href":"https:\/\/marcali.plebania.hu\/index.php?rest_route=\/wp\/v2\/posts\/524\/revisions\/525"}],"wp:attachment":[{"href":"https:\/\/marcali.plebania.hu\/index.php?rest_route=%2Fwp%2Fv2%2Fmedia&parent=524"}],"wp:term":[{"taxonomy":"category","embeddable":true,"href":"https:\/\/marcali.plebania.hu\/index.php?rest_route=%2Fwp%2Fv2%2Fcategories&post=524"},{"taxonomy":"post_tag","embeddable":true,"href":"https:\/\/marcali.plebania.hu\/index.php?rest_route=%2Fwp%2Fv2%2Ftags&post=524"}],"curies":[{"name":"wp","href":"https:\/\/api.w.org\/{rel}","templated":true}]}}