{"id":5250,"date":"2023-12-07T15:28:45","date_gmt":"2023-12-07T15:28:45","guid":{"rendered":"https:\/\/marcali.plebania.hu\/?p=5250"},"modified":"2023-12-07T15:28:45","modified_gmt":"2023-12-07T15:28:45","slug":"meggyujtottak-a-2023-as-ev-elso-adventi-gyertyajat","status":"publish","type":"post","link":"https:\/\/marcali.plebania.hu\/?p=5250","title":{"rendered":"Meggy\u00fajtott\u00e1k a 2023-as \u00e9v els\u0151 \u00e1dventi gyerty\u00e1j\u00e1t"},"content":{"rendered":"\n<p>2023. december 2-\u00e1n, \u00e1dvent els\u0151 szombatj\u00e1n \u2013 a kor\u00e1bbi \u00e9vek hagyom\u00e1nyait folytatva \u2013 17 \u00f3rakor kezd\u0151d\u00f6tt az \u00f3vod\u00e1sok \u00fcnnepi m\u0171sora, mely ut\u00e1n a Gy\u00fcm\u00f6lcsolt\u00f3 Boldogasszony pl\u00e9b\u00e1niatemplom el\u0151tti Boldog II. J\u00e1nos P\u00e1l p\u00e1pa t\u00e9ren l\u00e9v\u0151 k\u00fclt\u00e9ri \u00e1dventi koszor\u00fan meggy\u00fajtott\u00e1k az els\u0151 gyerty\u00e1t.<\/p>\n\n\n\n<figure class=\"wp-block-gallery has-nested-images columns-default is-cropped wp-block-gallery-1 is-layout-flex wp-block-gallery-is-layout-flex\">\n<figure class=\"wp-block-image size-large\"><img loading=\"lazy\" decoding=\"async\" width=\"1024\" height=\"683\" data-id=\"5253\" src=\"https:\/\/marcali.plebania.hu\/wp-content\/uploads\/2023\/12\/01-2-1024x683.jpg\" alt=\"\" class=\"wp-image-5253\" srcset=\"https:\/\/marcali.plebania.hu\/wp-content\/uploads\/2023\/12\/01-2-1024x683.jpg 1024w, https:\/\/marcali.plebania.hu\/wp-content\/uploads\/2023\/12\/01-2-300x200.jpg 300w, https:\/\/marcali.plebania.hu\/wp-content\/uploads\/2023\/12\/01-2-768x512.jpg 768w, https:\/\/marcali.plebania.hu\/wp-content\/uploads\/2023\/12\/01-2-1536x1024.jpg 1536w, https:\/\/marcali.plebania.hu\/wp-content\/uploads\/2023\/12\/01-2-2048x1365.jpg 2048w, https:\/\/marcali.plebania.hu\/wp-content\/uploads\/2023\/12\/01-2-405x270.jpg 405w\" sizes=\"auto, (max-width: 1024px) 100vw, 1024px\" \/><\/figure>\n\n\n\n<figure class=\"wp-block-image size-large\"><img loading=\"lazy\" decoding=\"async\" width=\"1024\" height=\"683\" data-id=\"5251\" src=\"https:\/\/marcali.plebania.hu\/wp-content\/uploads\/2023\/12\/03-2-1024x683.jpg\" alt=\"\" class=\"wp-image-5251\" srcset=\"https:\/\/marcali.plebania.hu\/wp-content\/uploads\/2023\/12\/03-2-1024x683.jpg 1024w, https:\/\/marcali.plebania.hu\/wp-content\/uploads\/2023\/12\/03-2-300x200.jpg 300w, https:\/\/marcali.plebania.hu\/wp-content\/uploads\/2023\/12\/03-2-768x512.jpg 768w, https:\/\/marcali.plebania.hu\/wp-content\/uploads\/2023\/12\/03-2-1536x1024.jpg 1536w, https:\/\/marcali.plebania.hu\/wp-content\/uploads\/2023\/12\/03-2-2048x1365.jpg 2048w, https:\/\/marcali.plebania.hu\/wp-content\/uploads\/2023\/12\/03-2-405x270.jpg 405w\" sizes=\"auto, (max-width: 1024px) 100vw, 1024px\" \/><\/figure>\n\n\n\n<figure class=\"wp-block-image size-large\"><img loading=\"lazy\" decoding=\"async\" width=\"1024\" height=\"683\" data-id=\"5254\" src=\"https:\/\/marcali.plebania.hu\/wp-content\/uploads\/2023\/12\/05-1-1024x683.jpg\" alt=\"\" class=\"wp-image-5254\" srcset=\"https:\/\/marcali.plebania.hu\/wp-content\/uploads\/2023\/12\/05-1-1024x683.jpg 1024w, https:\/\/marcali.plebania.hu\/wp-content\/uploads\/2023\/12\/05-1-300x200.jpg 300w, https:\/\/marcali.plebania.hu\/wp-content\/uploads\/2023\/12\/05-1-768x512.jpg 768w, https:\/\/marcali.plebania.hu\/wp-content\/uploads\/2023\/12\/05-1-1536x1024.jpg 1536w, https:\/\/marcali.plebania.hu\/wp-content\/uploads\/2023\/12\/05-1-2048x1365.jpg 2048w, https:\/\/marcali.plebania.hu\/wp-content\/uploads\/2023\/12\/05-1-405x270.jpg 405w\" sizes=\"auto, (max-width: 1024px) 100vw, 1024px\" \/><\/figure>\n\n\n\n<figure class=\"wp-block-image size-large\"><img loading=\"lazy\" decoding=\"async\" width=\"1024\" height=\"683\" data-id=\"5252\" src=\"https:\/\/marcali.plebania.hu\/wp-content\/uploads\/2023\/12\/04-2-1024x683.jpg\" alt=\"\" class=\"wp-image-5252\" srcset=\"https:\/\/marcali.plebania.hu\/wp-content\/uploads\/2023\/12\/04-2-1024x683.jpg 1024w, https:\/\/marcali.plebania.hu\/wp-content\/uploads\/2023\/12\/04-2-300x200.jpg 300w, https:\/\/marcali.plebania.hu\/wp-content\/uploads\/2023\/12\/04-2-768x512.jpg 768w, https:\/\/marcali.plebania.hu\/wp-content\/uploads\/2023\/12\/04-2-1536x1024.jpg 1536w, https:\/\/marcali.plebania.hu\/wp-content\/uploads\/2023\/12\/04-2-2048x1365.jpg 2048w, https:\/\/marcali.plebania.hu\/wp-content\/uploads\/2023\/12\/04-2-405x270.jpg 405w\" sizes=\"auto, (max-width: 1024px) 100vw, 1024px\" \/><\/figure>\n<\/figure>\n\n\n\n<p>A kedvez\u0151tlen id\u0151j\u00e1r\u00e1s miatt a templomban tartott\u00e1k meg a rendezv\u00e9nyt, melyet Tomanek Ferenc \u00c1ron pl\u00e9b\u00e1nos nyitott meg k\u00f6sz\u00f6nt\u0151j\u00e9vel, valamint besz\u00e9lt a kar\u00e1csonyra val\u00f3 el\u0151k\u00e9sz\u00fclet jelent\u0151s\u00e9g\u00e9r\u0151l, az \u00e1dventr\u0151l. Majd a T\u00fcnd\u00e9rliget \u00d3voda Sziv\u00e1rv\u00e1ny csoportj\u00e1nak k\u00f6zrem\u0171k\u00f6d\u00e9s\u00e9vel egy kis verses-zen\u00e9s m\u0171sor k\u00f6vetkezett.<\/p>\n\n\n\n<figure class=\"wp-block-gallery has-nested-images columns-default is-cropped wp-block-gallery-2 is-layout-flex wp-block-gallery-is-layout-flex\">\n<figure class=\"wp-block-image size-large\"><img loading=\"lazy\" decoding=\"async\" width=\"1024\" height=\"683\" data-id=\"5263\" src=\"https:\/\/marcali.plebania.hu\/wp-content\/uploads\/2023\/12\/17-1024x683.jpg\" alt=\"\" class=\"wp-image-5263\" srcset=\"https:\/\/marcali.plebania.hu\/wp-content\/uploads\/2023\/12\/17-1024x683.jpg 1024w, https:\/\/marcali.plebania.hu\/wp-content\/uploads\/2023\/12\/17-300x200.jpg 300w, https:\/\/marcali.plebania.hu\/wp-content\/uploads\/2023\/12\/17-768x512.jpg 768w, https:\/\/marcali.plebania.hu\/wp-content\/uploads\/2023\/12\/17-1536x1024.jpg 1536w, https:\/\/marcali.plebania.hu\/wp-content\/uploads\/2023\/12\/17-2048x1365.jpg 2048w, https:\/\/marcali.plebania.hu\/wp-content\/uploads\/2023\/12\/17-405x270.jpg 405w\" sizes=\"auto, (max-width: 1024px) 100vw, 1024px\" \/><\/figure>\n\n\n\n<figure class=\"wp-block-image size-large\"><img loading=\"lazy\" decoding=\"async\" width=\"1024\" height=\"683\" data-id=\"5260\" src=\"https:\/\/marcali.plebania.hu\/wp-content\/uploads\/2023\/12\/20-1-1024x683.jpg\" alt=\"\" class=\"wp-image-5260\" srcset=\"https:\/\/marcali.plebania.hu\/wp-content\/uploads\/2023\/12\/20-1-1024x683.jpg 1024w, https:\/\/marcali.plebania.hu\/wp-content\/uploads\/2023\/12\/20-1-300x200.jpg 300w, https:\/\/marcali.plebania.hu\/wp-content\/uploads\/2023\/12\/20-1-768x512.jpg 768w, https:\/\/marcali.plebania.hu\/wp-content\/uploads\/2023\/12\/20-1-1536x1024.jpg 1536w, https:\/\/marcali.plebania.hu\/wp-content\/uploads\/2023\/12\/20-1-2048x1365.jpg 2048w, https:\/\/marcali.plebania.hu\/wp-content\/uploads\/2023\/12\/20-1-405x270.jpg 405w\" sizes=\"auto, (max-width: 1024px) 100vw, 1024px\" \/><\/figure>\n\n\n\n<figure class=\"wp-block-image size-large\"><img loading=\"lazy\" decoding=\"async\" width=\"1024\" height=\"683\" data-id=\"5259\" src=\"https:\/\/marcali.plebania.hu\/wp-content\/uploads\/2023\/12\/21-1-1024x683.jpg\" alt=\"\" class=\"wp-image-5259\" srcset=\"https:\/\/marcali.plebania.hu\/wp-content\/uploads\/2023\/12\/21-1-1024x683.jpg 1024w, https:\/\/marcali.plebania.hu\/wp-content\/uploads\/2023\/12\/21-1-300x200.jpg 300w, https:\/\/marcali.plebania.hu\/wp-content\/uploads\/2023\/12\/21-1-768x512.jpg 768w, https:\/\/marcali.plebania.hu\/wp-content\/uploads\/2023\/12\/21-1-1536x1024.jpg 1536w, https:\/\/marcali.plebania.hu\/wp-content\/uploads\/2023\/12\/21-1-2048x1365.jpg 2048w, https:\/\/marcali.plebania.hu\/wp-content\/uploads\/2023\/12\/21-1-405x270.jpg 405w\" sizes=\"auto, (max-width: 1024px) 100vw, 1024px\" \/><\/figure>\n\n\n\n<figure class=\"wp-block-image size-large\"><img loading=\"lazy\" decoding=\"async\" width=\"1024\" height=\"683\" data-id=\"5262\" src=\"https:\/\/marcali.plebania.hu\/wp-content\/uploads\/2023\/12\/22-1-1024x683.jpg\" alt=\"\" class=\"wp-image-5262\" srcset=\"https:\/\/marcali.plebania.hu\/wp-content\/uploads\/2023\/12\/22-1-1024x683.jpg 1024w, https:\/\/marcali.plebania.hu\/wp-content\/uploads\/2023\/12\/22-1-300x200.jpg 300w, https:\/\/marcali.plebania.hu\/wp-content\/uploads\/2023\/12\/22-1-768x512.jpg 768w, https:\/\/marcali.plebania.hu\/wp-content\/uploads\/2023\/12\/22-1-1536x1024.jpg 1536w, https:\/\/marcali.plebania.hu\/wp-content\/uploads\/2023\/12\/22-1-2048x1365.jpg 2048w, https:\/\/marcali.plebania.hu\/wp-content\/uploads\/2023\/12\/22-1-405x270.jpg 405w\" sizes=\"auto, (max-width: 1024px) 100vw, 1024px\" \/><\/figure>\n<\/figure>\n\n\n\n<p>Ezut\u00e1n Ferenc atya meg\u00e1ldotta a hittanosok \u00e1ltal, a d\u00e9lut\u00e1n folyam\u00e1n elk\u00e9sz\u00edtett koszor\u00fakat is. V\u00e9g\u00fcl a jelenl\u00e9v\u0151k kivonultak a templom el\u00e9, ahol dr. S\u00fct\u0151 L\u00e1szl\u00f3 Marcali v\u00e1ros polg\u00e1rmestere meggy\u00fajtotta az \u00e1dventi koszor\u00fan az els\u0151 lila sz\u00edn\u0171 gyerty\u00e1t. Az \u00fcnneps\u00e9g szentmis\u00e9vel z\u00e1rult.<\/p>\n\n\n\n<figure class=\"wp-block-gallery has-nested-images columns-default is-cropped wp-block-gallery-3 is-layout-flex wp-block-gallery-is-layout-flex\">\n<figure class=\"wp-block-image size-large\"><img loading=\"lazy\" decoding=\"async\" width=\"1024\" height=\"683\" data-id=\"5271\" src=\"https:\/\/marcali.plebania.hu\/wp-content\/uploads\/2023\/12\/26-2-1024x683.jpg\" alt=\"\" class=\"wp-image-5271\" srcset=\"https:\/\/marcali.plebania.hu\/wp-content\/uploads\/2023\/12\/26-2-1024x683.jpg 1024w, https:\/\/marcali.plebania.hu\/wp-content\/uploads\/2023\/12\/26-2-300x200.jpg 300w, https:\/\/marcali.plebania.hu\/wp-content\/uploads\/2023\/12\/26-2-768x512.jpg 768w, https:\/\/marcali.plebania.hu\/wp-content\/uploads\/2023\/12\/26-2-1536x1024.jpg 1536w, https:\/\/marcali.plebania.hu\/wp-content\/uploads\/2023\/12\/26-2-2048x1365.jpg 2048w, https:\/\/marcali.plebania.hu\/wp-content\/uploads\/2023\/12\/26-2-405x270.jpg 405w\" sizes=\"auto, (max-width: 1024px) 100vw, 1024px\" \/><\/figure>\n\n\n\n<figure class=\"wp-block-image size-large\"><img loading=\"lazy\" decoding=\"async\" width=\"1024\" height=\"683\" data-id=\"5272\" src=\"https:\/\/marcali.plebania.hu\/wp-content\/uploads\/2023\/12\/27-2-1024x683.jpg\" alt=\"\" class=\"wp-image-5272\" srcset=\"https:\/\/marcali.plebania.hu\/wp-content\/uploads\/2023\/12\/27-2-1024x683.jpg 1024w, https:\/\/marcali.plebania.hu\/wp-content\/uploads\/2023\/12\/27-2-300x200.jpg 300w, https:\/\/marcali.plebania.hu\/wp-content\/uploads\/2023\/12\/27-2-768x512.jpg 768w, https:\/\/marcali.plebania.hu\/wp-content\/uploads\/2023\/12\/27-2-1536x1024.jpg 1536w, https:\/\/marcali.plebania.hu\/wp-content\/uploads\/2023\/12\/27-2-2048x1365.jpg 2048w, https:\/\/marcali.plebania.hu\/wp-content\/uploads\/2023\/12\/27-2-405x270.jpg 405w\" sizes=\"auto, (max-width: 1024px) 100vw, 1024px\" \/><\/figure>\n\n\n\n<figure class=\"wp-block-image size-large\"><img loading=\"lazy\" decoding=\"async\" width=\"1024\" height=\"683\" data-id=\"5275\" src=\"https:\/\/marcali.plebania.hu\/wp-content\/uploads\/2023\/12\/37-1024x683.jpg\" alt=\"\" class=\"wp-image-5275\" srcset=\"https:\/\/marcali.plebania.hu\/wp-content\/uploads\/2023\/12\/37-1024x683.jpg 1024w, https:\/\/marcali.plebania.hu\/wp-content\/uploads\/2023\/12\/37-300x200.jpg 300w, https:\/\/marcali.plebania.hu\/wp-content\/uploads\/2023\/12\/37-768x512.jpg 768w, https:\/\/marcali.plebania.hu\/wp-content\/uploads\/2023\/12\/37-1536x1024.jpg 1536w, https:\/\/marcali.plebania.hu\/wp-content\/uploads\/2023\/12\/37-2048x1365.jpg 2048w, https:\/\/marcali.plebania.hu\/wp-content\/uploads\/2023\/12\/37-405x270.jpg 405w\" sizes=\"auto, (max-width: 1024px) 100vw, 1024px\" \/><\/figure>\n\n\n\n<figure class=\"wp-block-image size-large\"><img loading=\"lazy\" decoding=\"async\" width=\"1024\" height=\"683\" data-id=\"5269\" src=\"https:\/\/marcali.plebania.hu\/wp-content\/uploads\/2023\/12\/29-1-1024x683.jpg\" alt=\"\" class=\"wp-image-5269\" srcset=\"https:\/\/marcali.plebania.hu\/wp-content\/uploads\/2023\/12\/29-1-1024x683.jpg 1024w, https:\/\/marcali.plebania.hu\/wp-content\/uploads\/2023\/12\/29-1-300x200.jpg 300w, https:\/\/marcali.plebania.hu\/wp-content\/uploads\/2023\/12\/29-1-768x512.jpg 768w, https:\/\/marcali.plebania.hu\/wp-content\/uploads\/2023\/12\/29-1-1536x1024.jpg 1536w, https:\/\/marcali.plebania.hu\/wp-content\/uploads\/2023\/12\/29-1-2048x1365.jpg 2048w, https:\/\/marcali.plebania.hu\/wp-content\/uploads\/2023\/12\/29-1-405x270.jpg 405w\" sizes=\"auto, (max-width: 1024px) 100vw, 1024px\" \/><\/figure>\n<\/figure>\n\n\n\n<p>A k\u00f6vetkez\u0151 gyertyagy\u00fajt\u00e1s egy h\u00e9t m\u00falva ugyanitt, ugyanebben az id\u0151ben lesz a Berzsenyi D\u00e1niel Gimn\u00e1zium tanul\u00f3inak m\u0171sor\u00e1val.<\/p>\n\n\n\n<figure class=\"wp-block-gallery has-nested-images columns-default is-cropped wp-block-gallery-4 is-layout-flex wp-block-gallery-is-layout-flex\">\n<figure class=\"wp-block-image size-large\"><img loading=\"lazy\" decoding=\"async\" width=\"1024\" height=\"683\" data-id=\"5276\" src=\"https:\/\/marcali.plebania.hu\/wp-content\/uploads\/2023\/12\/38-1-1024x683.jpg\" alt=\"\" class=\"wp-image-5276\" srcset=\"https:\/\/marcali.plebania.hu\/wp-content\/uploads\/2023\/12\/38-1-1024x683.jpg 1024w, https:\/\/marcali.plebania.hu\/wp-content\/uploads\/2023\/12\/38-1-300x200.jpg 300w, https:\/\/marcali.plebania.hu\/wp-content\/uploads\/2023\/12\/38-1-768x512.jpg 768w, https:\/\/marcali.plebania.hu\/wp-content\/uploads\/2023\/12\/38-1-1536x1024.jpg 1536w, https:\/\/marcali.plebania.hu\/wp-content\/uploads\/2023\/12\/38-1-2048x1365.jpg 2048w, https:\/\/marcali.plebania.hu\/wp-content\/uploads\/2023\/12\/38-1-405x270.jpg 405w\" sizes=\"auto, (max-width: 1024px) 100vw, 1024px\" \/><\/figure>\n<\/figure>\n","protected":false},"excerpt":{"rendered":"<p>2023. december 2-\u00e1n, \u00e1dvent els\u0151 szombatj\u00e1n \u2013 a kor\u00e1bbi \u00e9vek hagyom\u00e1nyait folytatva \u2013 17 \u00f3rakor kezd\u0151d\u00f6tt az \u00f3vod\u00e1sok \u00fcnnepi m\u0171sora, mely ut\u00e1n a Gy\u00fcm\u00f6lcsolt\u00f3 Boldogasszony pl\u00e9b\u00e1niatemplom el\u0151tti Boldog II. J\u00e1nos P\u00e1l p\u00e1pa t\u00e9ren l\u00e9v\u0151 k\u00fclt\u00e9ri \u00e1dventi koszor\u00fan meggy\u00fajtott\u00e1k az els\u0151 gyerty\u00e1t. A kedvez\u0151tlen id\u0151j\u00e1r\u00e1s miatt a templomban tartott\u00e1k meg a rendezv\u00e9nyt, melyet Tomanek Ferenc \u00c1ron pl\u00e9b\u00e1nos nyitott meg k\u00f6sz\u00f6nt\u0151j\u00e9vel, valamint besz\u00e9lt a kar\u00e1csonyra val\u00f3 el\u0151k\u00e9sz\u00fclet jelent\u0151s\u00e9g\u00e9r\u0151l, az \u00e1dventr\u0151l. Majd a T\u00fcnd\u00e9rliget \u00d3voda Sziv\u00e1rv\u00e1ny csoportj\u00e1nak k\u00f6zrem\u0171k\u00f6d\u00e9s\u00e9vel egy kis verses-zen\u00e9s m\u0171sor k\u00f6vetkezett&#8230;.<\/p>\n<p class=\"read-more\"><a class=\"btn btn-default\" href=\"https:\/\/marcali.plebania.hu\/?p=5250\"> Read More<span class=\"screen-reader-text\">  Read More<\/span><\/a><\/p>\n","protected":false},"author":2,"featured_media":0,"comment_status":"closed","ping_status":"open","sticky":false,"template":"","format":"standard","meta":{"footnotes":""},"categories":[1],"tags":[],"class_list":["post-5250","post","type-post","status-publish","format-standard","hentry","category-egyeb"],"_links":{"self":[{"href":"https:\/\/marcali.plebania.hu\/index.php?rest_route=\/wp\/v2\/posts\/5250","targetHints":{"allow":["GET"]}}],"collection":[{"href":"https:\/\/marcali.plebania.hu\/index.php?rest_route=\/wp\/v2\/posts"}],"about":[{"href":"https:\/\/marcali.plebania.hu\/index.php?rest_route=\/wp\/v2\/types\/post"}],"author":[{"embeddable":true,"href":"https:\/\/marcali.plebania.hu\/index.php?rest_route=\/wp\/v2\/users\/2"}],"replies":[{"embeddable":true,"href":"https:\/\/marcali.plebania.hu\/index.php?rest_route=%2Fwp%2Fv2%2Fcomments&post=5250"}],"version-history":[{"count":1,"href":"https:\/\/marcali.plebania.hu\/index.php?rest_route=\/wp\/v2\/posts\/5250\/revisions"}],"predecessor-version":[{"id":5277,"href":"https:\/\/marcali.plebania.hu\/index.php?rest_route=\/wp\/v2\/posts\/5250\/revisions\/5277"}],"wp:attachment":[{"href":"https:\/\/marcali.plebania.hu\/index.php?rest_route=%2Fwp%2Fv2%2Fmedia&parent=5250"}],"wp:term":[{"taxonomy":"category","embeddable":true,"href":"https:\/\/marcali.plebania.hu\/index.php?rest_route=%2Fwp%2Fv2%2Fcategories&post=5250"},{"taxonomy":"post_tag","embeddable":true,"href":"https:\/\/marcali.plebania.hu\/index.php?rest_route=%2Fwp%2Fv2%2Ftags&post=5250"}],"curies":[{"name":"wp","href":"https:\/\/api.w.org\/{rel}","templated":true}]}}